{"id":30456,"date":"2011-04-12T16:18:09","date_gmt":"2011-04-12T13:18:09","guid":{"rendered":"http:\/\/www.korhanyilmaz.com\/?p=30456"},"modified":"2011-04-12T16:18:09","modified_gmt":"2011-04-12T13:18:09","slug":"basbakanin-vefasi-aday-yapti","status":"publish","type":"post","link":"http:\/\/www.korhanyilmaz.com\/?p=30456","title":{"rendered":"Ba\u015fbakan&#8217;\u0131n vefas\u0131 aday yapt\u0131"},"content":{"rendered":"<p style=\"text-align: justify;\"><a href=\"http:\/\/www.korhanyilmaz.com\/wp-content\/uploads\/2011\/04\/002.jpg\"  class=\"lightview\"><img loading=\"lazy\" decoding=\"async\" class=\"aligncenter size-full wp-image-30458\" src=\"http:\/\/www.korhanyilmaz.com\/wp-content\/uploads\/2011\/04\/002.jpg\" alt=\"\" width=\"414\" height=\"220\" \/><\/a><\/p>\n<p style=\"text-align: justify;\">Ba\u015fbakan Recep Tayyip Erdo\u011fan, Fatih \u0130mam Hatip Lisesi\u2019nden s\u0131n\u0131f arkada\u015f\u0131 olan ve k\u0131z\u0131 S\u00fcmeyye Erdo\u011fan\u2019\u0131n ba\u015f\u00f6rt\u00fcs\u00fcyle okulu bitirmesini sa\u011flayan Dan\u0131\u015fman\u0131 Hasan Karabela\u2019n\u0131n o\u011flu Dr. Yunus Karabela\u2019y\u0131 Trabzon\u2019dan milletvekili aday\u0131 yapt\u0131.<!--more--><\/p>\n<div id=\"attachment_30459\" style=\"width: 148px\" class=\"wp-caption alignleft\"><a title=\"Yunus Karabela\" href=\"http:\/\/www.korhanyilmaz.com\/wp-content\/uploads\/2011\/04\/003.jpg\"  class=\"lightview\"><img loading=\"lazy\" decoding=\"async\" aria-describedby=\"caption-attachment-30459\" class=\"size-full wp-image-30459\" style=\"margin-left: 10px; margin-right: 10px;\" src=\"http:\/\/www.korhanyilmaz.com\/wp-content\/uploads\/2011\/04\/003.jpg\" alt=\"\" width=\"138\" height=\"158\" \/><\/a><p id=\"caption-attachment-30459\" class=\"wp-caption-text\">Yunus Karabela<\/p><\/div>\n<p style=\"text-align: justify;\">Ba\u015fbakan Recep Tayyip Erdo\u011fan\u2019\u0131n Fatih \u0130mam Hatip Lisesi\u2019nden s\u0131n\u0131f arkada\u015f\u0131 olan Hasan Karabela, \u0130lahiyat Fak\u00fcltesi\u2019nin ard\u0131ndan Bayburt\u2019ta \u00f6\u011fretmenli\u011fe ba\u015flad\u0131 ve 1981\u2019de Trabzon\u2019un Arakl\u0131 \u0130l\u00e7esi \u0130mam Hatip Lisesi M\u00fcd\u00fcrl\u00fc\u011f\u00fc g\u00f6revine getirildi. Lise arkada\u015f\u0131 Recep Tayyip Erdo\u011fan\u2019la dostluklar\u0131 s\u00fcren Hasan Karabela, 28 \u015eubat s\u00fcrecinde Ba\u015fbakan\u2019a unutamayaca\u011f\u0131 bir yard\u0131mda bulundu. Ba\u015fbakan Erdo\u011fan, 28 \u015eubat s\u00fcrecinde \u0130mam Hatip\u2019lerdeki ba\u015f\u00f6rt\u00fcs\u00fc sorunu art\u0131nca okulu b\u0131rakmas\u0131 g\u00fcndeme gelen k\u0131z\u0131 S\u00fcmeyye\u2019yi, Arakl\u0131 \u0130mam Hatip Lisesi M\u00fcd\u00fcr\u00fc eski dostu Hasan Karabela\u2019ya emanet etti. S\u00fcmeyye Erdo\u011fan, g\u00f6zlerden uzak \u015fekilde Arakl\u0131\u2019da e\u011fitimini tamamlad\u0131.<\/p>\n<p style=\"text-align: justify;\">Ba\u015fbakan Erdo\u011fan\u2019la dostluklar\u0131 bu sayede peki\u015fen Hasan Karabela, 30 y\u0131l Arakl\u0131\u2019da s\u00fcrd\u00fcrd\u00fc\u011f\u00fc m\u00fcd\u00fcrl\u00fck g\u00f6revinin ard\u0131ndan 2010 \u2013 2011 e\u011fitim d\u00f6nemi ba\u015f\u0131nda Trabzon \u0130mam Hatip Lisesi M\u00fcd\u00fcrl\u00fc\u011f\u00fc\u2019ne atand\u0131. Ancak atand\u0131\u011f\u0131 okulun m\u00fcd\u00fcr\u00fc mahkemeye gidince g\u00f6revine ba\u015flayamad\u0131. Bu s\u00fcre\u00e7te Ba\u015fbakan Erdo\u011fan, eski dostunu unutmad\u0131, onu Ba\u015fbakanl\u0131k Dan\u0131\u015fmanl\u0131\u011f\u0131\u2019na atad\u0131.<\/p>\n<div id=\"attachment_30460\" style=\"width: 134px\" class=\"wp-caption alignleft\"><a title=\"Hasan Karabela\" href=\"http:\/\/www.korhanyilmaz.com\/wp-content\/uploads\/2011\/04\/004.jpg\"  class=\"lightview\"><img loading=\"lazy\" decoding=\"async\" aria-describedby=\"caption-attachment-30460\" class=\"size-full wp-image-30460\" style=\"margin-left: 10px; margin-right: 10px;\" src=\"http:\/\/www.korhanyilmaz.com\/wp-content\/uploads\/2011\/04\/004.jpg\" alt=\"\" width=\"124\" height=\"164\" \/><\/a><p id=\"caption-attachment-30460\" class=\"wp-caption-text\">Hasan Karabela<\/p><\/div>\n<p style=\"text-align: justify;\">Bununla da yetinmeyen Ba\u015fbakan Erdo\u011fan, Hasan Karabela&#8217;n\u0131n, \u0130stanbul\u2019da \u00f6zel bir hastanede G\u00f6z Hastal\u0131klar\u0131 Uzman\u0131 olarak \u00e7al\u0131\u015fan ve Gen\u00e7 Arakl\u0131 Derne\u011fi\u2019nin ba\u015fkanl\u0131\u011f\u0131n\u0131 da yapan o\u011flu Opr.Dr. Yunus Karabela&#8217;ya da bir iyilik yaparak vefas\u0131n\u0131 s\u00fcrd\u00fcrd\u00fc. 12 Haziran se\u00e7imleri \u00f6ncesi \u0130stanbul 2&#8217;nci B\u00f6lge&#8217;den milletvekili aday adayl\u0131\u011f\u0131 ba\u015fvurusu yapan Yunus Karabela, Ba\u015fbakan Erdo\u011fan&#8217;\u0131n talimat\u0131yla memleketi Trabzon\u2019da 5\u2019inci s\u0131radan aday g\u00f6sterildi.<\/p>\n<p style=\"text-align: justify;\"><a href=\"http:\/\/www.gazeteport.com.tr\/SIYASET\/NEWS\/GP_886056\" target=\"_blank\">Kaynak : GAZETEPORT<\/a><\/p>\n","protected":false},"excerpt":{"rendered":"<p style=\"text-align: justify;\">\n<p style=\"text-align: justify;\">Ba\u015fbakan Recep Tayyip Erdo\u011fan, Fatih \u0130mam Hatip Lisesi\u2019nden s\u0131n\u0131f arkada\u015f\u0131 olan ve k\u0131z\u0131 S\u00fcmeyye Erdo\u011fan\u2019\u0131n ba\u015f\u00f6rt\u00fcs\u00fcyle okulu bitirmesini sa\u011flayan Dan\u0131\u015fman\u0131 Hasan Karabela\u2019n\u0131n o\u011flu Dr. Yunus Karabela\u2019y\u0131 Trabzon\u2019dan milletvekili aday\u0131 yapt\u0131.<\/p>\n","protected":false},"author":1,"featured_media":0,"comment_status":"open","ping_status":"closed","sticky":false,"template":"","format":"standard","meta":{"footnotes":""},"categories":[105],"tags":[],"class_list":["post-30456","post","type-post","status-publish","format-standard","hentry","category-gundem","odd"],"_links":{"self":[{"href":"http:\/\/www.korhanyilmaz.com\/index.php?rest_route=\/wp\/v2\/posts\/30456","targetHints":{"allow":["GET"]}}],"collection":[{"href":"http:\/\/www.korhanyilmaz.com\/index.php?rest_route=\/wp\/v2\/posts"}],"about":[{"href":"http:\/\/www.korhanyilmaz.com\/index.php?rest_route=\/wp\/v2\/types\/post"}],"author":[{"embeddable":true,"href":"http:\/\/www.korhanyilmaz.com\/index.php?rest_route=\/wp\/v2\/users\/1"}],"replies":[{"embeddable":true,"href":"http:\/\/www.korhanyilmaz.com\/index.php?rest_route=%2Fwp%2Fv2%2Fcomments&post=30456"}],"version-history":[{"count":0,"href":"http:\/\/www.korhanyilmaz.com\/index.php?rest_route=\/wp\/v2\/posts\/30456\/revisions"}],"wp:attachment":[{"href":"http:\/\/www.korhanyilmaz.com\/index.php?rest_route=%2Fwp%2Fv2%2Fmedia&parent=30456"}],"wp:term":[{"taxonomy":"category","embeddable":true,"href":"http:\/\/www.korhanyilmaz.com\/index.php?rest_route=%2Fwp%2Fv2%2Fcategories&post=30456"},{"taxonomy":"post_tag","embeddable":true,"href":"http:\/\/www.korhanyilmaz.com\/index.php?rest_route=%2Fwp%2Fv2%2Ftags&post=30456"}],"curies":[{"name":"wp","href":"https:\/\/api.w.org\/{rel}","templated":true}]}}