{"id":30453,"date":"2011-04-12T19:53:17","date_gmt":"2011-04-12T16:53:17","guid":{"rendered":"http:\/\/www.korhanyilmaz.com\/?p=30453"},"modified":"2011-04-12T19:53:17","modified_gmt":"2011-04-12T16:53:17","slug":"dokunulmazliga-kimlerin-muracaat-ettigi-ortada","status":"publish","type":"post","link":"http:\/\/www.korhanyilmaz.com\/?p=30453","title":{"rendered":"&#8220;Dokunulmazl\u0131\u011fa kimlerin m\u00fcracaat etti\u011fi ortada&#8221;"},"content":{"rendered":"<p style=\"text-align: justify;\"><a href=\"http:\/\/www.korhanyilmaz.com\/wp-content\/uploads\/2011\/04\/1021.jpg\"  class=\"lightview\"><img loading=\"lazy\" decoding=\"async\" class=\"aligncenter size-full wp-image-30454\" src=\"http:\/\/www.korhanyilmaz.com\/wp-content\/uploads\/2011\/04\/1021.jpg\" alt=\"\" width=\"414\" height=\"221\" \/><\/a><\/p>\n<p style=\"text-align: justify;\">Ba\u015fbakan Erdo\u011fan Ergenekon&#8217;dan ve KCK&#8217;dan tutklu bulunanlar\u0131n da milletvekili adayl\u0131\u011f\u0131n\u0131 se\u00e7ilmesiyle ilgili &#8220;\u2018Dokunulmazl\u0131k kald\u0131r\u0131ls\u0131n kald\u0131r\u0131ls\u0131n\u2019 bu kadar konu\u015ftular. \u015eimdi dokunulmazl\u0131k z\u0131rh\u0131na kendileri m\u00fcracaat etti&#8221; ifadelerini kulland\u0131. <!--more--><\/p>\n<p style=\"text-align: justify;\">Erdo\u011fan Merkez Bankas\u0131\u2019n\u0131n yeni ba\u015fkan\u0131n\u0131n kim olaca\u011f\u0131 konusunda haz\u0131rl\u0131klar\u0131n tamamland\u0131\u011f\u0131n\u0131, Bakanlar Kurulu\u2019nun imzalar\u0131n\u0131n tamamlanmas\u0131n\u0131n ard\u0131ndan Kararname\u2019nin \u00c7ankaya K\u00f6\u015fk\u00fc\u2019ne g\u00f6nderilece\u011fini a\u00e7\u0131klad\u0131.<\/p>\n<p style=\"text-align: justify;\">ANKARA &#8211; Ba\u015fbakan Recep Tayyip Erdo\u011fan Merkez Bankas\u0131\u2019n\u0131n yeni ba\u015fkan\u0131n\u0131n kim olaca\u011f\u0131 konusunda haz\u0131rl\u0131klar\u0131n tamamland\u0131\u011f\u0131n\u0131, Bakanlar Kurulu\u2019nun imzalar\u0131n\u0131n tamamlanmas\u0131n\u0131n ard\u0131ndan Kararname\u2019nin \u00c7ankaya K\u00f6\u015fk\u00fc\u2019ne g\u00f6nderilece\u011fini a\u00e7\u0131klad\u0131.<\/p>\n<p style=\"text-align: justify;\">Strazburg\u2019a hareketi \u00f6ncesinde Esenbo\u011fa Havaliman\u0131\u2019nda a\u00e7\u0131klama yapan Ba\u015fbakan Erdo\u011fan bas\u0131n mensuplar\u0131n\u0131n sorular\u0131n\u0131 da yan\u0131tlad\u0131. Merkez Bankas\u0131\u2019na atanacak olan ismin kim oldu\u011fu y\u00f6n\u00fcndeki bir soruyu \u201cKararnameyi K\u00f6\u015fk\u2019e g\u00f6nderdikten sonra a\u00e7\u0131klarsak herhalde daha isabetli olur ama zihinsel olarak haz\u0131r\u0131z\u201d s\u00f6zleriyle yan\u0131tlayan Erdo\u011fan, haz\u0131rl\u0131klar\u0131n tamamland\u0131\u011f\u0131n\u0131, Bakanlar Kurulu\u2019nun imzalar\u0131n\u0131n tamamlanmas\u0131n\u0131n ard\u0131ndan Kararnamenin Cumhurba\u015fkan\u0131 Abdullah G\u00fcl\u2019\u00fcn onay\u0131 i\u00e7in \u00c7ankaya K\u00f6\u015fk\u00fc\u2019ne g\u00f6nderilece\u011fini a\u00e7\u0131klad\u0131. Erdo\u011fan yeni MB Ba\u015fkan\u0131\u2019n\u0131n isminin kararname K\u00f6\u015fk\u2019e \u00e7\u0131kt\u0131ktan sonra a\u00e7\u0131klanmas\u0131n\u0131n daha iyi olaca\u011f\u0131n\u0131 da dile getirdi.<\/p>\n<p style=\"text-align: justify;\"><strong>\u201cSOKAKLARA K\u0130MLER\u0130N D\u00d6K\u00dcLD\u00dc\u011e\u00dc ORTADA\u201d<\/strong><\/p>\n<p style=\"text-align: justify;\">Erdo\u011fan YGS\u2019de ya\u015fanan \u015fifre olaylar\u0131 ile ilgili de\u011ferlendirmesinde ise \u00d6SYM Ba\u015fkan\u0131\u2019n\u0131n yapt\u0131\u011f\u0131 a\u00e7\u0131klamalardan tatmin oldu\u011funu s\u00f6yledi. Erdo\u011fan Dan\u0131\u015ftay\u2019\u0131n YGS\u2019nin iptali ba\u015fvuruna ili\u015fkin verdi\u011fi ret karar\u0131n\u0131 da hat\u0131rlatarak \u201cBu arada bir \u015fey \u00e7ok a\u00e7\u0131k net belli. Herhalde birilerinin tezgah\u0131 bozuluyor ki bu i\u015ften \u00e7ok rahats\u0131zlar. \u015eu anda \u00e7ok \u00e7ok farkl\u0131 bir uygulama ile \u00e7ok daha dinamik bir yap\u0131 ile \u00e7ok daha inan\u0131yorum ki kaliteyi niteli\u011fi artt\u0131r\u0131c\u0131 bir yap\u0131 ile b\u00f6yle bir imtihan sistemi ger\u00e7ekle\u015ftirildi. Ben kendilerine bu uygulamada ba\u015far\u0131lar dilerken t\u00fcm ba\u015far\u0131l\u0131 \u00f6\u011frencilerimizi de kutluyorum. Zaman kayb\u0131 ile ikinci imtihan\u0131 engelleme gayretleri var. Sokaklara kimlerin d\u00f6k\u00fcld\u00fc\u011f\u00fc ortadad\u0131r. Bunlar\u0131n provokatif eylemleri de hi\u00e7bir zaman bu YGS imtihan\u0131n\u0131 da bence olumsuz y\u00f6nde etkilememelidir. Burada samimi olarak kazananlara bu konuda gelece\u011fe y\u00f6nelik ba\u015far\u0131 temennilerimi iletiyorum\u201d diye konu\u015ftu.<\/p>\n<p style=\"text-align: justify;\"><strong>USTALIK D\u00d6NEM\u0130N\u0130N AKT\u00d6RLER\u0130<\/strong><\/p>\n<p style=\"text-align: justify;\">Ba\u015fbakan Erdo\u011fan bir gazetecinin mevcut vekillerin yar\u0131s\u0131na yak\u0131n\u0131n\u0131n liste d\u0131\u015f\u0131 kalmas\u0131 ve \u00f6zellikle Do\u011fu ve G\u00fcneydo\u011fu illerine etkin isimlerin kald\u0131r\u0131lmas\u0131n\u0131 hat\u0131rlatmas\u0131 \u00fczerine, \u201cBiz 22 Temmuz 2007 se\u00e7imlerinde de 150\u2019ye a\u015fk\u0131n yine b\u00f6yle bir de\u011fi\u015fikli\u011fi ger\u00e7ekle\u015ftirmi\u015ftik. Bu sadece G\u00fcneydo\u011fu Do\u011fu oray\u0131 hedefleyen bir \u015fey de\u011fil. Olaya b\u00f6yle bakarsan\u0131z orada bir yan\u0131lma olur. \u00dclkemizin genelini kapsayan bir de\u011ferlendirmedir. Bu ki\u015fisel bir yakla\u015f\u0131m tarz\u0131 de\u011fildir\u201d de\u011ferlendirmesini yapt\u0131.<\/p>\n<p style=\"text-align: justify;\">Liste d\u0131\u015f\u0131 kalan milletvekillerine \u2018hepimiz yol arkada\u015f\u0131y\u0131z\u2019 mesaj\u0131 veren Erdo\u011fan \u015f\u00f6yle devam etti:<\/p>\n<p style=\"text-align: justify;\">\u201cBu arkada\u015flar\u0131m\u0131n hi\u00e7birine bizler partimizin kimli\u011fi a\u00e7\u0131s\u0131ndan bir menfilik y\u00fckleyemeyiz. B\u00f6yle bir \u015fey asla s\u00f6z konusu de\u011fil. Hepsi bizim yol arkada\u015flar\u0131m\u0131zd\u0131r. Bundan sonra da kendilerine ile bu yolculu\u011fa devam edece\u011fiz. Kimse burada \u00fc\u00e7 d\u00f6nem kalacak diye bir \u015fey yok. Bu d\u00f6nem \u00fc\u00e7\u00fcnc\u00fc d\u00f6nem i\u00e7inde olan arkada\u015flar\u0131m\u0131z\u0131n zaten hi\u00e7bir gerek\u00e7e ortaya koymadan ba\u015fta \u015fahs\u0131m olmak \u00fczere milletvekilli\u011fine bir ara verece\u011fimiz d\u00f6nem olacak. B\u00f6yle de bir s\u00fcrecin i\u00e7erisindeyiz. Bunu da hi\u00e7bir parti yapabilmi\u015f de\u011fil. B\u00fct\u00fcn de\u011ferlendirmelerimizi yaparken yine illerinde sayg\u0131nl\u0131\u011f\u0131 olan sevilen her zaman tan\u0131nan de\u011fil; bir de oran\u0131n evlad\u0131 oldu\u011fu halde devlette g\u00f6revi olan veya farkl\u0131 yerlerde y\u0131llar\u0131n\u0131 vermi\u015f olan ama o b\u00f6lgenin insan\u0131 fakat nitelik nicelik bu t\u00fcr \u015feylerde ger\u00e7ekten liyakatiyle ehliyetiyle kaliteli vas\u0131fl\u0131 insanlar olmas\u0131na \u00e7ok \u00f6nem verdik. Kampanya ile birlikte bu arkada\u015flar\u0131m\u0131z\u0131n ne denli illerinde zaten faydal\u0131 olaca\u011f\u0131 katma de\u011fer sa\u011flayaca\u011f\u0131 bunlar\u0131n hepsi ortaya \u00e7\u0131kacakt\u0131r. \u0130n\u015fallah ustal\u0131k d\u00f6nemimizin akt\u00f6rleri olarak ben \u00e7ok \u00e7ok \u00fclkem milletim bu kadrodan istifade edecek diye d\u00fc\u015f\u00fcn\u00fcyoruz.\u201d<\/p>\n<p style=\"text-align: justify;\"><strong>TATLISES\u2019E ADAY OLMAYACA\u011eI HABER VER\u0130LD\u0130<\/strong><\/p>\n<p style=\"text-align: justify;\">Ge\u00e7ti\u011fimiz ay u\u011frad\u0131\u011f\u0131 silahl\u0131 sald\u0131r\u0131n\u0131n ard\u0131ndan halen tedavisi devam eden sanat\u00e7\u0131 \u0130brahim Tatl\u0131ses\u2019in listede yer almamas\u0131 konusunda ise Erdo\u011fan \u201cHer m\u00fcracaat eden aday olur diye bir \u015fey yok\u201d de\u011ferlendirmesini yapt\u0131. Erdo\u011fan k\u0131l\u0131 k\u0131rk yaran bir titizlikle listeleri haz\u0131rlad\u0131klar\u0131n\u0131 ifade ederken Siyasi ve Hukuki \u0130\u015flerden Sorumlu Genel Ba\u015fkan Yard\u0131mc\u0131s\u0131 Abdulkadir Aksu\u2019nun, Tatl\u0131ses\u2019in o\u011flunu arayarak bu d\u00f6nem listeye konulmayaca\u011f\u0131n\u0131 bildirdi\u011fini de s\u00f6zlerine ekledi.Kad\u0131n ve Aileden Sorumlu Devlet Bakan\u0131 Selma Aliye Kavaf\u2019\u0131n liste d\u0131\u015f\u0131 kalan tek bakan olmas\u0131 konusunda ise Erdo\u011fan \u015funlar\u0131 s\u00f6yledi:<\/p>\n<p style=\"text-align: justify;\">\u201c\u0130lla buna bir gerek\u00e7e aramak veya a\u00e7\u0131klamak \u015fart de\u011fil. Baz\u0131 gerek\u00e7eler vard\u0131r ki bunlar genel merkezin kendi de\u011ferlendirmelerinde mahfuz olan gerek\u00e7elerdir. Biz Selma Han\u0131m\u2019dan gerek Kad\u0131n kollar\u0131 ba\u015fkanl\u0131\u011f\u0131nda gerekse bakanl\u0131kta istifade etti\u011fimiz bir arkada\u015f\u0131m\u0131zd\u0131r. Bu d\u00f6nemde b\u00f6yle bir takdir gerekti. Bundan sonraki s\u00fcre\u00e7te de kendisinden \u00e7ok daha farkl\u0131 \u015fekilde istifade edece\u011fiz. \u0130nan\u0131yorum ki o da bunu anlay\u0131\u015fla kar\u015f\u0131layacakt\u0131r.\u201d<\/p>\n<p style=\"text-align: justify;\"><strong>TUTUKLU ADAYLAR<\/strong><\/p>\n<p style=\"text-align: justify;\">Ergenekon davas\u0131 san\u0131klar\u0131ndan Mehmet Haberal, Mustafa Balbay ve Engin Alan\u2019\u0131n adayl\u0131\u011f\u0131 ile BDP\u2019nin KCK\u2019l\u0131 milletvekili adaylar\u0131 konusundaki bir soruyu da yan\u0131tlayan Ba\u015fbakan Erdo\u011fan \u201cBu tabi benim de\u011ferlendirmemden \u00e7ok milletim nas\u0131l de\u011ferlendirecek ben bunu \u00e7ok merak ediyorum. \u015eu anda bu insanlar hangi davadan tutuklu ortada. Dokunulmazl\u0131k i\u00e7in bu kadar konu\u015fan CHP\u2019nin tavr\u0131 BDP\u2019nin tavr\u0131 bunlar da ortada. \u2018Dokunulmazl\u0131k kald\u0131r\u0131ls\u0131n kald\u0131r\u0131ls\u0131n\u2019 bu kadar konu\u015ftular. \u015eimdi dokunulmazl\u0131k z\u0131rh\u0131na kimlerin m\u00fcracaat etti\u011fi o da ortada. Acaba Ergenekon\u2019du Balyoz davas\u0131yd\u0131 bunlarla ilgi devam eden s\u00fcre\u00e7 i\u00e7erisinde at\u0131lan bu ad\u0131m manidard\u0131r diye d\u00fc\u015f\u00fcn\u00fcyorum. Herhalde se\u00e7im kampanyas\u0131na kat\u0131lmadan daha \u00f6nce BDP\u2019de ya\u015fanm\u0131\u015f olan \u00f6rnekler de var. Bu t\u00fcr \u00f6rnekleri \u015fu anda CHP\u2019nin ve MHP\u2019nin ya\u015f\u0131yor olmas\u0131 da ilgin\u00e7tir. Herhalde renkli bir kampanya olacak diye d\u00fc\u015f\u00fcn\u00fcyorum\u201d diye konu\u015ftu.<\/p>\n<p style=\"text-align: justify;\">Erdo\u011fan listelerin belli olmas\u0131ndan \u00f6nce Ayd\u0131n Menderes, Ramiz Ongun gibi isimlerin aday olaca\u011f\u0131 y\u00f6n\u00fcnde s\u00f6ylentilerin olmas\u0131 ama listelerde isimlerinin bulunmamas\u0131 konusunda bir gazetecinin y\u00f6neltti\u011fi soruyu ise bunu bir vazge\u00e7me olarak de\u011ferlendirilmeyece\u011fi s\u00f6zleriyle yan\u0131tlad\u0131. MHP\u2019nin eski lideri Alparslan T\u00fcrke\u015f\u2019in bir o\u011flunun AKP\u2019den di\u011ferinin MHP\u2019den aday oldu\u011funu hat\u0131rlatan Erdo\u011fan \u201cB\u00fct\u00fcn bunlar bir \u015feyi g\u00f6steriyor. Demek ki AK Parti\u2019nin kucaklay\u0131c\u0131l\u0131k anlay\u0131\u015f\u0131 \u00e7ok daha frakl\u0131. Herhangi bir \u00f6n kabul\u00fcm\u00fcz yok. Tek \u00f6n kabul\u00fcm\u00fcz var \u00e7izgimiz. \u0130lkeliyiz ilkeli devam edece\u011fiz. Bunlardan hi\u00e7bir zaman da taviz vermeye niyetimiz yok\u201d diye konu\u015ftu.<\/p>\n<p style=\"text-align: justify;\"><a href=\"http:\/\/www.gazeteport.com.tr\/SIYASET\/NEWS\/GP_886206\" target=\"_blank\">Kaynak : GAZETEPORT<\/a><\/p>\n","protected":false},"excerpt":{"rendered":"<p style=\"text-align: justify;\">\n<p style=\"text-align: justify;\">Ba\u015fbakan Erdo\u011fan Ergenekon&#8217;dan ve KCK&#8217;dan tutklu bulunanlar\u0131n da milletvekili adayl\u0131\u011f\u0131n\u0131 se\u00e7ilmesiyle ilgili &#8220;\u2018Dokunulmazl\u0131k kald\u0131r\u0131ls\u0131n kald\u0131r\u0131ls\u0131n\u2019 bu kadar konu\u015ftular. \u015eimdi dokunulmazl\u0131k z\u0131rh\u0131na kendileri m\u00fcracaat etti&#8221; ifadelerini kulland\u0131. <\/p>\n","protected":false},"author":1,"featured_media":0,"comment_status":"open","ping_status":"closed","sticky":false,"template":"","format":"standard","meta":{"footnotes":""},"categories":[105],"tags":[],"class_list":["post-30453","post","type-post","status-publish","format-standard","hentry","category-gundem","odd"],"_links":{"self":[{"href":"http:\/\/www.korhanyilmaz.com\/index.php?rest_route=\/wp\/v2\/posts\/30453","targetHints":{"allow":["GET"]}}],"collection":[{"href":"http:\/\/www.korhanyilmaz.com\/index.php?rest_route=\/wp\/v2\/posts"}],"about":[{"href":"http:\/\/www.korhanyilmaz.com\/index.php?rest_route=\/wp\/v2\/types\/post"}],"author":[{"embeddable":true,"href":"http:\/\/www.korhanyilmaz.com\/index.php?rest_route=\/wp\/v2\/users\/1"}],"replies":[{"embeddable":true,"href":"http:\/\/www.korhanyilmaz.com\/index.php?rest_route=%2Fwp%2Fv2%2Fcomments&post=30453"}],"version-history":[{"count":0,"href":"http:\/\/www.korhanyilmaz.com\/index.php?rest_route=\/wp\/v2\/posts\/30453\/revisions"}],"wp:attachment":[{"href":"http:\/\/www.korhanyilmaz.com\/index.php?rest_route=%2Fwp%2Fv2%2Fmedia&parent=30453"}],"wp:term":[{"taxonomy":"category","embeddable":true,"href":"http:\/\/www.korhanyilmaz.com\/index.php?rest_route=%2Fwp%2Fv2%2Fcategories&post=30453"},{"taxonomy":"post_tag","embeddable":true,"href":"http:\/\/www.korhanyilmaz.com\/index.php?rest_route=%2Fwp%2Fv2%2Ftags&post=30453"}],"curies":[{"name":"wp","href":"https:\/\/api.w.org\/{rel}","templated":true}]}}