{"id":30450,"date":"2011-04-12T20:06:46","date_gmt":"2011-04-12T17:06:46","guid":{"rendered":"http:\/\/www.korhanyilmaz.com\/?p=30450"},"modified":"2011-04-12T20:06:46","modified_gmt":"2011-04-12T17:06:46","slug":"kilicdaroglu-adamsan-dokunulmazligi-kaldir","status":"publish","type":"post","link":"http:\/\/www.korhanyilmaz.com\/?p=30450","title":{"rendered":"K\u0131l\u0131\u00e7daro\u011flu: Adamsan dokunulmazl\u0131\u011f\u0131 kald\u0131r"},"content":{"rendered":"<p style=\"text-align: justify;\"><a href=\"http:\/\/www.korhanyilmaz.com\/wp-content\/uploads\/2011\/04\/001.jpg\"  class=\"lightview\"><img loading=\"lazy\" decoding=\"async\" class=\"aligncenter size-full wp-image-30451\" src=\"http:\/\/www.korhanyilmaz.com\/wp-content\/uploads\/2011\/04\/001.jpg\" alt=\"\" width=\"414\" height=\"221\" \/><\/a><\/p>\n<p style=\"text-align: justify;\">CHP Genel Ba\u015fkan\u0131 Kemal K\u0131l\u00e7daro\u011flu, Mehmet Haberal ve Mustafa Balbay\u2019\u0131n CHP\u2019den milletvekili aday\u0131 olmas\u0131n\u0131 de\u011ferlendirirken yapt\u0131\u011f\u0131 \u201cCHP dokunulmazl\u0131k diyordu. \u015eimdi dokunulmazl\u0131k z\u0131rh\u0131na kimin m\u00fcracaat etti\u011fi ortada\u201d a\u00e7\u0131klamas\u0131na tepki g\u00f6stererek Ba\u015fbakan\u2019a \u201cAdam gibi adamsan s\u00f6z\u00fcnde dur, \u00e7\u0131k dokunulmazl\u0131klar\u0131 kald\u0131raca\u011f\u0131m de. Meclis\u2019i toplant\u0131ya \u00e7a\u011f\u0131rmak dahil, bu konuda ataca\u011f\u0131n\u0131z her ad\u0131m\u0131 destekleriz\u201d diye seslendi.<!--more--><\/p>\n<p style=\"text-align: justify;\">ANKARA &#8211; CHP Genel Ba\u015fkan\u0131 Kemal K\u0131l\u00e7daro\u011flu, Mehmet Haberal ve Mustafa Balbay\u2019\u0131n CHP\u2019den milletvekili aday\u0131 olmas\u0131n\u0131 de\u011ferlendirirken yapt\u0131\u011f\u0131 \u201cCHP dokunulmazl\u0131k diyordu. \u015eimdi dokunulmazl\u0131k z\u0131rh\u0131na kimin m\u00fcracaat etti\u011fi ortada\u201d a\u00e7\u0131klamas\u0131na tepki g\u00f6stererek Balbay ve Haberal\u2019\u0131n adayl\u0131k ba\u015fvurusu yapt\u0131klar\u0131 s\u0131rada dokunulmazl\u0131klar\u0131n kald\u0131r\u0131lmas\u0131 i\u00e7in m\u00fccadele edeceklerinin s\u00f6z\u00fcn\u00fc verdi\u011fini belirtti. K\u0131l\u0131\u00e7daro\u011flu, Ba\u015fbakan\u2019a \u201cAdam gibi adamsan s\u00f6z\u00fcnde dur, \u00e7\u0131k dokunulmazl\u0131klar\u0131 kald\u0131raca\u011f\u0131m de. Meclis\u2019i toplant\u0131ya \u00e7a\u011f\u0131rmak dahil, bu konuda ataca\u011f\u0131n\u0131z her ad\u0131m\u0131 destekleriz\u201d diye seslendi.<\/p>\n<p style=\"text-align: justify;\">K\u0131l\u0131\u00e7daro\u011flu, yaz\u0131l\u0131 bir a\u00e7\u0131klama yaparak Ba\u015fbakan Erdo\u011fan\u2019\u0131n Fransa\u2019ya giderken Ergenekon davas\u0131 kapsam\u0131nda tutuklu bulunan Mustafa Balbay ve Mehmet Haberal\u2019\u0131n CHP\u2019den milletvekili aday\u0131 g\u00f6sterilmesini de\u011ferlendirirken s\u00f6yledi\u011fi \u201cBu insanlar\u0131n neden tutukland\u0131\u011f\u0131 belli. CHP dokunulmazl\u0131k diyordu. \u015eimdi dokunulmazl\u0131k z\u0131rh\u0131na kimin m\u00fcracaat etti\u011fi ortada\u201d s\u00f6zlerini de\u011ferlendirdi. Balbay ve Haberal\u2019\u0131n, tutuklu olduklar\u0131 ya da dokunulmazl\u0131k z\u0131rh\u0131na ihtiya\u00e7 duyduklar\u0131 i\u00e7in de\u011fil, ki\u015fisel \u00f6zellikleri, birikim ve deneyimleri nedeniyle CHP\u2019den milletvekili aday\u0131 g\u00f6sterildiklerini ifade eden K\u0131l\u0131\u00e7daro\u011flu, \u201cTutuklulu\u011fun infaz ve i\u015fkenceye d\u00f6n\u00fc\u015ft\u00fc\u011f\u00fc ko\u015fullarda aday aday\u0131 olarak ba\u015fvuran arkada\u015flar\u0131m\u0131z hayali ihracat\u00e7\u0131 de\u011filler, ihaleye fesat kar\u0131\u015ft\u0131rmam\u0131\u015flar, kalpazanl\u0131kla su\u00e7lanmam\u0131\u015flar. \u015eu veya bu ki\u015finin veya menfaat grubunun yanda\u015f\u0131 da de\u011filler. Bunlar d\u00fc\u015f\u00fcnceleriyle, kalemleriyle, bilgi ve birikimleriyle \u00fclkemize katk\u0131 veren insanlard\u0131r. Ayr\u0131ca ba\u015fvuru yaparken cumhuriyet savc\u0131l\u0131klar\u0131ndan belgelerini alm\u0131\u015flard\u0131r. Yani milletvekili aday\u0131 olmalar\u0131n\u0131n \u00f6n\u00fcnde hi\u00e7bir engel yoktur\u201d dedi.<\/p>\n<p style=\"text-align: justify;\">Balbay ve Haberal\u2019\u0131n milletvekili aday aday\u0131 olmak i\u00e7in ba\u015fvurduklar\u0131 zaman dokunulmazl\u0131klar\u0131n kald\u0131r\u0131lmas\u0131 i\u00e7in m\u00fccadele edeceklerine s\u00f6z verdiklerini, s\u00f6zle kalmay\u0131p imza da att\u0131klar\u0131n\u0131 belirten K\u0131l\u0131\u00e7daro\u011flu, \u015f\u00f6yle devam etti:<\/p>\n<p style=\"text-align: justify;\">\u201cOnlar dokunulmazl\u0131k z\u0131rh\u0131 kazanmak i\u00e7in CHP\u2019ye ba\u015fvurmad\u0131lar. Onlar Ba\u015fbakan ve yanda\u015flar\u0131n\u0131n dokunulmazl\u0131k z\u0131rh\u0131n\u0131 par\u00e7alamak ve onlar\u0131 Y\u00fcce Divan\u2019a g\u00f6ndermek i\u00e7in milletvekili olmak istediler. Biz de onlar\u0131n bu m\u00fccadeleye kat\u0131lmalar\u0131ndan memnuniyet duyduk.\u201d<\/p>\n<p style=\"text-align: justify;\">K\u0131l\u0131\u00e7daro\u011flu, a\u00e7\u0131klamas\u0131nda Ba\u015fbakan\u2019a \u015fu \u00e7a\u011fr\u0131da bulundu:<\/p>\n<p style=\"text-align: justify;\">\u201c2002\u2019de dokunulmazl\u0131klar\u0131 kald\u0131rma s\u00f6z\u00fc vermi\u015ftin, hodri meydan. Adam gibi adamsan s\u00f6z\u00fcnde dur, \u00e7\u0131k dokunulmazl\u0131klar\u0131 kald\u0131raca\u011f\u0131m de. Meclisi toplant\u0131ya \u00e7a\u011f\u0131rmak dahil, bu konuda ataca\u011f\u0131n\u0131z her ad\u0131m\u0131 destekleriz. Yeter ki o dokunulmazl\u0131k z\u0131rh\u0131ndan kurtulmay\u0131 g\u00f6ze al, buna cesaret et. Bir kez daha hat\u0131rlat\u0131yorum, biz iktidar oldu\u011fumuzda yapaca\u011f\u0131m\u0131z ilk i\u015flerden biri bu olacakt\u0131r. Ba\u015fbakan\u2019\u0131n bu konuda ka\u00e7aca\u011f\u0131 yer kalmam\u0131\u015ft\u0131r. Milletvekili se\u00e7ilen t\u00fcm arkada\u015flar\u0131m\u0131z dokunulmazl\u0131klar\u0131 kald\u0131racaklar ve Ba\u015fbakan ile yanda\u015flar\u0131n\u0131 Y\u00fcce Divan\u2019a g\u00f6ndereceklerdir.\u201d<\/p>\n<p style=\"text-align: justify;\"><a href=\"http:\/\/www.gazeteport.com.tr\/SIYASET\/NEWS\/GP_886217\" target=\"_blank\">Kaynak : GAZETEPORT<\/a><\/p>\n","protected":false},"excerpt":{"rendered":"<p style=\"text-align: justify;\">\n<p style=\"text-align: justify;\">CHP Genel Ba\u015fkan\u0131 Kemal K\u0131l\u00e7daro\u011flu, Mehmet Haberal ve Mustafa Balbay\u2019\u0131n CHP\u2019den milletvekili aday\u0131 olmas\u0131n\u0131 de\u011ferlendirirken yapt\u0131\u011f\u0131 \u201cCHP dokunulmazl\u0131k diyordu. \u015eimdi dokunulmazl\u0131k z\u0131rh\u0131na kimin m\u00fcracaat etti\u011fi ortada\u201d a\u00e7\u0131klamas\u0131na tepki g\u00f6stererek Ba\u015fbakan\u2019a \u201cAdam gibi adamsan s\u00f6z\u00fcnde dur, \u00e7\u0131k dokunulmazl\u0131klar\u0131 kald\u0131raca\u011f\u0131m de. Meclis\u2019i toplant\u0131ya \u00e7a\u011f\u0131rmak dahil, bu konuda ataca\u011f\u0131n\u0131z her ad\u0131m\u0131 destekleriz\u201d diye <\/p>\n","protected":false},"author":1,"featured_media":0,"comment_status":"open","ping_status":"closed","sticky":false,"template":"","format":"standard","meta":{"footnotes":""},"categories":[105],"tags":[],"class_list":["post-30450","post","type-post","status-publish","format-standard","hentry","category-gundem","odd"],"_links":{"self":[{"href":"http:\/\/www.korhanyilmaz.com\/index.php?rest_route=\/wp\/v2\/posts\/30450","targetHints":{"allow":["GET"]}}],"collection":[{"href":"http:\/\/www.korhanyilmaz.com\/index.php?rest_route=\/wp\/v2\/posts"}],"about":[{"href":"http:\/\/www.korhanyilmaz.com\/index.php?rest_route=\/wp\/v2\/types\/post"}],"author":[{"embeddable":true,"href":"http:\/\/www.korhanyilmaz.com\/index.php?rest_route=\/wp\/v2\/users\/1"}],"replies":[{"embeddable":true,"href":"http:\/\/www.korhanyilmaz.com\/index.php?rest_route=%2Fwp%2Fv2%2Fcomments&post=30450"}],"version-history":[{"count":0,"href":"http:\/\/www.korhanyilmaz.com\/index.php?rest_route=\/wp\/v2\/posts\/30450\/revisions"}],"wp:attachment":[{"href":"http:\/\/www.korhanyilmaz.com\/index.php?rest_route=%2Fwp%2Fv2%2Fmedia&parent=30450"}],"wp:term":[{"taxonomy":"category","embeddable":true,"href":"http:\/\/www.korhanyilmaz.com\/index.php?rest_route=%2Fwp%2Fv2%2Fcategories&post=30450"},{"taxonomy":"post_tag","embeddable":true,"href":"http:\/\/www.korhanyilmaz.com\/index.php?rest_route=%2Fwp%2Fv2%2Ftags&post=30450"}],"curies":[{"name":"wp","href":"https:\/\/api.w.org\/{rel}","templated":true}]}}