{"id":30436,"date":"2011-04-11T09:04:18","date_gmt":"2011-04-11T06:04:18","guid":{"rendered":"http:\/\/www.korhanyilmaz.com\/?p=30436"},"modified":"2011-04-11T09:04:18","modified_gmt":"2011-04-11T06:04:18","slug":"insanlar-askerlerin-gelmesini-istiyordu","status":"publish","type":"post","link":"http:\/\/www.korhanyilmaz.com\/?p=30436","title":{"rendered":"&#8216;\u0130nsanlar askerlerin gelmesini istiyordu&#8217;"},"content":{"rendered":"<p style=\"text-align: justify;\"><a href=\"http:\/\/www.korhanyilmaz.com\/wp-content\/uploads\/2011\/04\/126.jpg\"  class=\"lightview\"><img loading=\"lazy\" decoding=\"async\" class=\"aligncenter size-full wp-image-30437\" src=\"http:\/\/www.korhanyilmaz.com\/wp-content\/uploads\/2011\/04\/126.jpg\" alt=\"\" width=\"356\" height=\"240\" \/><\/a><\/p>\n<p style=\"text-align: justify;\">ABD B\u00fcy\u00fckel\u00e7isi Frank Ricciardone, bundan 30 y\u0131l \u00f6nce Amerikal\u0131 bir diplomat olarak, T\u00fcrkiye&#8217;de g\u00f6rev yapt\u0131\u011f\u0131 y\u0131llarda 12 Eyl\u00fcl&#8217;e giden s\u00fcreci, &#8216;\u0130lk i\u015fim o g\u00fcn ka\u00e7 ki\u015finin \u00f6ld\u00fcr\u00fcld\u00fc\u011f\u00fcn\u00fcn hesab\u0131n\u0131 tutmakt\u0131. O kadar artt\u0131 ki grafik yapmaya ba\u015flad\u0131k. Korkun\u00e7tu. \u0130nsanlar askerin gelmesini bekliyor, istiyordu&#8217; s\u00f6zleriyle anlatt\u0131. <!--more--><\/p>\n<p style=\"text-align: justify;\">Milliyet gazetesi yazar\u0131 Asl\u0131 Ayd\u0131nta\u015fba\u015f&#8217;\u0131n bug\u00fcn (11 Nisan 2011) yay\u0131mlanan yaz\u0131s\u0131 \u015f\u00f6yle:<\/p>\n<p style=\"text-align: justify;\"><strong>&#8216;\u0130nsanlar askerlerin gelmesini istiyordu&#8217; <\/strong><\/p>\n<p style=\"text-align: justify;\">Ankara\u2019ya yeni atanan ABD B\u00fcy\u00fckel\u00e7isi Ricciardone, 30 y\u0131l \u00f6nce gen\u00e7 bir Amerikal\u0131 diplomat olarak g\u00f6rev yapt\u0131\u011f\u0131 T\u00fcrkiye\u2019de, darbeye giden g\u00fcnleri \u00e7arp\u0131c\u0131 dille anlat\u0131yor:<\/p>\n<p style=\"text-align: justify;\">\u201c\u0130lk i\u015fim o g\u00fcn ka\u00e7 ki\u015finin \u00f6ld\u00fcr\u00fcld\u00fc\u011f\u00fcn\u00fcn hesab\u0131n\u0131 tutmakt\u0131. O kadar artt\u0131 ki grafik yapmaya ba\u015flad\u0131k. Korkun\u00e7tu. \u0130nsanlar askerin gelmesini bekliyor, istiyordu\u201d<\/p>\n<p style=\"text-align: justify;\">ABD b\u00fcy\u00fckel\u00e7isi Frank Ricciardone, T\u00fcrkiye\u2019yi tan\u0131yor; hatta neredeyse sizin benim kadar tan\u0131yor. Tecr\u00fcbeli diplomat dikkatli bir dil kullansa da, y\u0131llard\u0131r bu topraklar\u0131 kar\u0131\u015f kar\u0131\u015f gezmi\u015f, bu co\u011frafyada nefes al\u0131p vermi\u015f biri olarak nereden geldi\u011fimiz, nereye gitti\u011fimiz konusunda kuvvetli fikirleri var. \u201cT\u00fcrkiye\u2019nin \u00f6nemini daha NATO\u2019ya ilk girdi\u011fi g\u00fcnden itibaren biliyorduk. Bir g\u00fcn onda g\u00f6rd\u00fc\u011f\u00fcm\u00fcz potansiyeli ger\u00e7ekle\u015ftirece\u011fini biliyorduk\u201d diye anlat\u0131yor yaz\u0131l\u0131 bas\u0131nla ilk r\u00f6portaj\u0131nda.<\/p>\n<p style=\"text-align: justify;\">\u0130lk kez 1977\u2019de s\u0131rt \u00e7antas\u0131yla turist, ard\u0131ndan 1979\u2019da taze bir diplomat olarak Ankara\u2019ya gelen el\u00e7i, daha sonraki y\u0131llarda Adana\u2019daki ABD konsoloslu\u011funda, \u0130ncirlik\u2019te ard\u0131ndan maslahatg\u00fczar olarak Ankara\u2019da g\u00f6rev yapm\u0131\u015f. R\u00f6portaj\u0131n d\u00fcnk\u00fc b\u00f6l\u00fcm\u00fcnde, ABD el\u00e7isinin  zaman zaman ini\u015fli \u00e7\u0131k\u0131\u015fl\u0131 seyreden T\u00fcrk-Amerikan dostlu\u011fu konusundaki g\u00f6r\u00fc\u015flerini \u015fu c\u00fcmleyle \u00f6zetledik: \u201cArada y\u00f6ntem fark\u0131 olsa da stratejik vizyonumuz ayn\u0131.\u201d<\/p>\n<p style=\"text-align: justify;\"><strong>\u2018Neden iyimserim anlay\u0131n\u2019 <\/strong><\/p>\n<p style=\"text-align: justify;\">Bug\u00fcnse Ricciardone\u2019nin \u00e7ok tart\u0131\u015f\u0131lacak 12 Eyl\u00fcl izlenimlerini okuyacaks\u0131n\u0131z. \u00d6nce bu konuya nas\u0131l girdi\u011fimizi anlatay\u0131m. El\u00e7iye, 32 y\u0131ll\u0131k T\u00fcrkiye ser\u00fcvenini ba\u015f\u0131ndan anlatmas\u0131n\u0131 rica ettim. 12 Eyl\u00fcl\u2019den ba\u015flad\u0131, uzun uzun konu\u015ftuk. Sonunda \u201cBunlar\u0131 neden bu kadar uzun anlatt\u0131m diyeceksiniz. Demokrasi, sivil toplum, devletin yap\u0131s\u0131 ve medya a\u00e7\u0131s\u0131ndan 1980\u2019lerin T\u00fcrkiye\u2019siyle \u015fimdiki aras\u0131nda uzaktan yak\u0131nda bir benzerlik yok. 32 y\u0131l sonra T\u00fcrkiye\u2019ye bakt\u0131\u011f\u0131mda neden iyimser oldu\u011fumu anlaman\u0131z\u0131 istedim\u201d dedi.<\/p>\n<p style=\"text-align: justify;\"><strong>Farkl\u0131 \u015feyler s\u00f6yl\u00fcyor <\/strong><\/p>\n<p style=\"text-align: justify;\">Gen\u00e7 diplomat\u0131n 12 Eyl\u00fcl \u00f6ncesi Adana\u2019dan izlenimleri, bug\u00fcn medyada 12 Eyl\u00fcl\u2019le ilgili kurulan \u201cdarbeyle hesapla\u015fmak\u201d kurulu s\u00f6yleminden \u00e7ok farkl\u0131. \u201cOlaylar kontrolden \u00e7\u0131km\u0131\u015ft\u0131. Her g\u00fcn sokaklarda cesetler vard\u0131. Cumhuriyet \u00e7\u00f6k\u00fcyordu\u201d diye hat\u0131rl\u0131yor o g\u00fcnleri Ricciardone. Ordu geldi\u011finde herkesin alk\u0131\u015flad\u0131\u011f\u0131n\u0131 hat\u0131rlat\u0131yor.<\/p>\n<p style=\"text-align: justify;\">Bu s\u00f6zler, 30 y\u0131l sonra 12 Eyl\u00fcl\u2019le hesapla\u015fmak isteyen bug\u00fcn\u00fcn T\u00fcrkiye\u2019sinde tart\u0131\u015fma yaratacakt\u0131r. Yeni el\u00e7i, medyada yeni olu\u015fan hassasiyeti bilmedi\u011fi i\u00e7in mi b\u00f6yle bir dil kulland\u0131, yoksa s\u0131radan insanlar\u0131n hislerine mi terc\u00fcman olmak istedi, onu bilmiyorum.<\/p>\n<p style=\"text-align: justify;\">\u00c7\u00fcnk\u00fc ger\u00e7ek \u015fu ki, medyada son d\u00f6nemde ba\u015flayan 12 Eyl\u00fcl kar\u015f\u0131t\u0131 f\u0131rt\u0131naya ra\u011fmen, darbe hala toplumun geni\u015f kesimlerinde me\u015fru kabul ediliyor. Ricciardone ya\u015f\u0131ndaki bir \u00e7ok T\u00fcrk vatanda\u015f\u0131, darbeden \u00f6zel bir zarar g\u00f6rm\u00fc\u015f de\u011filse, 12 Eyl\u00fcl\u2019\u00fc benzer bir dil ve \u00fcslupla an\u0131yor, sa\u011f-sol \u00e7at\u0131\u015fmas\u0131na son veren mecburi bir ad\u0131m olarak alg\u0131l\u0131yor. T\u00fcrk halk\u0131 ku\u015fkusuz darbe istemiyor, ama \u201crakamsal\u201d olarak, medyada esen r\u00fczgara ra\u011fmen ge\u00e7mi\u015fle hesapla\u015fma y\u00f6n\u00fcnde toplumda \u00f6zel bir talep yok. Bu y\u00fczden kamuoyu ara\u015ft\u0131rmalar\u0131, son referandumda \u201cEvet\u201d verenler aras\u0131nda, bunu \u201c12 Eyl\u00fcl\u2019le hesapla\u015fmak\u201d ad\u0131na yapanlar\u0131n say\u0131s\u0131n\u0131n olduk\u00e7a az oldu\u011funu g\u00f6steriyor.<\/p>\n<p style=\"text-align: justify;\"><strong>\u0130\u015fte yabanc\u0131 diplomat g\u00f6z\u00fcyle 12 Eyl\u00fcl&#8230; <\/strong><\/p>\n<p style=\"text-align: justify;\">B\u00fcy\u00fckel\u00e7i Ricciardone \u00c7ankaya\u2019daki rezidans\u0131nda sorular\u0131m\u0131z\u0131 yan\u0131tlad\u0131.<\/p>\n<p style=\"text-align: justify;\"><strong>H\u00fck\u00fcmet Suriye\u2019ye do\u011fru mesaj veriyor <\/strong><\/p>\n<p style=\"text-align: justify;\">Suriye ise (demokrasi e\u015fi\u011finden) \u00e7ok uzak. E\u011fer Be\u015far Esad (reform yapamazsa), insanlar kabul edemeyecekleri \u015feyi kabul ederler mi? Suriyelilerin \u00e7ok zengin bir k\u00fclt\u00fcr ve tarihi var. Sofistike, ulusal onuru olan ve zeki insanlardan olu\u015fan bir toplum. H\u00fck\u00fcmetiniz bir patlamay\u0131 \u00f6nlemek i\u00e7in Suriye\u2019ye de\u011fi\u015fim konusunda ve bu de\u011fi\u015fimin h\u0131zl\u0131 yap\u0131lmas\u0131 konusunda  do\u011fru mesajlar veriyor. Bize \u00e7ok do\u011fru geliyor. Biz de ayn\u0131 tavsiyeleri veriyoruz ama bizi dinlemiyorlar. Belki sizleri dinlerler.<\/p>\n<p style=\"text-align: justify;\"><strong>T\u00fcrk demokrasisi art\u0131k kritik e\u015fi\u011fi a\u015ft\u0131 <\/strong><\/p>\n<p style=\"text-align: justify;\">Orta Do\u011fu \u00fclkelerinin hepsinin kendine has bir siyasi sistemi var. Ortak nokta, de\u011fi\u015fime kat\u0131 bir direni\u015f. Ama de\u011fi\u015fime o kadar uzun direndiler ki, geldi\u011finde ister istemez \u015fiddetli, radikal, ve hatta ac\u0131 oluyor. Oysa demokrasilerde, geli\u015fmekte olan bir demokrasiyse bile, her g\u00fcn belli bir de\u011fi\u015fim oluyor. Sizde de \u00f6yle. Medyan\u0131z s\u00fcrekli ifade \u00f6zg\u00fcrl\u00fc\u011f\u00fc, k\u0131yafet, cinsiyet e\u015fitli\u011fi, kanunlar\u0131n ne olmas\u0131 gerekti\u011fini tart\u0131\u015f\u0131yor. Tart\u0131\u015f\u0131yor, tart\u0131\u015f\u0131yor, tart\u0131\u015f\u0131yorsunuz ve ortadaki fikirler sonu\u015fta toplumda kabul g\u00f6ren bir fikirler piyasas\u0131 olu\u015fturuyor. T\u00fcrkiye bunu yap\u0131yor. T\u00fcrkiye art\u0131k demokrasi a\u00e7\u0131s\u0131ndan kritik e\u015fi\u011fi a\u015fm\u0131\u015f durumda.<\/p>\n<p style=\"text-align: justify;\"><strong>T\u00fcrkiye Ortado\u011fu i\u00e7in model mi? <\/strong><\/p>\n<p style=\"text-align: justify;\">T\u00fcrkiye\u2019nin daha ileri ve g\u00fc\u00e7l\u00fc bir yere gidece\u011fini her zaman biliyorduk. Ge\u00e7enlerde ayn\u0131 soru soruldu bana ve cevab\u0131m \u201cSiz size benzersiniz\u201d oldu. T\u00fcrkiye co\u011frafi, tarihi ve k\u00fclt\u00fcrel olarak o kadar \u00f6zel bir yer ki, kar\u015f\u0131la\u015ft\u0131rma yapmak zor. Ama \u015funu s\u00f6yleyebilirim; d\u00fcnya T\u00fcrkiye tecr\u00fcbesini kullanmal\u0131. \u0130nsanlar T\u00fcrkiye\u2019nin tecr\u00fcbesine bak\u0131p almak istedikleri dersleri alabilirler. T\u00fcrkiye tecr\u00fcbesi hem M\u00fcsl\u00fcman hem de modern bir demokrasi olabilinece\u011fini g\u00f6steriyor. Modern bankac\u0131l\u0131ktan cinsiyet e\u015fitli\u011fine kadar&#8230; Maalesef bunlar\u0131n \u00e7o\u011fu Arap d\u00fcnyas\u0131nda yok.<\/p>\n<p style=\"text-align: justify;\"><strong>ABD TAL\u0130MAT VERMED\u0130 <\/strong><\/p>\n<p style=\"text-align: justify;\">\u201c\u00d6nce hangi ba\u011flamda konu\u015ftu\u011fumu anlatmak istiyorum ki insanlar beni tarafl\u0131 sanmas\u0131n; tarafs\u0131z oldu\u011fumu bilsin.<\/p>\n<p style=\"text-align: justify;\">E\u015fim Marie\u2019yle T\u00fcrkiye\u2019ye ilk geldi\u011fimizde \u00e7ok gen\u00e7tik. 1977\u2019de \u0130ran\u2019dan turist olarak geldi\u011fimizde 27 ya\u015f\u0131ndayd\u0131m. Buray\u0131 \u00e7ok g\u00fczel bulduk o yaz. Bir y\u0131l sonra D\u0131\u015fi\u015fleri\u2019ne girdi\u011fimde T\u00fcrkiye\u2019ye gelme imkan\u0131 olunca, hemen atlad\u0131m. S\u0131n\u0131fta benden ba\u015fka T\u00fcrkiye\u2019yi isteyen yoktu; oysa benim i\u00e7in b\u00fcy\u00fck bir r\u00fcyayd\u0131 buraya gelmek.<\/p>\n<p style=\"text-align: justify;\">1979 Mart\u2019\u0131nda (Ankara\u2019daki el\u00e7ilikte) g\u00f6reve ba\u015flad\u0131m ve o yaz boyunca siyasi i\u015flere bakan bir memur olarak g\u00f6revim Milliyet ve di\u011fer gazetelerden o gece ka\u00e7 ki\u015finin \u00f6ld\u00fcr\u00fcld\u00fc\u011f\u00fcn\u00fcn hesab\u0131n\u0131 tutmakt\u0131. Her g\u00fcn sa\u011fdan ve soldan insanlar \u00e7at\u0131\u015fmalarda \u00f6l\u00fcyordu. \u0130lk ba\u015flarda bu \u015fehirde bir, \u015fu \u015fehirde iki ki\u015fi gibiydi ama zaman i\u00e7inde rakamlar iyice y\u00fckselmeye ba\u015flad\u0131. Bir grafik tutmaya ba\u015flad\u0131k. \u00c7ok korkun\u00e7tu.<\/p>\n<p style=\"text-align: justify;\">1980\u2019e geldi\u011fimizde durum daha da k\u00f6t\u00fcle\u015fti. Adana\u2019daki konsoloslukta bo\u015f bir kadro \u00e7\u0131k\u0131nca konsolos yard\u0131mc\u0131s\u0131 olarak oraya tayin oldum.  \u015eiddet iyice t\u0131rmanm\u0131\u015ft\u0131. Adana vah\u015fi Bat\u0131 gibiydi. Sadece Adana\u2019da sa\u011fdan ve soldan g\u00fcnde 10 ki\u015fi \u00f6ld\u00fcr\u00fcl\u00fcyordu. Korkun\u00e7tu.<\/p>\n<p style=\"text-align: justify;\">E\u015fim Marie orada \u00fcniversiteye gidiyordu. \u00fcniversitede dostlar\u0131m\u0131z vard\u0131 ve s\u0131n\u0131flar sa\u011f ve sol olarak ayr\u0131lm\u0131\u015ft\u0131.<\/p>\n<p style=\"text-align: justify;\"><strong>KUTUPLA\u015eMA O ZAMANDI <\/strong><\/p>\n<p style=\"text-align: justify;\">Bug\u00fcn\u00fcn T\u00fcrkiye\u2019sinin kutupla\u015fm\u0131\u015f oldu\u011funu d\u00fc\u015f\u00fcn\u00fcyorsan\u0131z, siz bir de o d\u00f6nemleri g\u00f6rseydiniz. Toplum o kadar kutupla\u015fm\u0131\u015ft\u0131 ki, hapishanelerde bile sa\u011fc\u0131lar\u0131n ve solcular\u0131n g\u00f6r\u00fc\u015f g\u00fcnleri ayr\u0131yd\u0131. \u0130nan\u0131lmazd\u0131. G\u00f6revim icab\u0131 uyu\u015fturucu nedeniyle hapiste olan baz\u0131 Amerikal\u0131lar\u0131 ziyaret etmek durumundayd\u0131m ve hapishaneye yanl\u0131z sa\u011fc\u0131lar\u0131n g\u00fcn\u00fcnde gidebiliyorduk. Resmiyete d\u00f6k\u00fclm\u00fc\u015ft\u00fc. Gece yatak odam\u0131zdan 5 mil \u00f6tedeki patlamalar\u0131 duyard\u0131k. Ya sa\u011fc\u0131lar solcular\u0131 ya da solcular sa\u011fc\u0131lar\u0131 provoke etmi\u015f olurdu. \u00dcrk\u00fct\u00fcc\u00fcyd\u00fc.<\/p>\n<p style=\"text-align: justify;\"><strong>CUMHUR\u0130YET \u00c7\u00d6K\u00dcYORDU <\/strong><\/p>\n<p style=\"text-align: justify;\">1980 yaz\u0131nda T\u00fcrkler, cumhuriyetin g\u00f6zleri \u00f6n\u00fcnde yok oldu\u011funa tan\u0131k oluyordu. 1960 ya da 71\u2019le k\u0131yaslanamayacak kadar k\u00f6t\u00fcyd\u00fc. Tek soru askerin ne zaman gelece\u011fiydi. Yasal d\u00fczen \u00e7\u00f6km\u00fc\u015f, cumhuriyet \u00e7\u00f6km\u00fc\u015ft\u00fc.<\/p>\n<p style=\"text-align: justify;\">Ordu bu ortamda, \u0130ncirlik\u2019te k\u0131z\u0131m\u0131z 9 Eyl\u00fcl\u2019de do\u011fduktan 3 g\u00fcn sonra, geldi. Hastane\u2019deyken ordu (havadan) bildiri at\u0131yordu. \u201cVatanda\u015flar merak etmesin cumhuriyetin yok edilmesine izin vermeyece\u011fiz\u201d diyordu. Biz bunun geleceklerinin i\u015fareti oldu\u011funu d\u00fc\u015f\u00fcnd\u00fck. Ertesi g\u00fcn de darbe oldu.<\/p>\n<p style=\"text-align: justify;\">Herkes orduya ne yapmas\u0131 gerekti\u011fini Amerikal\u0131lar\u0131n s\u00f6yledi\u011fini d\u00fc\u015f\u00fcn\u00fcyordu. Ama bu sa\u00e7mal\u0131kt\u0131.\u201d<\/p>\n<p style=\"text-align: justify;\"><strong>HERKES B\u0130L\u0130YORDU <\/strong><\/p>\n<p style=\"text-align: justify;\">Ancak Amerikan deste\u011fi olmasa darbenin olamayaca\u011f\u0131n\u0131 d\u00fc\u015f\u00fcn\u00fcyor T\u00fcrkiye\u2019de herkes. Sizin deste\u011finizle mi oldu?<\/p>\n<p style=\"text-align: justify;\">T\u00fcrklerin buna inand\u0131\u011f\u0131n\u0131 biliyorum ama ger\u00e7ekten b\u00f6yle de\u011fil. Ordu o zamanlar, ayn\u0131 \u015fimdi oldu\u011fu gibi vatansever ve NATO\u2019daki m\u00fcttefiklerini kar\u015f\u0131 bile olduk\u00e7a dikkatliydi. Hatta \u015fimdiden bile fazla. T\u00fcrkiye\u2019de herkes er ge\u00e7 m\u00fcdahale edeceklerini biliyordu. \u00c7\u00fcnk\u00fc g\u00fcnl\u00fck infial art\u0131yor, sokakta cesetler y\u0131\u011f\u0131l\u0131yordu. Sa\u011fc\u0131 ya da solcu olsun s\u0131radan vatanda\u015flar i\u00e7in durum katlan\u0131lamaz hale gelmi\u015fti.<\/p>\n<p style=\"text-align: justify;\">Hep duydu\u011fumuz bir olay vard\u0131. Bir \u00e7ocuk tabancay\u0131 bir ba\u015fkas\u0131n\u0131n \u015faka\u011f\u0131na dayay\u0131p sa\u011fc\u0131 m\u0131s\u0131n solcu musun diye soruyordu. Hatta biri, ki o g\u00fcn\u00fcn gazetelerinde vard\u0131r, \u201cNe sa\u011fc\u0131y\u0131m ne solcuyum diye ba\u011f\u0131rm\u0131\u015f, ona ra\u011fmen vurmu\u015flard\u0131. Durum o kadar k\u00f6t\u00fcyd\u00fc&#8230;<\/p>\n<p style=\"text-align: justify;\">Yani insanlar askerin gelece\u011fini biliyordu ve bunu istiyordu. Biz de el\u00e7ilikte sadece tahmin y\u00fcr\u00fct\u00fcyorduk. Bilmiyorduk. Bir g\u00fcn tanklar\u0131 g\u00f6rd\u00fck, herhalde geliyorlar, dedik.<\/p>\n<p style=\"text-align: justify;\">Ama o d\u00f6nem Ankara\u2019daki CIA \u015fefi Paul Henze\u2019nin darbe olunca \u201cBizim \u00e7ocuklar iktidara el koydu\u201d dedi\u011fi yaz\u0131l\u0131r hep. \u0130ktidara el koyan sizin \u00e7ocuklar m\u0131yd\u0131?<\/p>\n<p style=\"text-align: justify;\">O yaz Ron Spiers b\u00fcy\u00fckel\u00e7iydi. Kendisinin an\u0131lar\u0131nda g\u00f6rmedim bu s\u00f6z\u00fc ama b\u00f6yle bir resmi yaz\u0131\u015fma oldu\u011funu sanm\u0131yorum.<\/p>\n<p style=\"text-align: justify;\"><strong>T\u00dcRKLER KABULLEND\u0130 <\/strong><\/p>\n<p style=\"text-align: justify;\">\u00dcst \u00fcste Latin Amerika\u2019da darbelerin oldu\u011fu o y\u0131llarda Washington\u2019un darbeye \u201cdur\u201d diyece\u011fini de sanmak safl\u0131k herhalde&#8230;<\/p>\n<p style=\"text-align: justify;\">1980\u2019lerde hele de T\u00fcrkiye\u2019ye kar\u015f\u0131 b\u00f6yle bir tarz\u0131m\u0131z oldu\u011funu sanm\u0131yorum. \u0130\u015fler kontrolden \u00e7\u0131km\u0131\u015ft\u0131. Biz her kesimden T\u00fcrklerle konu\u015fuyorduk ve T\u00fcrklerin kabul etti\u011fi \u015feyi kabullendik. Partiler kutupla\u015fm\u0131\u015ft\u0131 ve 4\u2019\u00fcnc\u00fc, 5\u2019inci turda bile cumhurba\u015fkan\u0131 se\u00e7ilemedi..<\/p>\n<p style=\"text-align: justify;\">Sistem \u00e7al\u0131\u015fm\u0131yordu. Biz ise kayg\u0131l\u0131 g\u00f6zlemciler olarak bir NATO m\u00fcttefikimizin ba\u015f\u0131na geleni izliyorduk.<\/p>\n<p style=\"text-align: justify;\"><strong>ASKER DURUMA \u0130Z\u0130N VERD\u0130 <\/strong><\/p>\n<p style=\"text-align: justify;\">G\u00f6rd\u00fc\u011f\u00fcm\u00fcz, en g\u00fc\u00e7l\u00fc devlet kurumunun asker oldu\u011fuydu ve askerin olan biteni kayg\u0131 ve azalan sab\u0131rla izlediklerini a\u00e7\u0131k\u00e7a belli etti\u011fiydi. Durumun katlan\u0131lamaz hale gelmesine izin verdiler ki (m\u00fcdahalede) biz dahil kimse onlar\u0131 ele\u015ftirmesin.<\/p>\n<p style=\"text-align: justify;\">Hat\u0131rl\u0131yorum biz (darbe) sonras\u0131nda yapt\u0131\u011f\u0131m\u0131z a\u00e7\u0131klamalarda \u00e7ok dengeliydik. Dikkatliydik. Sa\u011fan ve soldan T\u00fcrk kamyuoyu a\u00e7\u0131k\u00e7a olan biteni memnuniyetle kar\u015f\u0131lam\u0131\u015ft\u0131. Biz de ele\u015ftirmedik ama ne olup bitti\u011fini anlad\u0131\u011f\u0131m\u0131z\u0131 ve T\u00fcrkiye\u2019nin bir an once yaralar\u0131n\u0131 sararak demokrasiye ge\u00e7mesini diledi\u011fimizi s\u00f6yledik.<\/p>\n<p style=\"text-align: justify;\"><strong>\u2018N\u0130YE BEKLED\u0130N\u0130Z\u2019 SORUSU <\/strong><\/p>\n<p style=\"text-align: justify;\">Ama size \u015funu s\u00f6yleyebilirim. 27 ya\u015f\u0131nda Adana\u2019da bir konsolos yard\u0131mc\u0131s\u0131 olarak o g\u00fcnlerde insanlar (orduya bizim destek oldu\u011fumuzu d\u00fc\u015f\u00fcnerek) gelip te\u015fekk\u00fcr ediyorlard\u0131. \u2018Te\u015fekk\u00fcrler ama niye bu kadar beklediniz? T\u00fcrkiye\u2019yi zay\u0131flatmaya m\u0131 \u00e7al\u0131\u015ft\u0131n\u0131z?\u2019 diyorlard\u0131. \u00c7\u00fcnk\u00fc o g\u00fcn\u00fcn komplo teorisi, bizim T\u00fcrkiye\u2019yi dizlerine \u00e7\u00f6kertmek i\u00e7in ordunun elini tuttu\u011fumuz (m\u00fcdahaleyi geciktirmek anlam\u0131nda) ve en sonunda insanlar\u0131n memnun olaca\u011f\u0131ndan emin olunca izin verdi\u011fimizdi. Bu tabii ki tam bir komplo teorisi, sa\u00e7mal\u0131kt\u0131. Ger\u00e7ekten sa\u00e7mal\u0131kt\u0131 ama insanlar hep buna inand\u0131.<\/p>\n<p style=\"text-align: justify;\">Neden bunlar\u0131 bu kadar uzun anlatt\u0131m diyeceksiniz&#8230; Demokrasi, sivil toplum, devletin yap\u0131s\u0131 ve medya a\u00e7\u0131s\u0131ndan 1980\u2019lerin T\u00fcrkiye\u2019siyle \u015fimdiki aras\u0131nda uzaktan yak\u0131nda bir benzerlik yok. 32 y\u0131l sonra T\u00fcrkiye\u2019ye bakt\u0131\u011f\u0131mda neden iyimser oldu\u011fumu anlaman\u0131z\u0131 istedim.<\/p>\n<p style=\"text-align: justify;\"><strong>M\u0131s\u0131rl\u0131 muhalifler T\u00fcrkiye\u2019ye \u00f6zeniyor <\/strong><\/p>\n<p style=\"text-align: justify;\">M\u0131s\u0131r\u2019da b\u00fcy\u00fckel\u00e7ilik yapm\u0131\u015f ve M\u0131s\u0131r\u2019\u0131 tan\u0131yan biri olarak size sormak istiyorum. T\u00fcrkiye ger\u00e7ekten Tahrir Meydan\u0131\u2019ndakilerin akl\u0131nda m\u0131?<\/p>\n<p style=\"text-align: justify;\">\u00c7ok. Tahrir meydan\u0131\u2019ndan \u00f6nce de. Size yak\u0131n tan\u0131d\u0131\u011f\u0131m birinden \u00f6rnek verbilirim. (\u0130nsan haklar\u0131 savunucu ve M\u0131s\u0131rl\u0131 muhalif) Saad Eddin \u0130brahim.yak\u0131n tan\u0131d\u0131\u011f\u0131mve \u00e7ok takdir etti\u011fim biridir. \u00c7ok da sohbetimiz olmu\u015ftur. M\u0131s\u0131rl\u0131lar bir a\u00e7\u0131l\u0131m aray\u0131\u015f\u0131ndayd\u0131. M\u00fcbarek\u2019ten a\u015fa\u011f\u0131dakilere kadar g\u00f6r\u00fc\u015fmelerimiz bu y\u00f6ndeydi. Saad\u2019le de bu konuyu konu\u015ftuk. Kendisi T\u00fcrkiye\u2019ye de \u00e7ok geldi ve hep \u201cT\u00fcrk \u00f6rne\u011fi\u201dnden s\u00f6z eder. M\u00fcsl\u00fcman olman\u0131n ille de otoriter olmak demek olmad\u0131\u011f\u0131n\u0131, \u00e7o\u011fulculu\u011fun ve inan\u00e7 \u00f6zg\u00fcrl\u00fc\u011f\u00fcn\u00fcn oldu\u011funu s\u00f6yler ve T\u00fcrkiye \u00f6rne\u011fini verirdi. \u0130nsanlar tarihin y\u00fck\u00fcme ra\u011fmen t\u00fcrkiye \u00f6rne\u011finden s\u00f6z ediyor. Ama biz a\u015fa\u011f\u0131larcas\u0131na Araplara, \u2018bak\u0131n i\u015fte T\u00fcrkiye modeli\u201d demiyoruz ama insanlar bunu konu\u015fuyor.<\/p>\n<p style=\"text-align: justify;\">M\u0131s\u0131r\u2019da M\u00fcbarek rejiminin devrilmesini bekliyor muydunuz?<\/p>\n<p style=\"text-align: justify;\">Bu \u015fekilde ve bu zamanda de\u011fil. Ama M\u0131s\u0131rl\u0131lar\u0131n g\u00fcn geldi\u011finde de\u011fi\u015fim i\u00e7in ger\u00e7ekten bast\u0131raca\u011f\u0131n\u0131 biliyordum. Belki M\u00fcbarek gittikten sonra. Bu \u015fekilde olmayabilirdi ama onu ba\u015fka zaman konu\u015fabiliriz.<\/p>\n<p style=\"text-align: justify;\"><a href=\"http:\/\/www.t24.com.tr\/insanlar-askerlerin-gelmesini-istiyordu\/haber\/138220.aspx\" target=\"_blank\">Kaynak : T24<\/a><\/p>\n","protected":false},"excerpt":{"rendered":"<p style=\"text-align: justify;\">\n<p style=\"text-align: justify;\">ABD B\u00fcy\u00fckel\u00e7isi Frank Ricciardone, bundan 30 y\u0131l \u00f6nce Amerikal\u0131 bir diplomat olarak, T\u00fcrkiye&#8217;de g\u00f6rev yapt\u0131\u011f\u0131 y\u0131llarda 12 Eyl\u00fcl&#8217;e giden s\u00fcreci, &#8216;\u0130lk i\u015fim o g\u00fcn ka\u00e7 ki\u015finin \u00f6ld\u00fcr\u00fcld\u00fc\u011f\u00fcn\u00fcn hesab\u0131n\u0131 tutmakt\u0131. O kadar artt\u0131 ki grafik yapmaya ba\u015flad\u0131k. Korkun\u00e7tu. \u0130nsanlar askerin gelmesini bekliyor, istiyordu&#8217; s\u00f6zleriyle anlatt\u0131. <\/p>\n","protected":false},"author":1,"featured_media":0,"comment_status":"open","ping_status":"closed","sticky":false,"template":"","format":"standard","meta":{"footnotes":""},"categories":[105],"tags":[],"class_list":["post-30436","post","type-post","status-publish","format-standard","hentry","category-gundem","odd"],"_links":{"self":[{"href":"http:\/\/www.korhanyilmaz.com\/index.php?rest_route=\/wp\/v2\/posts\/30436","targetHints":{"allow":["GET"]}}],"collection":[{"href":"http:\/\/www.korhanyilmaz.com\/index.php?rest_route=\/wp\/v2\/posts"}],"about":[{"href":"http:\/\/www.korhanyilmaz.com\/index.php?rest_route=\/wp\/v2\/types\/post"}],"author":[{"embeddable":true,"href":"http:\/\/www.korhanyilmaz.com\/index.php?rest_route=\/wp\/v2\/users\/1"}],"replies":[{"embeddable":true,"href":"http:\/\/www.korhanyilmaz.com\/index.php?rest_route=%2Fwp%2Fv2%2Fcomments&post=30436"}],"version-history":[{"count":0,"href":"http:\/\/www.korhanyilmaz.com\/index.php?rest_route=\/wp\/v2\/posts\/30436\/revisions"}],"wp:attachment":[{"href":"http:\/\/www.korhanyilmaz.com\/index.php?rest_route=%2Fwp%2Fv2%2Fmedia&parent=30436"}],"wp:term":[{"taxonomy":"category","embeddable":true,"href":"http:\/\/www.korhanyilmaz.com\/index.php?rest_route=%2Fwp%2Fv2%2Fcategories&post=30436"},{"taxonomy":"post_tag","embeddable":true,"href":"http:\/\/www.korhanyilmaz.com\/index.php?rest_route=%2Fwp%2Fv2%2Ftags&post=30436"}],"curies":[{"name":"wp","href":"https:\/\/api.w.org\/{rel}","templated":true}]}}