{"id":30432,"date":"2011-04-10T13:09:06","date_gmt":"2011-04-10T10:09:06","guid":{"rendered":"http:\/\/www.korhanyilmaz.com\/?p=30432"},"modified":"2011-04-10T13:09:06","modified_gmt":"2011-04-10T10:09:06","slug":"son-gun-pazartesi","status":"publish","type":"post","link":"http:\/\/www.korhanyilmaz.com\/?p=30432","title":{"rendered":"Son g\u00fcn pazartesi"},"content":{"rendered":"<p style=\"text-align: justify;\"><a href=\"http:\/\/www.korhanyilmaz.com\/wp-content\/uploads\/2011\/04\/125.jpg\"  class=\"lightview\"><img loading=\"lazy\" decoding=\"async\" class=\"aligncenter size-full wp-image-30433\" src=\"http:\/\/www.korhanyilmaz.com\/wp-content\/uploads\/2011\/04\/125.jpg\" alt=\"\" width=\"250\" height=\"150\" \/><\/a><\/p>\n<p style=\"text-align: justify;\">Siyasi partiler, se\u00e7ime kat\u0131lacaklar\u0131 se\u00e7im \u00e7evrelerine ait aday listelerini yar\u0131n 17.00&#8217;ye kadar Y\u00fcksek Se\u00e7im Kuruluna (YSK) verecek. Ba\u011f\u0131ms\u0131z milletvekili adayl\u0131\u011f\u0131 i\u00e7in il se\u00e7im kurullar\u0131na ba\u015fvurunun son g\u00fcn\u00fc de yar\u0131n.<!--more--><\/p>\n<p style=\"text-align: justify;\">ANKARA- YSK&#8217;n\u0131n se\u00e7im takvimine g\u00f6re, se\u00e7im s\u00fcreci i\u015fliyor. Buna g\u00f6re, siyasi partilerin genel merkezleri, se\u00e7ime kat\u0131lacaklar\u0131 se\u00e7im \u00e7evrelerine ait aday listelerini yar\u0131n en ge\u00e7 saat 17.00&#8217;ye kadar Y\u00fcksek Se\u00e7im Kurulu (YSK) Ba\u015fkanl\u0131\u011f\u0131na al\u0131nd\u0131 belgesi kar\u015f\u0131l\u0131\u011f\u0131nda CD ve ka\u011f\u0131t ortam\u0131nda verecekler.<\/p>\n<p style=\"text-align: justify;\">Ba\u011f\u0131ms\u0131z milletvekili adayl\u0131\u011f\u0131 i\u00e7in il se\u00e7im kurullar\u0131na ba\u015fvurunun son g\u00fcn\u00fc de 11 Nisan. Ayn\u0131 g\u00fcn il se\u00e7im kurullar\u0131nca ba\u011f\u0131ms\u0131z milletvekili adaylar\u0131 YSK&#8217;ya bildirilecek.<\/p>\n<p style=\"text-align: justify;\">YSK, siyasi partilerin verdikleri aday listelerini hemen incelenmeye ba\u015flayacak.<\/p>\n<p style=\"text-align: justify;\">Tutuklu ve taksirli su\u00e7lardan h\u00fck\u00fcml\u00fc ask\u0131 listeleri de yar\u0131n, Cumhuriyet ba\u015fsavc\u0131l\u0131\u011f\u0131ndan istenilen ikinci liste ile kar\u015f\u0131la\u015ft\u0131r\u0131larak de\u011fi\u015fikliklerin SE\u00c7S\u0130S&#8217;e i\u015flenmesi i\u015flemleri bitirilecek ve ask\u0131ya \u00e7\u0131kar\u0131lacak.<\/p>\n<p style=\"text-align: justify;\">Se\u00e7im takvimine g\u00f6re, bundan sonraki s\u00fcre\u00e7 \u015f\u00f6yle i\u015fleyecek:<\/p>\n<p style=\"text-align: justify;\">&#8221;18 Nisan Pazartesi: Y\u00fcksek Se\u00e7im Kurulunca milletvekili ge\u00e7ici aday listelerinin incelenmesi i\u015flemleri tamamlanacak ve bu listeler ilgili il se\u00e7im kurulu ba\u015fkanl\u0131klar\u0131 ile radyo, televizyon ve Resmi Gazete&#8217;de yay\u0131mlanmak \u00fczere ilgili mercilere g\u00f6nderilecek.<\/p>\n<p style=\"text-align: justify;\">24 Nisan Pazar: Milletvekili ge\u00e7ici aday listelerine kar\u015f\u0131 il se\u00e7im kurullar\u0131na yap\u0131lan itirazlar \u00fczerine bu kurullarca verilen kararlara yap\u0131lan itirazlar\u0131n Y\u00fcksek Se\u00e7im Kurulunca karara ba\u011flanmas\u0131n\u0131n son g\u00fcn\u00fc. Milletvekili ge\u00e7ici adayl\u0131\u011f\u0131ndan istifa edenlerin Y\u00fcksek Se\u00e7im Kuruluna bildirilmesinin son g\u00fcn\u00fc.<\/p>\n<p style=\"text-align: justify;\">Se\u00e7men bilgi ka\u011f\u0131tlar\u0131n\u0131n d\u00f6k\u00fcm\u00fcne ve da\u011f\u0131t\u0131m\u0131na ba\u015flanacak.<\/p>\n<p style=\"text-align: justify;\">26 Nisan Sal\u0131: Birle\u015fik oy pusulas\u0131nda yer alacak ba\u011f\u0131ms\u0131z aday s\u0131ralamas\u0131 i\u00e7in t\u00fcm il se\u00e7im kurullar\u0131nda ayn\u0131 anda olmak \u00fczere, saat 11.00&#8217;de kura \u00e7ekilecek, davete ra\u011fmen kuraya kat\u0131lmayan ba\u011f\u0131ms\u0131z aday yerine ise il se\u00e7im kurulunca kura \u00e7ekimi yap\u0131lacak.<\/p>\n<p style=\"text-align: justify;\">28 Nisan Per\u015fembe: Y\u00fcksek Se\u00e7im Kurulunca milletvekili kesin aday listeleri se\u00e7im \u00e7evreleri itibariyle ilan edilmek \u00fczere il se\u00e7im kurullar\u0131na, Resmi Gazete, radyo ve televizyonda yay\u0131mlanmak \u00fczere ilgili mercilere g\u00f6nderilecek.<\/p>\n<p style=\"text-align: justify;\">29 Nisan Cuma: Siyasi partilerin se\u00e7im \u00e7evreleri itibar\u0131yla milletvekili kesin aday listeleri ile ba\u011f\u0131ms\u0131z adaylar radyo, televizyon, Resmi Gazete ve illerde ilan edilecek.<\/p>\n<p style=\"text-align: justify;\">2 May\u0131s Pazartesi: Y\u00fcksek Se\u00e7im Kurulunca t\u00fcm se\u00e7im \u00e7evreleri ile g\u00fcmr\u00fck kap\u0131lar\u0131nda kullan\u0131lacak birle\u015fik oy pusulalar\u0131n\u0131n bas\u0131m\u0131na, bas\u0131m tamamland\u0131k\u00e7a bir plan dahilinde da\u011f\u0131t\u0131m\u0131na ba\u015flanacak.<\/p>\n<p style=\"text-align: justify;\"><strong>G\u00dcMR\u00dcKLERDE OY VERME<\/strong><\/p>\n<p style=\"text-align: justify;\">10 May\u0131s Sal\u0131: G\u00fcmr\u00fck kap\u0131lar\u0131nda oy verme i\u015flemine ba\u015flanacak.<\/p>\n<p style=\"text-align: justify;\">31 May\u0131s Sal\u0131: Radyo ve televizyonda yay\u0131n i\u00e7in ba\u015fvuran siyasi partilerin radyo ve televizyonda yapacaklar\u0131 propaganda konu\u015fmalar\u0131n\u0131n yay\u0131n ve zaman s\u0131ralar\u0131n\u0131n belirlenmesi i\u00e7in Y\u00fcksek Se\u00e7im Kurulunca ad \u00e7ekilecek.<\/p>\n<p style=\"text-align: justify;\">2 Haziran Per\u015fembe: Se\u00e7im propagandas\u0131 ve yasaklar\u0131 ba\u015flayacak.<\/p>\n<p style=\"text-align: justify;\">5 Haziran Pazar: Radyo ve televizyon propaganda konu\u015fmalar\u0131 ba\u015flayacak.<\/p>\n<p style=\"text-align: justify;\">6 Haziran Pazartesi: G\u00f6revlilerle ilgili e\u011fitim \u00e7al\u0131\u015fmalar\u0131 tamamlanacak, il\u00e7e se\u00e7im kurullar\u0131nca sand\u0131k kurullar\u0131 ba\u015fkanlar\u0131na, se\u00e7im ara\u00e7 ve gere\u00e7lerini ihtiva edecek \u015fekilde teslim edilmesi gereken malzeme torbalar\u0131n\u0131n haz\u0131rlanmas\u0131 bitirilecek. Se\u00e7men bilgi ka\u011f\u0131tlar\u0131n\u0131n se\u00e7menlere da\u011f\u0131t\u0131m\u0131 tamamlanacak ve da\u011f\u0131t\u0131lamayanlar\u0131n ilgili il\u00e7e se\u00e7im kurulu ba\u015fkanl\u0131klar\u0131na teslimi yap\u0131lacak.<\/p>\n<p style=\"text-align: justify;\">9 Haziran Per\u015fembe: Tutuklu ve taksirli su\u00e7lardan h\u00fck\u00fcml\u00fc ask\u0131 listeleri kesinle\u015ftirilecek.<\/p>\n<p style=\"text-align: justify;\">10 Haziran Cuma: Kesinle\u015ftirilen tutuklu ve taksirli su\u00e7lardan h\u00fck\u00fcml\u00fc se\u00e7men listelerinin \u00e7o\u011falt\u0131lma i\u015flemi tamamlanacak.<\/p>\n<p style=\"text-align: justify;\">11 Haziran Cumartesi: Se\u00e7im propagandas\u0131n\u0131n sonu (saat: 18.00)<\/p>\n<p style=\"text-align: justify;\">12 Haziran Pazar: Oy verme g\u00fcn\u00fc ve se\u00e7im yasaklar\u0131n\u0131n sona ermesi (saat: 24.00).&#8221;<\/p>\n<p style=\"text-align: justify;\"><a href=\"http:\/\/www.gazeteport.com.tr\/SIYASET\/NEWS\/GP_884798\" target=\"_blank\">Kaynak : GAZETEPORT<\/a><\/p>\n","protected":false},"excerpt":{"rendered":"<p style=\"text-align: justify;\">\n<p style=\"text-align: justify;\">Siyasi partiler, se\u00e7ime kat\u0131lacaklar\u0131 se\u00e7im \u00e7evrelerine ait aday listelerini yar\u0131n 17.00&#8217;ye kadar Y\u00fcksek Se\u00e7im Kuruluna (YSK) verecek. Ba\u011f\u0131ms\u0131z milletvekili adayl\u0131\u011f\u0131 i\u00e7in il se\u00e7im kurullar\u0131na ba\u015fvurunun son g\u00fcn\u00fc de yar\u0131n.<\/p>\n","protected":false},"author":1,"featured_media":0,"comment_status":"open","ping_status":"closed","sticky":false,"template":"","format":"standard","meta":{"footnotes":""},"categories":[105],"tags":[],"class_list":["post-30432","post","type-post","status-publish","format-standard","hentry","category-gundem","odd"],"_links":{"self":[{"href":"http:\/\/www.korhanyilmaz.com\/index.php?rest_route=\/wp\/v2\/posts\/30432","targetHints":{"allow":["GET"]}}],"collection":[{"href":"http:\/\/www.korhanyilmaz.com\/index.php?rest_route=\/wp\/v2\/posts"}],"about":[{"href":"http:\/\/www.korhanyilmaz.com\/index.php?rest_route=\/wp\/v2\/types\/post"}],"author":[{"embeddable":true,"href":"http:\/\/www.korhanyilmaz.com\/index.php?rest_route=\/wp\/v2\/users\/1"}],"replies":[{"embeddable":true,"href":"http:\/\/www.korhanyilmaz.com\/index.php?rest_route=%2Fwp%2Fv2%2Fcomments&post=30432"}],"version-history":[{"count":0,"href":"http:\/\/www.korhanyilmaz.com\/index.php?rest_route=\/wp\/v2\/posts\/30432\/revisions"}],"wp:attachment":[{"href":"http:\/\/www.korhanyilmaz.com\/index.php?rest_route=%2Fwp%2Fv2%2Fmedia&parent=30432"}],"wp:term":[{"taxonomy":"category","embeddable":true,"href":"http:\/\/www.korhanyilmaz.com\/index.php?rest_route=%2Fwp%2Fv2%2Fcategories&post=30432"},{"taxonomy":"post_tag","embeddable":true,"href":"http:\/\/www.korhanyilmaz.com\/index.php?rest_route=%2Fwp%2Fv2%2Ftags&post=30432"}],"curies":[{"name":"wp","href":"https:\/\/api.w.org\/{rel}","templated":true}]}}