{"id":30428,"date":"2011-04-10T16:25:34","date_gmt":"2011-04-10T13:25:34","guid":{"rendered":"http:\/\/www.korhanyilmaz.com\/?p=30428"},"modified":"2011-04-10T16:25:34","modified_gmt":"2011-04-10T13:25:34","slug":"cumhurbaskani-gul-erciyes-daginda","status":"publish","type":"post","link":"http:\/\/www.korhanyilmaz.com\/?p=30428","title":{"rendered":"Cumhurba\u015fkan\u0131 G\u00fcl Erciyes Da\u011f\u0131&#8217;nda"},"content":{"rendered":"<p style=\"text-align: justify;\"><a href=\"http:\/\/www.korhanyilmaz.com\/wp-content\/uploads\/2011\/04\/124.jpg\"  class=\"lightview\"><img loading=\"lazy\" decoding=\"async\" class=\"aligncenter size-full wp-image-30429\" src=\"http:\/\/www.korhanyilmaz.com\/wp-content\/uploads\/2011\/04\/124.jpg\" alt=\"\" width=\"414\" height=\"221\" \/><\/a><\/p>\n<p style=\"text-align: justify;\">Cumhurba\u015fkan\u0131 Abdullah G\u00fcl, Erciyes Da\u011f\u0131\u2019nda kar keyfi yapt\u0131. G\u00fcl, da\u011fda kayak k\u0131yafetleriyle y\u00fcr\u00fcyen g\u00f6rmeyen 2 kayak\u00e7\u0131n\u0131n iradesini \u00f6ven, kar banyosu yapan \u2018Kar kaplanlar\u0131n\u0131\u2019 izledi ve &#8216;Allah iyili\u011finizi versin. Hayat\u0131mda hi\u00e7 bu kadar g\u00fclmemi\u015ftim.&#8217; dedi. Da\u011f\u0131n zirvesine do\u011fru hat\u0131ra foto\u011fraf\u0131 \u00e7ektiren Cumhurba\u015fkan\u0131 G\u00fcl, &#8220;Erciyes bir harika. Bu da\u011f\u0131n k\u0131ymetini bilmeliyiz&#8221; dedi.<!--more--><\/p>\n<p style=\"text-align: justify;\">KAYSER\u0130- Geceyi Erciyes Da\u011f\u0131\u2019nda ge\u00e7iren Cumhurba\u015fkan\u0131 Abdullah G\u00fcl\u2019e Mirada Del Lago Otel\u2019de, Erciyes ile ilgili g\u00f6rsel brifing verildi. Brifinge Enerji ve Tabii Kaynaklar Bakan\u0131 Taner Y\u0131ld\u0131z da kat\u0131ld\u0131. Kayseri B\u00fcy\u00fck\u015fehir Belediye ba\u015fkan\u0131 Mehmet \u00d6zhaseki, Erciyes Da\u011f\u0131\u2019n\u0131n master plan sayesinde sadece T\u00fcrkiye\u2019nin de\u011fil, Avrupa, Balkanlar ve Ortado\u011fu\u2019nun \u00f6nemli k\u0131\u015f sporlar\u0131 ve turizm merkezi olaca\u011f\u0131n\u0131 s\u00f6yledi. \u00d6zhaseki, &#8220;6 bin y\u0131ll\u0131k tarihi olan Kayseri, Kapadokya\u2019ya a\u00e7\u0131lan ilk kap\u0131d\u0131r. O nedenle Erciyes Master Projesi\u2019ni Kapadokya Projesi ile b\u00fct\u00fcnle\u015ftirece\u011fiz. Avrupa ve bir\u00e7ok yerde oldu\u011fu gibi da\u011flardan para kazanmak i\u00e7in Erciyes\u2019te kollar\u0131 s\u0131vad\u0131k. K\u00fclt\u00fcr ve do\u011fa turizmi g\u00fcn\u00fcm\u00fczde daha \u00e7ok \u00f6n plana \u00e7\u0131kmaktad\u0131r. Erciyes Da\u011f\u0131\u2019na, 2011 y\u0131l\u0131nda 100 milyon dolarl\u0131k, yat\u0131r\u0131m ger\u00e7ekle\u015ftirece\u011fiz&#8221; dedi. Cumhurba\u015fkan\u0131 G\u00fcl, ara ara sorular sorarak projeyle ilgili bilgiler ald\u0131. Cumhurba\u015fkan\u0131 Abdullah G\u00fcl toplam 350 milyon euru\u2019luk projenin umut verdi\u011fini ancak, Gen\u00e7lik ve Spor Genel M\u00fcd\u00fcrl\u00fc\u011f\u00fc\u2019ne ait mevcut binan\u0131n g\u00f6rsel a\u00e7\u0131dan \u00e7irkinlik yaratt\u0131\u011f\u0131n\u0131 ekledi. Bu arada da\u011fda turizm i\u015fletmecili\u011fi yapan Yozgatl\u0131 Ahmet D\u00fcndar Cumhurba\u015fkan\u0131na Erciyes Da\u011f\u0131 ile ilgili besteledi\u011fi \u015fark\u0131y\u0131 okudu.<\/p>\n<p style=\"text-align: justify;\"><strong>&#8220;KEND\u0130LER\u0130N\u0130 KUTLUYORUM&#8221;<\/strong><\/p>\n<p style=\"text-align: justify;\">Cumhurba\u015fkan\u0131 Abdullah G\u00fcl, Erciyes Da\u011f\u0131\u2019n\u0131n 2 bin 200 metre y\u00fcksekli\u011finde Tekir Yaylas\u0131\u2019nda kald\u0131\u011f\u0131 otelden kayak k\u0131yafeti ile yan\u0131nda Enerji ve Tabii Kaynaklar Bakan\u0131 Taner Y\u0131ld\u0131z, Vali Mevl\u00fct Bilici, B\u00fcy\u00fck\u015fehir Belediye ba\u015fkan\u0131 Mehmet \u00d6zhaseki ile birlikte tesisler b\u00f6lgesine geldi. Cumhurba\u015fkan\u0131 G\u00fcl, hac\u0131lar da\u011fc\u0131l\u0131k ve kayak Kul\u00fcb\u00fc sporcular\u0131yla hat\u0131ra foto\u011fraf\u0131 \u00e7ektirdi. Buradan panoramik olarak Erciyes Da\u011f\u0131\u2019n\u0131 izleyen Cumhurba\u015fkan\u0131 kayak \u00f6gretmenleri Veysel De\u011firmenci ve Zafer Demiry\u00fcrek denetiminde orta istasyondan saatte 40 kilometre h\u0131zla kayan tamamen g\u00f6rme engelli memur Mahmut Sel\u00e7uk ile \u00c7a\u011fatay Aks\u00f6z\u2019\u00fc pistte kutlay\u0131p, onlarla foto\u011fraf \u00e7ektirdi. G\u00fcl, &#8220;Bu iradedir. G\u00f6renler kayak yapm\u0131yor ama g\u00f6rd\u00fc\u011f\u00fcn\u00fcz gibi iki g\u00f6rme \u00f6z\u00fcrl\u00fc karde\u015fimiz, irade g\u00f6sterip, azmederek, kay\u0131yorlar. Kendilerini kutluyorum&#8221; dedi.<\/p>\n<p style=\"text-align: justify;\"><strong>&#8220;MAKOSEN AYAKKABIYLA DA\u011eA \u00c7IKTIK&#8221;<\/strong><\/p>\n<p style=\"text-align: justify;\">Cumhurba\u015fkan\u0131 G\u00fcl, pistte, hoparl\u00f6rden yay\u0131lan &#8220;Gesi ba\u011flar\u0131nda dolan\u0131yorum, yitirdim yarimi aran\u0131yorum&#8221; t\u00fcrk\u00fcs\u00fc e\u015fli\u011finde gazetecilere &#8220;Gen\u00e7li\u011fimde, o zaman buraya otob\u00fcs filan yoktu 5-6 arkada\u015f y\u00fcr\u00fcyerek \u00e7\u0131kt\u0131k. Sonra da yine yaya olarak \u015fehre d\u00f6nd\u00fck. Aya\u011f\u0131m\u0131zda makosen ayakkab\u0131lar\u0131m vard\u0131. Ertesi g\u00fcn ayaklar\u0131m\u0131z \u015fi\u015fti.O zaman b\u00f6yle kayak filan yoktu. kent i\u00e7inde k\u0131zaklar vard\u0131&#8221; diye dert yand\u0131.<\/p>\n<p style=\"text-align: justify;\"><strong>&#8220;ALLAH \u0130Y\u0130L\u0130\u011e\u0130N\u0130Z\u0130 VERS\u0130N&#8221;<\/strong><\/p>\n<p style=\"text-align: justify;\">Abdullah G\u00fcl, daha sonra \u2019Kar kaplanlar\u0131\u2019 grubunun g\u00f6sterisini ve kar banyonu izledi. Kar \u00fcst\u00fcnde soyunan ve kar\u0131 v\u00fccutlar\u0131na s\u00fcrenleri g\u00fclerek izleyen ve g\u00f6z\u00fcnden ya\u015flar gelen Cumhurba\u015fkan\u0131 G\u00fcl, &#8220;Hayat\u0131mda hi\u00e7 bu kadar g\u00fclmemi\u015ftim. Allah iyili\u011finizi versin&#8221; diye konu\u015ftu. Da\u011fda kayak yapmaya ve gezmeye gelenlerle birlikte hat\u0131ra foto\u011fraflar\u0131 \u00e7ektiren cumhurba\u015fkan\u0131 Erciyes da\u011f\u0131na kar\u015f\u0131 panoramik foto\u011fraf \u00e7ektirdikten sonra, salep i\u00e7ti. Daha sonra da kar motoru s\u00fcrd\u00fc. Cumhurba\u015fkan\u0131 da\u011fda ikram edilen sucuk ekmek yedikten sonra G\u00fcl \u00dcniversitesi toplant\u0131s\u0131na kat\u0131ld\u0131.<\/p>\n<p style=\"text-align: justify;\"><a href=\"http:\/\/www.gazeteport.com.tr\/GUNCEL\/NEWS\/GP_884890\" target=\"_blank\">Kaynak : GAZETEPORT<\/a><\/p>\n","protected":false},"excerpt":{"rendered":"<p style=\"text-align: justify;\">\n<p style=\"text-align: justify;\">Cumhurba\u015fkan\u0131 Abdullah G\u00fcl, Erciyes Da\u011f\u0131\u2019nda kar keyfi yapt\u0131. G\u00fcl, da\u011fda kayak k\u0131yafetleriyle y\u00fcr\u00fcyen g\u00f6rmeyen 2 kayak\u00e7\u0131n\u0131n iradesini \u00f6ven, kar banyosu yapan \u2018Kar kaplanlar\u0131n\u0131\u2019 izledi ve &#8216;Allah iyili\u011finizi versin. Hayat\u0131mda hi\u00e7 bu kadar g\u00fclmemi\u015ftim.&#8217; dedi. Da\u011f\u0131n zirvesine do\u011fru hat\u0131ra foto\u011fraf\u0131 \u00e7ektiren Cumhurba\u015fkan\u0131 G\u00fcl, &#8220;Erciyes bir harika. Bu da\u011f\u0131n k\u0131ymetini bilmeliyiz&#8221; dedi.<\/p>\n","protected":false},"author":1,"featured_media":0,"comment_status":"open","ping_status":"closed","sticky":false,"template":"","format":"standard","meta":{"footnotes":""},"categories":[105],"tags":[],"class_list":["post-30428","post","type-post","status-publish","format-standard","hentry","category-gundem","odd"],"_links":{"self":[{"href":"http:\/\/www.korhanyilmaz.com\/index.php?rest_route=\/wp\/v2\/posts\/30428","targetHints":{"allow":["GET"]}}],"collection":[{"href":"http:\/\/www.korhanyilmaz.com\/index.php?rest_route=\/wp\/v2\/posts"}],"about":[{"href":"http:\/\/www.korhanyilmaz.com\/index.php?rest_route=\/wp\/v2\/types\/post"}],"author":[{"embeddable":true,"href":"http:\/\/www.korhanyilmaz.com\/index.php?rest_route=\/wp\/v2\/users\/1"}],"replies":[{"embeddable":true,"href":"http:\/\/www.korhanyilmaz.com\/index.php?rest_route=%2Fwp%2Fv2%2Fcomments&post=30428"}],"version-history":[{"count":0,"href":"http:\/\/www.korhanyilmaz.com\/index.php?rest_route=\/wp\/v2\/posts\/30428\/revisions"}],"wp:attachment":[{"href":"http:\/\/www.korhanyilmaz.com\/index.php?rest_route=%2Fwp%2Fv2%2Fmedia&parent=30428"}],"wp:term":[{"taxonomy":"category","embeddable":true,"href":"http:\/\/www.korhanyilmaz.com\/index.php?rest_route=%2Fwp%2Fv2%2Fcategories&post=30428"},{"taxonomy":"post_tag","embeddable":true,"href":"http:\/\/www.korhanyilmaz.com\/index.php?rest_route=%2Fwp%2Fv2%2Ftags&post=30428"}],"curies":[{"name":"wp","href":"https:\/\/api.w.org\/{rel}","templated":true}]}}