{"id":30424,"date":"2011-04-10T17:36:29","date_gmt":"2011-04-10T14:36:29","guid":{"rendered":"http:\/\/www.korhanyilmaz.com\/?p=30424"},"modified":"2011-04-10T17:36:29","modified_gmt":"2011-04-10T14:36:29","slug":"finkelden-agir-suclama","status":"publish","type":"post","link":"http:\/\/www.korhanyilmaz.com\/?p=30424","title":{"rendered":"Finkel&#8217;den a\u011f\u0131r su\u00e7lama"},"content":{"rendered":"<p style=\"text-align: justify;\"><a href=\"http:\/\/www.korhanyilmaz.com\/wp-content\/uploads\/2011\/04\/123.jpg\"  class=\"lightview\"><img loading=\"lazy\" decoding=\"async\" class=\"aligncenter size-full wp-image-30425\" src=\"http:\/\/www.korhanyilmaz.com\/wp-content\/uploads\/2011\/04\/123.jpg\" alt=\"\" width=\"414\" height=\"221\" \/><\/a><\/p>\n<p style=\"text-align: justify;\">Today&#8217;s Zaman&#8217;dan \u0130mam\u0131n Ordusu hakk\u0131nda yazd\u0131\u011f\u0131 yaz\u0131 nedeniyle kovulan Andrew Finkel Taraf ve Zaman gazetelerine \u00e7ok a\u011f\u0131r su\u00e7lamalar y\u00f6neltti.<\/p>\n<p style=\"text-align: justify;\">Uzun y\u0131llard\u0131r \u0130stanbul\u2019da ya\u015fayan, uluslararas\u0131 bas\u0131n i\u00e7in serbest gazetecilik i\u015fleri d\u0131\u015f\u0131nda \u00e7e\u015fitli T\u00fcrkiye gazetelerinde k\u00f6\u015fe yazarl\u0131\u011f\u0131 yapan Andrew Finkel son \u00fc\u00e7 y\u0131ld\u0131r yazd\u0131\u011f\u0131 Today\u2019s Zaman\u2019dan kovuldu. <!--more--><\/p>\n<p style=\"text-align: justify;\">Finkel\u2019in 27 Mart\u2019ta Ergenekon soru\u015fturmas\u0131n\u0131n son dalgas\u0131nda g\u00f6z alt\u0131na al\u0131nan Ahmet \u015e\u0131k, Nedim \u015eener, bas\u0131lmam\u0131\u015f kitap tasla\u011f\u0131 ve davan\u0131n seyri \u00fczerine rahats\u0131zl\u0131klar\u0131n\u0131 anlatt\u0131\u011f\u0131 paragraflar\u0131n\u0131n sans\u00fcrlenmesi sonras\u0131nda \u201cG\u00fclen cemaatine sald\u0131ran bir kitap yazmak su\u00e7 de\u011fildir\u201d dedi\u011fi ikinci yaz\u0131s\u0131 hi\u00e7 yay\u0131mlanmad\u0131.<\/p>\n<p style=\"text-align: justify;\">Gazete y\u00f6netimi bununla da yetinmeyip son g\u00fcnlerdeki yaz\u0131lar\u0131n\u0131n gazetenin editoryal \u00e7izgisinden sapt\u0131\u011f\u0131 gerek\u00e7esiyle k\u00f6\u015fesine son verildi. Finkel, kovulma hik\u00e2yesini Radikal\u2019den P\u0131nar \u00d6\u011f\u00fcn\u00e7\u2019a anlatt\u0131. Taraf ve Zaman gazetelerine \u00e7ok a\u011f\u0131r su\u00e7lamalar yapt\u0131.<\/p>\n<p style=\"text-align: justify;\"><strong>F\u0130NKEL DE DOKUNDU VE YANDI MI? <\/strong><\/p>\n<p style=\"text-align: justify;\">Ahmet \u015e\u0131k g\u00f6zalt\u0131na al\u0131n\u0131rken \u201cDokunan yanar\u201d demi\u015fti. Siz de dokundunuz ve yand\u0131n\u0131z m\u0131? Ne oldu?<\/p>\n<p style=\"text-align: justify;\">Hay\u0131r, benim hi\u00e7bir zaman G\u00fclen cemaatiyle bir anla\u015famamazl\u0131\u011f\u0131m olmad\u0131. Benim sorunum gazetemleydi. Bas\u0131n \u00f6zg\u00fcrl\u00fc\u011f\u00fcn\u00fc savunma mecburiyetimizin daha fazla oldu\u011funu hissediyordum. Bir\u00e7ok insan gibi ben de Ergenekon savc\u0131s\u0131n\u0131n, yarg\u0131lanmay\u0131 beklerken parmakl\u0131klar ard\u0131nda olmalar\u0131nda hi\u00e7bir kamu yararar\u0131 bulunmayan insanlar\u0131n pe\u015finde ko\u015farak kendi davas\u0131n\u0131 zay\u0131flatt\u0131\u011f\u0131n\u0131 d\u00fc\u015f\u00fcn\u00fcyordum. Gazetemi zaman\u0131nda kar\u015f\u0131 durduklar\u0131 bir 28 \u015eubat oyunu oynamalar\u0131na kar\u015f\u0131 uyarmam gerekiyordu; politik g\u00fcd\u00fclerle ideolojik d\u00fc\u015fmanlar\u0131 karalama oyunu\u2026<\/p>\n<p style=\"text-align: justify;\"><strong>TARAF ZAMAN\u2019IN \u00d6NC\u00dc P\u0130YADES\u0130 <\/strong><\/p>\n<p style=\"text-align: justify;\">Bir \u00f6rnek vereyim. Zaman bir s\u00fcre Taraf gazetesini \u2018\u00f6nc\u00fc piyade\u2019 olarak kulland\u0131; Ergenekon davas\u0131ndaki s\u0131z\u0131nt\u0131 bilgileri ilk g\u00fcn Taraf\u2019\u0131n yay\u0131mlamas\u0131na izin verip ertesi g\u00fcn kendileri hik\u00e2yeyi haber yapt\u0131. Fakat Taraf G\u00fclen Hareketi\u2019yle ilgili bir WikiLeaks belgesi yay\u0131mlad\u0131\u011f\u0131nda, Zaman tamamen bunu g\u00f6rmezden geldi. \u015eimdi siz G\u00fclen Hareketi\u2019nin bir \u00fcyesiyseniz ABD\u2019nin sizin hakk\u0131n\u0131zda ger\u00e7ekten ne d\u00fc\u015f\u00fcnd\u00fc\u011f\u00fcn\u00fc merak etmez misiniz? Amerikal\u0131 yetkililerin kafas\u0131 da herkes kadar kar\u0131\u015f\u0131k ama bu meselenin bir y\u00fcz\u00fc.<\/p>\n<p style=\"text-align: justify;\"><strong>AHMET \u015eIK ZAMAN\u2019I DAHA FAZLA YAKTI <\/strong><\/p>\n<p style=\"text-align: justify;\">Neticede Zaman\u2019\u0131n fark etmesi laz\u0131m ki, onlar Ahmet \u015e\u0131k\u2019\u0131, Ahmet \u015e\u0131k\u2019\u0131n onlar\u0131 yakt\u0131\u011f\u0131 kadar \u2018yakmad\u0131\u2019.<\/p>\n<p style=\"text-align: justify;\"><strong>BASINI YALANLARLA BESLEYEN ERGENEKON VE&#8230; <\/strong><\/p>\n<p style=\"text-align: justify;\">Galiba \u015fu k\u0131sm\u0131n\u0131 da anlatmam laz\u0131m. 1999\u2019da ben de benzer nedenlerle, zaman\u0131n ruhuna ters gitti\u011fim i\u00e7in Sabah\u2019taki i\u015fimden kovulmu\u015ftum. Kovulmakla da kalmam\u0131\u015f hem ben hem ailem ba\u015fka gazetelerin ba\u015flatt\u0131\u011f\u0131 bir karalama kampanyas\u0131n\u0131n hedefi olmu\u015ftuk. Bir H\u00fcrriyet yazar\u0131 e\u015fimi h\u0131rs\u0131zl\u0131kla su\u00e7lam\u0131\u015ft\u0131 ki, bu iftiraya dair a\u00e7t\u0131\u011f\u0131m\u0131z davay\u0131 da kazand\u0131k zaten.<\/p>\n<p style=\"text-align: justify;\">\u015eimdi bildi\u011fimiz her \u015fey ve o vakitten bu yana \u00f6\u011frendiklerim, bas\u0131n\u0131 iftira dolu yalanlarla besleyenin Ergenekon de\u011filse, onun karde\u015f torunu oldu\u011fu hissini veriyor. T\u00fcrkiye\u2019de bas\u0131n, patronlar\u0131n savunmas\u0131 gereken ekonomik \u00e7\u0131karlar\u0131 y\u00fcz\u00fcnden kendi ahlak\u0131n\u0131 korumada \u00e7ok zay\u0131f kal\u0131yor; bu da bas\u0131n\u0131 su\u00e7 orta\u011f\u0131 haline getiriyor. Birine itaat etmek ya da onu memnun etmek i\u00e7in elinden geleni yap dendi\u011finde, bunu yapmaya meylediyorlar.<\/p>\n<p style=\"text-align: justify;\"><strong>KOVULAN \u0130LK GAZETEC\u0130 BEN DE\u011e\u0130L\u0130M <\/strong><\/p>\n<p style=\"text-align: justify;\">T\u00fcrkiye\u2019de ilk kovulan insan ben de\u011filim. H\u00fcrriyet daha yeni bunu yapmay\u0131 reddeden iki yazar\u0131ndan kurtuldu. Zaman olay\u0131nda ekonomik \u00e7\u0131karlar, ideolojik \u00e7\u0131karlar kadar rol oynamam\u0131\u015f olabilir. Kendini sans\u00fcrleyen bir gazete, bu y\u00fczden ba\u015fkalar\u0131n\u0131 sans\u00fcrleme hakk\u0131n\u0131 kendinde bulabilir. Today\u2019s Zaman ge\u00e7enlerde bir foto\u011fraf yay\u0131mlad\u0131. Tayyip Erdo\u011fan\u2019\u0131n u\u00e7akta \u00e7e\u015fitli gazetecilerle g\u00f6steren bu kare politik iktidarla bas\u0131n\u0131n aras\u0131ndaki ili\u015fkiye dair \u00e7ok \u015fey s\u00f6yl\u00fcyor. Ben Ahmet \u015e\u0131k\u2019\u0131 tan\u0131mam, asl\u0131nda yazd\u0131klar\u0131n\u0131 da okumad\u0131m. Fakat uzun laf\u0131n k\u0131sas\u0131 zaman\u0131nda bana ve e\u015fime yap\u0131lan\u0131n benzerini \u015e\u0131k\u2019a yapanlar g\u00fcruhunun bir par\u00e7as\u0131 olmayaca\u011f\u0131m.<\/p>\n<p style=\"text-align: justify;\"><a href=\"http:\/\/www.gazeteport.com.tr\/GUNCEL\/NEWS\/GP_884914\" target=\"_blank\">Kaynak : GAZETEPORT<\/a><\/p>\n","protected":false},"excerpt":{"rendered":"<p style=\"text-align: justify;\">\n<p style=\"text-align: justify;\">Today&#8217;s Zaman&#8217;dan \u0130mam\u0131n Ordusu hakk\u0131nda yazd\u0131\u011f\u0131 yaz\u0131 nedeniyle kovulan Andrew Finkel Taraf ve Zaman gazetelerine \u00e7ok a\u011f\u0131r su\u00e7lamalar y\u00f6neltti.<\/p>\n<p style=\"text-align: justify;\">Uzun y\u0131llard\u0131r \u0130stanbul\u2019da ya\u015fayan, uluslararas\u0131 bas\u0131n i\u00e7in serbest gazetecilik i\u015fleri d\u0131\u015f\u0131nda \u00e7e\u015fitli T\u00fcrkiye gazetelerinde k\u00f6\u015fe yazarl\u0131\u011f\u0131 yapan Andrew Finkel son \u00fc\u00e7 y\u0131ld\u0131r yazd\u0131\u011f\u0131 Today\u2019s Zaman\u2019dan kovuldu. <\/p>\n","protected":false},"author":1,"featured_media":0,"comment_status":"open","ping_status":"closed","sticky":false,"template":"","format":"standard","meta":{"footnotes":""},"categories":[105],"tags":[],"class_list":["post-30424","post","type-post","status-publish","format-standard","hentry","category-gundem","odd"],"_links":{"self":[{"href":"http:\/\/www.korhanyilmaz.com\/index.php?rest_route=\/wp\/v2\/posts\/30424","targetHints":{"allow":["GET"]}}],"collection":[{"href":"http:\/\/www.korhanyilmaz.com\/index.php?rest_route=\/wp\/v2\/posts"}],"about":[{"href":"http:\/\/www.korhanyilmaz.com\/index.php?rest_route=\/wp\/v2\/types\/post"}],"author":[{"embeddable":true,"href":"http:\/\/www.korhanyilmaz.com\/index.php?rest_route=\/wp\/v2\/users\/1"}],"replies":[{"embeddable":true,"href":"http:\/\/www.korhanyilmaz.com\/index.php?rest_route=%2Fwp%2Fv2%2Fcomments&post=30424"}],"version-history":[{"count":0,"href":"http:\/\/www.korhanyilmaz.com\/index.php?rest_route=\/wp\/v2\/posts\/30424\/revisions"}],"wp:attachment":[{"href":"http:\/\/www.korhanyilmaz.com\/index.php?rest_route=%2Fwp%2Fv2%2Fmedia&parent=30424"}],"wp:term":[{"taxonomy":"category","embeddable":true,"href":"http:\/\/www.korhanyilmaz.com\/index.php?rest_route=%2Fwp%2Fv2%2Fcategories&post=30424"},{"taxonomy":"post_tag","embeddable":true,"href":"http:\/\/www.korhanyilmaz.com\/index.php?rest_route=%2Fwp%2Fv2%2Ftags&post=30424"}],"curies":[{"name":"wp","href":"https:\/\/api.w.org\/{rel}","templated":true}]}}