{"id":30387,"date":"2011-04-10T13:03:00","date_gmt":"2011-04-10T10:03:00","guid":{"rendered":"http:\/\/www.korhanyilmaz.com\/?p=30387"},"modified":"2011-04-10T13:03:00","modified_gmt":"2011-04-10T10:03:00","slug":"ali-fahir-kayacan-12-eylul-yargisi-bugunden-daha-adildi","status":"publish","type":"post","link":"http:\/\/www.korhanyilmaz.com\/?p=30387","title":{"rendered":"Ali Fahir Kayacan: 12 Eyl\u00fcl yarg\u0131s\u0131 bug\u00fcnden daha adildi"},"content":{"rendered":"<p style=\"text-align: center;\"><a href=\"http:\/\/www.korhanyilmaz.com\/wp-content\/uploads\/2011\/04\/122.jpg\"  class=\"lightview\"><img loading=\"lazy\" decoding=\"async\" class=\"aligncenter size-full wp-image-30388\" src=\"http:\/\/www.korhanyilmaz.com\/wp-content\/uploads\/2011\/04\/122.jpg\" alt=\"\" width=\"356\" height=\"240\" \/><\/a><\/p>\n<p style=\"text-align: justify;\">12 Eyl\u00fcl d\u00f6neminde s\u0131k\u0131y\u00f6netim mahkemelerinde askeri hakim olan Ali Fahir Kayacan, &#8220;12 Eyl\u00fcl yarg\u0131s\u0131 bug\u00fcnden daha adildi&#8221; dedi.<\/p>\n<p style=\"text-align: justify;\">H\u00fcrriyet gazetesinin haberine g\u00f6re; Ali Fahir Kayacan s\u0131k\u0131y\u00f6netim mahkemelerinde g\u00f6rev yapm\u0131\u015f bir askeri hakimdi. 12 Eyl\u00fcl d\u00f6neminde MHP davas\u0131 ba\u015fta olmak \u00fczere bir\u00e7ok siyasi davaya bakt\u0131. 40 kadar idam karar\u0131na imza att\u0131, d\u00f6rt idamda bulundu. <!--more--><\/p>\n<p style=\"text-align: justify;\">Bundan \u00f6nce Askeri Yarg\u0131tay Genel Sekreteri\u2019yken albay r\u00fctbesiyle emekli oldu. Kayacan \u015fimdi avukatl\u0131k yap\u0131yor. Da\u011fl\u0131ca\u2019dan Balyoz davas\u0131na kadar bir\u00e7ok davadaki m\u00fcvekkillerini savunuyor. Ergenekon davas\u0131yla ilgili olarak baz\u0131lar\u0131 gibi toptan yakla\u015f\u0131p t\u00fcm\u00fcyle komplodur demem. Ama \u00f6zellikle bu kitap meselesi manidar. Bunlar ad\u0131n\u0131 hat\u0131rlayamad\u0131\u011f\u0131m ve \u015fimdi uzak bir \u00fclkede oturan \u2018bilge ki\u015fi\u2019nin yeti\u015ftirdi\u011fi \u2018alt\u0131n nesil\u2019in ba\u015far\u0131s\u0131d\u0131r.<\/p>\n<p style=\"text-align: justify;\">Zekeriya \u00d6z\u2019\u00fcn Ergenekon davas\u0131ndan al\u0131nmas\u0131, soru\u015fturmadaki hukuksuzluklara HSYK\u2019n\u0131n dur demesi. K\u0131l\u0131f bulunam\u0131yor art\u0131k. 12 Eyl\u00fcl yarg\u0131lamalar\u0131n\u0131 yapan s\u0131k\u0131y\u00f6netim mahkemelerinde mi daha \u00f6zg\u00fcr savunma yap\u0131l\u0131yordu, \u015fimdiki \u00f6zel yetkili mahkemeler ve savc\u0131l\u0131klarda m\u0131? Ben iddia ediyorum ki, t\u00fcm ele\u015ftirilere ra\u011fmen s\u0131k\u0131y\u00f6netim mahkemeleri ve savc\u0131l\u0131klarda hukuk kurallar\u0131na mutlak ba\u011fl\u0131l\u0131k vard\u0131. Duru\u015fmalarda saatlerce savunma yap\u0131l\u0131rd\u0131. Bug\u00fcn \u00f6zel yetkili mahkemelerde adil bir yarg\u0131lama ortam\u0131n\u0131n olmad\u0131\u011f\u0131n\u0131 s\u00f6yl\u00fcyorum. Bir kere \u00f6zel yetkilere gerek yok!<\/p>\n<p style=\"text-align: justify;\"><strong>Ergenekon davas\u0131 10 y\u0131lda bitmez <\/strong><\/p>\n<p style=\"text-align: justify;\">MHP davas\u0131 19 A\u011fustos 1981\u2019de ba\u015flad\u0131. 7 Nisan 1987\u2019de karar verdik. Asl\u0131nda bug\u00fcnk\u00fc davalara k\u0131yaslarsan\u0131z, jet h\u0131z\u0131yla bitirdik o davay\u0131. Ama bak\u0131n ne yapt\u0131k? Dava a\u00e7\u0131ld\u0131\u011f\u0131 zaman 587 san\u0131k vard\u0131, 975 sayfal\u0131k da bir iddianame. Adana vb. gibi yerleri ay\u0131rd\u0131k. Ankara\u2019y\u0131, partinin adamlar\u0131n\u0131, \u00fclk\u00fcc\u00fc kurulu\u015flar\u0131n genel merkez y\u00f6neticilerini ald\u0131k. 302 san\u0131\u011fa indirdik. Gerisini ayn\u0131 mahkemede ayr\u0131 dosya haline getirdik. Hatta Savc\u0131 Nurettin Soyer k\u0131zd\u0131 bize.<\/p>\n<p style=\"text-align: justify;\">Gece ikilere, \u00fc\u00e7lere kadar haftan\u0131n \u00fc\u00e7 g\u00fcn\u00fc duru\u015fma yapt\u0131k. Hakimlik 09-18.00 mesaisiyle y\u00fcr\u00fct\u00fclecek bir i\u015f de\u011fildir. Fedakarl\u0131k ister. 79\u2019da S\u0131k\u0131y\u00f6netimde d\u00f6rt hakimdik, sekiz ay k\u0131z\u0131m\u0131 uyan\u0131k g\u00f6remedim. \u00c7\u00fcnk\u00fc be\u015f g\u00fcn duru\u015fma yapar, hafta sonu da giderdik. Ergenekon davalar\u0131nda hala sorgular tamamlanamad\u0131. \u0130nan\u0131lmaz bir \u015fey! Bu h\u0131zla 10 y\u0131ldan da uzun s\u00fcrebilir. Mesela bir m\u00fcvekkilimin oldu\u011fu Balyoz davas\u0131 \u00e7ok basit bence. De\u011ferlendirilecek belli noktalar var, hi\u00e7 uzatmaya gerek yok. Gecelere kadar duru\u015fma yapar, bitiririm.<\/p>\n<p style=\"text-align: justify;\"><strong>Askeri hakimlerin askerlikle ilgisi yok <\/strong><\/p>\n<p style=\"text-align: justify;\">Sivil ya da asker, se\u00e7ilmi\u015f ya da atanm\u0131\u015f b\u00fcrokrasi, kendi icraat\u0131n\u0131 ve otoritesini k\u0131s\u0131tlay\u0131c\u0131 bir unsur olarak g\u00f6rd\u00fc\u011f\u00fc yarg\u0131dan haz etmez. Hepsi yarg\u0131 \u00fczerinde etkili olmak ister. \u00d6nemli olan, yarg\u0131 mensubunun karakteridir. E\u011fer hakim, savc\u0131 sa\u011flamsa kimse bir \u015fey yapamaz. Recep Ergun s\u0131k\u0131y\u00f6netim komutan\u0131yken, sa\u00e7lar\u0131m uzun oldu\u011fu i\u00e7in bana d\u00fc\u015f\u00fck sicil verdi. Versin, ne olacak? Benim yap\u0131m tahakk\u00fcm derecesine ula\u015fabilecek veya \u00f6zg\u00fcr irademi etkilemeye y\u00f6nelik bir otoriteyi kald\u0131rmaz. Onun i\u00e7in askerli\u011fi hi\u00e7 d\u00fc\u015f\u00fcnmemi\u015ftim. \u00c7\u00fcnk\u00fc askerlik mesle\u011fi yap\u0131sal farkl\u0131l\u0131klar\u0131 nedeniyle bir\u00e7ok noktada hukuk kavram\u0131yla \u00e7at\u0131\u015fan \u00f6zellikler i\u00e7eren bir meslektir. Hukuk\u00e7u olmay\u0131 \u00e7ok istemi\u015ftim.<\/p>\n<p style=\"text-align: justify;\">Ankara Hukuk\u2019u bitirdim. Niyetim, askerden d\u00f6n\u00fcp sivil hakimlik staj\u0131na ba\u015flamakt\u0131. Yedeksubay okulunda ilk 10\u2019a girenler istedi\u011fi yeri se\u00e7iyordu. Ben de evlenmeyi d\u00fc\u015f\u00fcnd\u00fc\u011f\u00fcm i\u00e7in Ankara\u2019y\u0131 istiyordum. Listeye bakt\u0131m, Askeri Yarg\u0131tay Ba\u015fkan\u0131 Tu\u011fgeneral\u2019in emir subayl\u0131\u011f\u0131 vard\u0131, hukukla ilgili diye oray\u0131 se\u00e7tim. Askeri Yarg\u0131tay\u2019da askeri hakimler \u00fcniforma giyiyorlard\u0131 ama askerlikle ilgileri yoktu. Birbirlerine \u201cKomutan\u201d demiyor, \u201cBey, abi\u201d diye hitap ediyorlard\u0131. Askeri hakimlik s\u0131nav\u0131na m\u00fcracaat etmemi ba\u015fkan tavsiye etti. S\u0131navda birinci oldum. 1976\u2019da ilk g\u00f6rev yerim Hava Kuvvetleri Mahkemesi oldu.<\/p>\n<p style=\"text-align: justify;\"><strong>12 Eyl\u00fcl idaresini k\u0131nad\u0131k <\/strong><\/p>\n<p style=\"text-align: justify;\">26 Aral\u0131k 1978\u2019de s\u0131k\u0131y\u00f6netim ilan edildi, 29 Aral\u0131k\u2019ta Ankara 1. Numaral\u0131 S\u0131k\u0131y\u00f6netim Mahkemesi\u2019nde g\u00f6revlendirildik. Bir bu\u00e7uk ay mahkeme binas\u0131 arad\u0131k. En sonunda K\u0131demli Hakim Hamdi Sevin\u00e7\u2019in akl\u0131na 71 s\u0131k\u0131y\u00f6netiminde Deniz Gezmi\u015f\u2019lerin yarg\u0131land\u0131\u011f\u0131 eski s\u0131k\u0131y\u00f6netim mahkemesi binas\u0131 geldi. S\u0131k\u0131y\u00f6netim Komutan\u0131 Nihat \u00d6zer Pa\u015fa, o binan\u0131n \u00fcst kat\u0131n\u0131 bize tahsis etti. Ama o binay\u0131 kullanan Kara Kuvvetleri Mahkemesi\u2019nin k\u0131demli hakimi Ya\u015far Turan, \u201cBuray\u0131 vermem\u201d dedi.<\/p>\n<p style=\"text-align: justify;\">Hamdi Albay ile neredeyse yumruk yumru\u011fa gireceklerdi. \u00d6yle me\u015fakkatli ba\u015flad\u0131k. Hamdi Sevin\u00e7\u2019in ili\u015fi\u011finin kesildi\u011fi g\u00fcn\u00fc hi\u00e7 unutamam. En son Erbakan\u2019\u0131n tutuklanma talebini reddetmi\u015fti. S\u00f6ylenmemi\u015fti ama biz ona ba\u011flam\u0131\u015ft\u0131k emekli edilmesinin nedenini. Mahkemede alt\u0131 hakimdik. Milli G\u00fcvenlik Konseyi\u2019ne dilek\u00e7e g\u00f6nderdik. Yap\u0131lan i\u015flemin hakim ba\u011f\u0131ms\u0131zl\u0131\u011f\u0131na uymad\u0131\u011f\u0131n\u0131, k\u0131nad\u0131\u011f\u0131m\u0131z\u0131 yazd\u0131k. \u00dcniforma alt\u0131ndaki hakimler olarak ihtilal idaresine yaz\u0131yoruz, dikkat edin. Tarih de 9 Kas\u0131m 1980. Ge\u00e7enlerde torunu arad\u0131, Hamdi Albay\u2019\u0131n notunu okudu. Kendisi ge\u00e7irdi\u011fi bir g\u0131rtlak operasyonu nedeniyle konu\u015fam\u0131yormu\u015f. Yeni yasadan yararlanmak istiyordu. Vekaletini ald\u0131m, haklar\u0131n\u0131 almas\u0131 i\u00e7in Milli Savunma Bakanl\u0131\u011f\u0131\u2019na ba\u015fvurdum. Kader bu&#8230;<\/p>\n<p style=\"text-align: justify;\"><strong>&#8220;Yap\u0131lmad\u0131 diyemem&#8221; <\/strong><\/p>\n<p style=\"text-align: justify;\">12 Eyl\u00fcl\u2019de herkes i\u015fkence iddialar\u0131n\u0131 s\u00f6yl\u00fcyordu. Fakat bir k\u0131sm\u0131 tutuklama hakimi ifadesinde de itiraf etmi\u015f, hatta silah\u0131n yerini de s\u00f6ylemi\u015f, oradan bulunmu\u015ftu. Bak\u0131n, emniyette i\u015fkence yap\u0131lmad\u0131 demiyorum. Bunlar\u0131n h\u00fckme esas al\u0131nmad\u0131\u011f\u0131n\u0131 s\u00f6yl\u00fcyorum ben. Bu, Dev Yol davas\u0131 i\u00e7in de ge\u00e7erli, \u00fclk\u00fcc\u00fclerin davas\u0131 i\u00e7in de. Mesela Muhsin Yaz\u0131c\u0131o\u011flu, Hasan \u00c7a\u011flayan ile beraber silahlar\u0131 kendi g\u00f6stermi\u015fti. Ayn\u0131 Ergenekon kaz\u0131lar\u0131 gibi savc\u0131 ba\u015f\u0131nda durdu, buldozer getirildi.<\/p>\n<p style=\"text-align: justify;\">Silahlar, dinamit lokumlar\u0131 bulundu. Bunun i\u015fkenceyle ne ilgisi var? Biz hakim olarak yan delillerle ifadenin uyu\u015fup uyu\u015fmad\u0131\u011f\u0131na bakar\u0131z. Ona bakarsan\u0131z 7 T\u0130P\u2019linin \u00f6ld\u00fcr\u00fclmesi davas\u0131nda Haluk K\u0131rc\u0131\u2019n\u0131n tutuklamas\u0131n\u0131 ben yapm\u0131\u015ft\u0131m. Hepsini anlatt\u0131, inanamad\u0131m. Adam\u0131n yalan s\u00f6yleyip s\u00f6ylemedi\u011fini anlamaya, a\u00e7\u0131\u011f\u0131n\u0131 yakalamaya \u00e7al\u0131\u015ft\u0131m. Dosyadan ayr\u0131nt\u0131lar sordum. Bir dolu tehdit mektubu geldi MHP davas\u0131 s\u0131ras\u0131nda.<\/p>\n<p style=\"text-align: justify;\"><strong>&#8220;Aruz vezniyle ta\u015flama yazard\u0131k&#8221; <\/strong><\/p>\n<p style=\"text-align: justify;\">12 Eyl\u00fcl \u00f6ncesinde yurtta kalsayd\u0131m b\u00fcy\u00fck ihtimal \u00fclk\u00fcc\u00fc olurdum. Babam serbest meslek sahibi, ticaret adam\u0131. Rahat bir talebeydim, cebimde devaml\u0131 har\u00e7l\u0131\u011f\u0131m olurdu. Bizim okuldaki devrimci tiplere g\u00f6re ben komprador \u00e7ocu\u011fuydum. Dersten sonra hemen babam\u0131n sanayi \u00e7ar\u015f\u0131s\u0131ndaki yedek par\u00e7a d\u00fckkan\u0131na giderdim. O i\u015flerle u\u011fra\u015facak ortam olmad\u0131. Babam eski Demokrat Parti zihniyetiydi. \u015eiir yazard\u0131m. Atat\u00fcrk Lisesi\u2019nde edebiyat kolu mezunuyum. \u00d6zellikle, divan edebiyat\u0131n\u0131 \u00e7ok severdim. Aruz vezniyle kaside yazm\u0131\u015ft\u0131m zaman\u0131nda. Biz arkada\u015f\u0131mla s\u0131n\u0131fta birbirimize aruz vezniyle ta\u015flama yazard\u0131k. Tarihi dizileri de \u00e7ok severim ben.<\/p>\n<p style=\"text-align: justify;\"><strong>&#8220;Hi\u00e7birini yakmad\u0131m, isteyene verdim&#8221; <\/strong><\/p>\n<p style=\"text-align: justify;\">Kitap niye yakay\u0131m ben, yaz\u0131k. Al\u0131r okurdum m\u00fcsadere edilen kitaplar\u0131. Saklard\u0131m o kitaplar\u0131. Tutanak tutard\u0131k imha edildi diye. Oradan ald\u0131\u011f\u0131m \u0130bni Haldun\u2019un Mukaddime\u2019si, Zweig\u2019in Amok Ko\u015fucusu halen evde. Diyarbak\u0131r S\u0131k\u0131y\u00f6netim\u2019deyken kitaplar\u0131 imha edeceklerini \u00f6\u011frendim, \u201cGetirin bana\u201d dedim. Odam kitap doldu. \u0130steyen herkese verdim. Hatta 141-142. madde su\u00e7 olmaktan \u00e7\u0131k\u0131nca sab\u0131ka kayd\u0131n\u0131n silinmesi belgesi almaya gelenlere \u201c\u0130stedi\u011finiz kitab\u0131 alabilirsiniz\u201d diyordum. Ben an\u0131lar\u0131m\u0131 yazmayaca\u011f\u0131m. Belki duru\u015fmalarda olan komiklikler yaz\u0131labilir. Allah selamet versin subay \u00fcye vard\u0131 Tu\u011fgeneral Ya\u015far Selamo\u011flu. Geldi\u011fi g\u00fcn, \u201cHakim kumandanlar siz tanktan anlar m\u0131s\u0131n\u0131z?\u201d demi\u015fti.<\/p>\n<p style=\"text-align: justify;\">Yok deyince \u201cHaa ben de bu i\u015ften anlamam. O zaman sizin dedi\u011finiz olur\u201d dedi. Ba\u015fkan ya ka\u011f\u0131t \u00fczerinde. Ona yetkisini izah ettik. Fakat bakt\u0131k l\u00fczumsuz yere duru\u015fmadan adam at\u0131yor, aram\u0131zda \u015fifre koyduk. Vural abinin (\u00d6zenirler) \u201cDuru\u015fman\u0131n disiplinini a\u015f\u0131r\u0131 derecede bozuyorsunuz\u201d demesi \u201cBir \u015fey daha yaparsa duru\u015fmadan at\u201d demekti. Bir g\u00fcn Ya\u015far Pa\u015fa, \u201cHey arka s\u0131radaki seni atar\u0131m, at\u0131yorum, att\u0131m\u201d deyince b\u00fct\u00fcn salon kahkahalarla g\u00fcld\u00fc.<\/p>\n<p style=\"text-align: justify;\"><strong>&#8220;Kendimi ihbar ettim buyrun y\u00fczle\u015felim&#8221; <\/strong><\/p>\n<p style=\"text-align: justify;\">1991-95 y\u0131llar\u0131nda Diyarbak\u0131r\u2019da g\u00f6rev yapt\u0131m. S\u0131k\u0131y\u00f6netim kalkm\u0131\u015ft\u0131 ama kalan dosyalara bak\u0131yorduk. PKK davas\u0131 Yarg\u0131tay\u2019dan bozulmu\u015f gelmi\u015fti. \u0130lk duru\u015fmada kendimi tan\u0131tt\u0131m. \u201cSavunma hakk\u0131n\u0131zda en ufak bir k\u0131s\u0131tlama olmayacakt\u0131r\u201d dedim. Bakt\u0131lar ki adil yarg\u0131lama yap\u0131yoruz, kendilerini teslim ettiler. PKK\u2019n\u0131n en \u00f6nemli adamlar\u0131ndan \u2018\u015eirket\u2019 kod adl\u0131 R\u0131za Altun vard\u0131r. 91\u2019de \u00d6zal\u2019\u0131n \u00e7\u0131kard\u0131\u011f\u0131 infaz kanunu, idam\u0131 20, m\u00fcebbeti 15 seneye indirmi\u015fti. O da tutuklulukta 15 seneyi doldurdu\u011fu i\u00e7in tahliye karar\u0131 verdik. Hemen Bekaa\u2019ya gitmi\u015f, Apo ate\u015fkes ilan ederken yan\u0131ndayd\u0131. Ate\u015fkesten 10-15 g\u00fcn sonra duru\u015fma vard\u0131. Dedim, \u201c\u015eirket\u2019i g\u00f6rd\u00fcn\u00fcz m\u00fc televizyonda?\u201d<\/p>\n<p style=\"text-align: justify;\">Biliyor musunuz sonradan d\u0131\u015far\u0131da \u00e7ok san\u0131kla kar\u015f\u0131la\u015ft\u0131m. Oturup konu\u015ftu\u011fumuz da oldu. Hi\u00e7bir san\u0131ktan asla bir tepki g\u00f6rmedim. Rahmetli Muhsin Yaz\u0131c\u0131o\u011flu \u00e7e\u015fitli kanallarla selam ve sayg\u0131 g\u00f6ndermi\u015ftir bize. Bu g\u00fcveni sa\u011flayabilmeniz \u00f6nemli. Anayasa de\u011fi\u015fikli\u011finin Resmi Gazete\u2019de yay\u0131mlanmas\u0131n\u0131n ertesi g\u00fcn\u00fc \u00f6zel yetkili savc\u0131l\u0131\u011fa gittim. Hamza Kele\u015f Bey, dilek\u00e7eyi almak istemedi. \u201cYapma Hakim Bey\u201d dedi. \u201cBuyurun, kendi kendimi ihbar ediyorum\u201d dedim verdim ben dilek\u00e7emi. \u201cGe\u00e7ici 15. madde bizi korumuyor ama hep istismar ediliyor. E\u011fer bir koruma varsa \u015fimdi kalkt\u0131\u201d dedim. Bizim i\u00e7in \u2018Darbenin hakimi\u2019 diyor baz\u0131lar\u0131. Varsa ge\u00e7mi\u015fiyle y\u00fczle\u015fmek isteyen, \u015fikayet\u00e7i oldu\u011funu s\u00f6yleyen buyursun gelsin.<\/p>\n<p style=\"text-align: justify;\"><strong>&#8220;Art\u0131k geri gelemez&#8221; <\/strong><\/p>\n<p style=\"text-align: justify;\">40 idam karar\u0131 vermem \u015f\u00f6yle:<\/p>\n<p style=\"text-align: justify;\">12\u2019si MHP davas\u0131nda, 20\u2019ye yak\u0131n\u0131 da Diyarbak\u0131r\u2019da PKK davas\u0131nda. Onlar zaten infaz\u0131 hukuken m\u00fcmk\u00fcn olmayan idamlard\u0131. Hava Kuvvetleri askeri mahkemesinde var bir idam karar\u0131. Bir onba\u015f\u0131, bir \u00fcste\u011fmenin e\u015fini 36 yerinden b\u0131\u00e7aklayarak \u00f6ld\u00fcrm\u00fc\u015ft\u00fc 89 y\u0131l\u0131nda. Kanun de\u011fi\u015fti, o idam infaz edilmedi. \u0130dam meselesini yine herkes tart\u0131\u015f\u0131yor da \u00e7ok l\u00fczumsuz. \u0130dam\u0131n geri getirilmesi m\u00fcmk\u00fcn de\u011fil. \u201cEk protokole imza att\u0131k ama bizde baz\u0131 caniler var biraz ara verelim\u201d diyemeyiz. \u0130dam\u0131n taraftar\u0131 da olsan\u0131z devlet ciddiyetine uygun d\u00fc\u015fmez. \u0130dam art\u0131k bu devirde olmaz. D\u00f6rt infaza kat\u0131ld\u0131m ama ikisinde imzam vard\u0131. Mustafa Pehlivano\u011flu\u2019nun karar\u0131nda vard\u0131m. Necdet Adal\u0131 da ayn\u0131 gece infaz oldu\u011fu i\u00e7in ikisinin infaz\u0131n\u0131 g\u00f6rd\u00fcm.<\/p>\n<p style=\"text-align: justify;\">Tabii bir can ama kanun h\u00fckm\u00fcyle oldu\u011fu i\u00e7in o duruma d\u00fc\u015fmesine \u00fcz\u00fcl\u00fcyorsunuz. Ali B\u00fclent Orkan ile infaz gecesi yan yana oturduk. \u00c7ocuk y\u00fcz\u00fcme bakam\u0131yor. \u201cAli B\u00fclent kaderin b\u00f6yleymi\u015f\u201d dedim. Ba\u015f\u0131n\u0131 hakl\u0131s\u0131n gibi sallad\u0131. Piyangotepe\u2019de yedi ki\u015fiyi yere yat\u0131r\u0131p \u00fczerlerine ate\u015f ederek f\u00fctursuzca \u00f6ld\u00fcrm\u00fc\u015flerdi. Erdal Eren\u2019in davas\u0131nda ben yoktum. Erdal Eren\u2019in durumunun m\u00fcsebbibi avukatlar\u0131d\u0131r. Avukatlar, yarg\u0131lama s\u0131ras\u0131nda ya\u015f\u0131n\u0131n k\u00fc\u00e7\u00fck oldu\u011funu g\u00fcndeme getirmemi\u015fler. Mahkeme idam karar\u0131n\u0131 vermi\u015f, o zaman temyiz dilek\u00e7esine yazm\u0131\u015flar. Bir hata varsa onaylayan Askeri Yarg\u0131tay\u2019dad\u0131r. \u0130lk hakimlerin hatas\u0131 yok.<\/p>\n<p style=\"text-align: justify;\"><strong>&#8220;Benim gibi \u00e7ok konu\u015fan adam\u0131 general yapmazlard\u0131&#8221; <\/strong><\/p>\n<p style=\"text-align: justify;\">95\u2019te Diyarbak\u0131r\u2019da s\u00fcrem dolduktan sonra Askeri Yarg\u0131tay savc\u0131l\u0131\u011f\u0131na geldim. 98\u2019de hakimli\u011fe ba\u015flad\u0131m. Orada denetleyici makamda oldu\u011funuz i\u00e7in farkl\u0131 g\u00f6zle bak\u0131yorsunuz. Kanundaki b\u00fct\u00fcn yetkileri kullanmak ko\u015fuluyla genel sekreterli\u011fi kabul ettim. 2001\u2019de ani bir kararla emeklili\u011fimi \u00f6ne \u00e7ekmi\u015f oldum. Zaten Hava Kuvvetleri Komutan\u0131 Ergin Celasin Pa\u015fa, \u201cSeni general yapaca\u011f\u0131z\u201d deyince g\u00fcld\u00fcm, \u201cBeni yapmazlar\u201d dedim. \u201cSenden iyisini mi bulaca\u011f\u0131z?\u201d dedi.<\/p>\n<p style=\"text-align: justify;\">\u201cBenim gibi \u00e7ok konu\u015fan adam\u0131 sevmezler\u201d dedim. \u0130tirazlar\u0131m\u0131 s\u00f6yleyebilmek i\u00e7in isterdim general olmay\u0131. Silahl\u0131 Kuvvetler, askeri hakime hep omzundaki r\u00fctbeye g\u00f6re bakm\u0131\u015ft\u0131r. Bir hakim olarak bu bak\u0131\u015f a\u00e7\u0131s\u0131n\u0131 asla i\u00e7ime sindirememi\u015fimdir. Benim kan\u0131ma dokunan \u015feylerden biri budur. Maa\u015f\u0131m\u0131z\u0131n artt\u0131\u011f\u0131 g\u00fcnlerde serviste hakimlere laf atanlar olurdu. Askeri Yarg\u0131tay\u2019a y\u00fcksek mahkeme gibi davran\u0131lmal\u0131. Ama ba\u011f\u0131ms\u0131z b\u00fct\u00e7esi yok. Y\u00fcksek Askeri \u015eura\u2019n\u0131n \u00fcyelerden veya daire ba\u015fkanlar\u0131ndan birini general yapmas\u0131 sonucu o ki\u015fi ba\u015fkan oluyor. Bunlar de\u011fi\u015fmezse kalks\u0131n. Tabii \u00f6nce askeri yarg\u0131y\u0131 muhafaza edecek miyiz ona karar vermek laz\u0131m. Alt\u0131 \u00e7ift ba\u015fl\u0131 ise, ba\u015f\u0131 \u00e7ift ba\u015fl\u0131 olmasa ne olacak? \u015e\u00f6yle bir alternatif de olabilir. Askeri yarg\u0131 kal\u0131r, sivil Yarg\u0131tay\u2019\u0131n iki veya \u00fc\u00e7 dairesi askeri mahkemelerden gelen dosyalara bakar.<\/p>\n<p style=\"text-align: justify;\"><strong>Da\u011fl\u0131ca bask\u0131n\u0131 <\/strong><\/p>\n<p style=\"text-align: justify;\">Avukat olarak sivil davalara da giriyorum askeri mahkemedeki davalara da. Da\u011fl\u0131ca davas\u0131nda bir uzman \u00e7avu\u015fun avukat\u0131yd\u0131m. Enteresand\u0131r o dava. Bask\u0131n\u0131n akabinde PKK bunlar\u0131 Kuzey Irak\u2019a g\u00f6t\u00fcrm\u00fc\u015f, sonra el s\u0131k\u0131\u015farak teslim edince vatan haini falan demi\u015flerdi. Daha sonra o davada bir uzman \u00e7avu\u015fun avukatl\u0131\u011f\u0131n\u0131 \u00fcstlendim. G\u00f6revi ihmal deyip h\u00fckm\u00fcn a\u00e7\u0131klanmas\u0131n\u0131n geri b\u0131rak\u0131lmas\u0131na karar verdiler. Ke\u015fke \u00f6yle verilmeseydi de dosya Yarg\u0131tay\u2019a gitseydi. Ne hazindir ki, \u201cAman ha bu olaya sak\u0131n \u00c7anakkale\u2019deki 57. Alay mant\u0131\u011f\u0131yla bakmay\u0131n\u201d dedim. Var ya b\u00fct\u00fcn mensuplar\u0131yla \u015fehit olan alay&#8230;<\/p>\n<p style=\"text-align: justify;\">Fakat o mant\u0131kla gerek\u00e7e yazd\u0131lar, ne olursa olsun \u015fehit olacaklard\u0131 diye. Kaderin cilvesi, \u015fimdi tabur komutan\u0131 Onur Dirik\u2019in de avukat\u0131y\u0131m. Savunmamda onu su\u00e7layan bir s\u00fcr\u00fc \u015fey s\u00f6ylemi\u015ftim. Da\u011fl\u0131ca\u2019da bir\u00e7ok aksakl\u0131k vard\u0131. Nihai savunmamda, \u201cTemenni etmiyorum ama bu durumlar devam ederse ba\u015fka Da\u011fl\u0131calar ya\u015far\u0131z\u201d dedim. Akt\u00fct\u00fcn bask\u0131n\u0131 oldu ondan sonra maalesef. Bask\u0131n \u00f6ncesinde 100 ki\u015filik personel 56\u2019ya d\u00fc\u015f\u00fcr\u00fclm\u00fc\u015f. Ter\u00f6ristlerin kat\u0131rlarla geldiklerini d\u00fcrb\u00fcnle g\u00f6r\u00fcp helikopter istiyorlar, \u201cTop at\u0131\u015f\u0131 yap\u0131n\u201d deniyor.<\/p>\n<p style=\"text-align: justify;\">Keritepe\u2019de telsiz bir tek \u00fcste\u011fmende var. Gece 12 civar\u0131nda bask\u0131n ba\u015fl\u0131yor. An\u0131nda tabura bildiriliyor, helikopterler d\u00f6rde \u00e7eyrek kala geliyor. \u0130\u015f bitmi\u015f zaten o zamana kadar. Orada Silahl\u0131 Kuvvetler\u2019in en b\u00fcy\u00fck hatas\u0131 bu \u00e7ocuklar\u0131n mahkemeye verilmesiydi. Roj TV\u2019deki o yay\u0131n k\u0131zd\u0131rd\u0131 tabii?<\/p>\n<p style=\"text-align: justify;\"><a href=\"http:\/\/www.t24.com.tr\/12-eylul-yargisi-bugunden-daha-adildi\/haber\/138075.aspx\" target=\"_blank\">Kaynak : T24<\/a><\/p>\n","protected":false},"excerpt":{"rendered":"<p style=\"text-align: center;\">\n<p style=\"text-align: justify;\">12 Eyl\u00fcl d\u00f6neminde s\u0131k\u0131y\u00f6netim mahkemelerinde askeri hakim olan Ali Fahir Kayacan, &#8220;12 Eyl\u00fcl yarg\u0131s\u0131 bug\u00fcnden daha adildi&#8221; dedi.<\/p>\n<p style=\"text-align: justify;\">H\u00fcrriyet gazetesinin haberine g\u00f6re; Ali Fahir Kayacan s\u0131k\u0131y\u00f6netim mahkemelerinde g\u00f6rev yapm\u0131\u015f bir askeri hakimdi. 12 Eyl\u00fcl d\u00f6neminde MHP davas\u0131 ba\u015fta olmak \u00fczere bir\u00e7ok siyasi davaya bakt\u0131. 40 kadar idam karar\u0131na <\/p>\n","protected":false},"author":1,"featured_media":0,"comment_status":"open","ping_status":"closed","sticky":false,"template":"","format":"standard","meta":{"footnotes":""},"categories":[105],"tags":[],"class_list":["post-30387","post","type-post","status-publish","format-standard","hentry","category-gundem","odd"],"_links":{"self":[{"href":"http:\/\/www.korhanyilmaz.com\/index.php?rest_route=\/wp\/v2\/posts\/30387","targetHints":{"allow":["GET"]}}],"collection":[{"href":"http:\/\/www.korhanyilmaz.com\/index.php?rest_route=\/wp\/v2\/posts"}],"about":[{"href":"http:\/\/www.korhanyilmaz.com\/index.php?rest_route=\/wp\/v2\/types\/post"}],"author":[{"embeddable":true,"href":"http:\/\/www.korhanyilmaz.com\/index.php?rest_route=\/wp\/v2\/users\/1"}],"replies":[{"embeddable":true,"href":"http:\/\/www.korhanyilmaz.com\/index.php?rest_route=%2Fwp%2Fv2%2Fcomments&post=30387"}],"version-history":[{"count":0,"href":"http:\/\/www.korhanyilmaz.com\/index.php?rest_route=\/wp\/v2\/posts\/30387\/revisions"}],"wp:attachment":[{"href":"http:\/\/www.korhanyilmaz.com\/index.php?rest_route=%2Fwp%2Fv2%2Fmedia&parent=30387"}],"wp:term":[{"taxonomy":"category","embeddable":true,"href":"http:\/\/www.korhanyilmaz.com\/index.php?rest_route=%2Fwp%2Fv2%2Fcategories&post=30387"},{"taxonomy":"post_tag","embeddable":true,"href":"http:\/\/www.korhanyilmaz.com\/index.php?rest_route=%2Fwp%2Fv2%2Ftags&post=30387"}],"curies":[{"name":"wp","href":"https:\/\/api.w.org\/{rel}","templated":true}]}}