{"id":30382,"date":"2011-04-10T13:55:05","date_gmt":"2011-04-10T10:55:05","guid":{"rendered":"http:\/\/www.korhanyilmaz.com\/?p=30382"},"modified":"2011-04-10T13:55:05","modified_gmt":"2011-04-10T10:55:05","slug":"yuh-ceken-vali-yardimcisina-protesto","status":"publish","type":"post","link":"http:\/\/www.korhanyilmaz.com\/?p=30382","title":{"rendered":"&#8216;Yuh&#8217; \u00e7eken Vali yard\u0131mc\u0131s\u0131na protesto!"},"content":{"rendered":"<p style=\"text-align: justify;\"><a href=\"http:\/\/www.korhanyilmaz.com\/wp-content\/uploads\/2011\/04\/121.jpg\"  class=\"lightview\"><img loading=\"lazy\" decoding=\"async\" class=\"aligncenter size-full wp-image-30383\" src=\"http:\/\/www.korhanyilmaz.com\/wp-content\/uploads\/2011\/04\/121.jpg\" alt=\"\" width=\"420\" height=\"210\" \/><\/a><\/p>\n<p style=\"text-align: justify;\">ANTALYA\u2019da d\u00fcn YGS\u2019yi protesto g\u00f6sterisi yapanlar\u0131 yuhalay\u0131p foto\u011fraflar\u0131n\u0131 \u00e7eken Vali Yard\u0131mc\u0131s\u0131 Metin Borazan, bu kez ayn\u0131 grup taraf\u0131ndan \u2019\u0130mam\u0131n Borazan\u2019\u0131 Sus\u2019 pankartlar\u0131yla protesto edildi.<!--more--><\/p>\n<p style=\"text-align: justify;\">D\u00fcnk\u00fc YGS protesto g\u00f6sterisini \u00f6rganize eden TKP\u2019li grup, bug\u00fcn Vali Yard\u0131mc\u0131s\u0131 Metin Borazan\u2019\u0131 protesto g\u00f6sterisi d\u00fczenledi. Metin Borazan\u2019\u0131n Ke\u015fan Kaymakam\u0131 g\u00f6revindeyken kad\u0131n heykelleri aras\u0131nda \u00e7ektirdi\u011fi \u00f6ne s\u00fcr\u00fclen foto\u011fraf\u0131n bulundu\u011fu pankart ta\u015f\u0131yan g\u00f6stericiler, Yavuz \u00d6zcan Park\u0131\u2019na geldi. Burada grup ad\u0131na, TKP Antalya \u0130l Ba\u015fkan\u0131 Levent Tun\u00e7el a\u00e7\u0131klama yapt\u0131. Ayn\u0131 zamanda partisinin Antalya birinci s\u0131rada milletvekili aday\u0131 olan Levent Tun\u00e7el, Vali Yard\u0131mc\u0131s\u0131 Metin Borazan\u2019\u0131n derhal g\u00f6revden al\u0131nmas\u0131 ve hakk\u0131nda adli ve idari soru\u015fturma a\u00e7\u0131lmas\u0131n\u0131 gerekti\u011fini s\u00f6yledi. Tun\u00e7el, a\u00e7\u0131klamas\u0131nda \u015funlar\u0131 s\u00f6yledi:<\/p>\n<p style=\"text-align: justify;\">&#8220;D\u00fcn Antalya\u2019da skandal bir olay ya\u015fanm\u0131\u015ft\u0131r. Antalya\u2019da solcu liselilerin ve TKP\u2019li \u00f6\u011frencilerin YGS\u2019deki \u015fifre skandal\u0131na kar\u015f\u0131 yapt\u0131klar\u0131 protesto g\u00f6sterisi s\u0131ras\u0131nda Antalya Vali Yard\u0131mc\u0131s\u0131 Metin Borazan, Fethullah G\u00fclen ve AKP\u2019ye kar\u015f\u0131 at\u0131lan sloganlar\u0131 hazmedememi\u015f ve gelece\u011fi cemaat ve AKP\u2019nin \u015fifreli oyunlar\u0131yla \u00e7al\u0131nan lise ve dershane \u00f6\u011frencisi gen\u00e7leri elini borazan yaparak yuhalam\u0131\u015ft\u0131r. Bas\u0131lmam\u0131\u015f kitaplar\u0131n toplat\u0131ld\u0131\u011f\u0131, hukukun ayaklar alt\u0131na al\u0131nd\u0131\u011f\u0131 bir \u00fclkede devletin vali yard\u0131mc\u0131s\u0131 konumunda bulunan ki\u015fi AKP\u2019yi protesto edenleri yuhalama ve foto\u011fraflar\u0131n\u0131 \u00e7ekerek fi\u015fleme c\u00fcretini kendinde g\u00f6rebilmektedir. Metin Borazan\u2019\u0131n g\u00f6revi vali yard\u0131mc\u0131l\u0131\u011f\u0131 m\u0131d\u0131r yoksa hafiyelik midir?&#8221;<\/p>\n<p style=\"text-align: justify;\">Vali Yard\u0131mc\u0131s\u0131 Borazan\u2019\u0131n yuhalad\u0131\u011f\u0131 gen\u00e7lerin bu \u00fclkede e\u015fit ve paras\u0131z e\u011fitim istediklerine dikkat \u00e7eken Levent Tun\u00e7el, &#8220;Hi\u00e7bir annenin \u00e7ocu\u011funun dershane paras\u0131n\u0131 \u00f6deyemedi\u011fi i\u00e7in hapse girmeyece\u011fi, emek\u00e7i \u00e7ocuklar\u0131n\u0131n \u00fcniversite harc\u0131n\u0131 denkle\u015ftirmek i\u00e7in in\u015faatlarda \u00e7al\u0131\u015fmak zorunda b\u0131rak\u0131lmad\u0131\u011f\u0131 bir \u00fclke istemektedirler&#8221; diye konu\u015ftu. Tun\u00e7el \u015fuhlan\u0131 s\u00f6yledi:<\/p>\n<p style=\"text-align: justify;\">&#8220;Borazan \u015funu bilmelidir ki, bu \u00fclkenin onurlu ve yurtsever insanlar\u0131 olarak bizler \u00fclkemizi kar\u0131\u015f kar\u0131\u015f satanlar\u0131 da, insanlar\u0131m\u0131z\u0131n inan\u00e7lar\u0131n\u0131 ABD dolarlar\u0131na tahvil ederek Pensilvanya\u2019da imaml\u0131k yapanlar\u0131 da asla takdir etmiyoruz. Metin Borazan, ba\u011fl\u0131l\u0131\u011f\u0131n\u0131 ve itaatini kan\u0131tlamak istiyorsa AKP\u2019den aday olarak se\u00e7imlere girebilir ve rahat\u00e7a borazanl\u0131k yapabilir. Ancak Antalya Vali Yard\u0131mc\u0131l\u0131\u011f\u0131 makam\u0131n\u0131 daha fazla i\u015fgal etmemelidir.&#8221;<\/p>\n<p style=\"text-align: justify;\"><a href=\"http:\/\/haber.gazetevatan.com\/yuh-ceken-vali-yardimcisina-protesto\/370226\/1\/Gundem\" target=\"_blank\">Kaynak : VATAN Gazetesi<\/a><\/p>\n","protected":false},"excerpt":{"rendered":"<p style=\"text-align: justify;\">\n<p style=\"text-align: justify;\">ANTALYA\u2019da d\u00fcn YGS\u2019yi protesto g\u00f6sterisi yapanlar\u0131 yuhalay\u0131p foto\u011fraflar\u0131n\u0131 \u00e7eken Vali Yard\u0131mc\u0131s\u0131 Metin Borazan, bu kez ayn\u0131 grup taraf\u0131ndan \u2019\u0130mam\u0131n Borazan\u2019\u0131 Sus\u2019 pankartlar\u0131yla protesto edildi.<\/p>\n","protected":false},"author":1,"featured_media":0,"comment_status":"open","ping_status":"closed","sticky":false,"template":"","format":"standard","meta":{"footnotes":""},"categories":[105],"tags":[],"class_list":["post-30382","post","type-post","status-publish","format-standard","hentry","category-gundem","odd"],"_links":{"self":[{"href":"http:\/\/www.korhanyilmaz.com\/index.php?rest_route=\/wp\/v2\/posts\/30382","targetHints":{"allow":["GET"]}}],"collection":[{"href":"http:\/\/www.korhanyilmaz.com\/index.php?rest_route=\/wp\/v2\/posts"}],"about":[{"href":"http:\/\/www.korhanyilmaz.com\/index.php?rest_route=\/wp\/v2\/types\/post"}],"author":[{"embeddable":true,"href":"http:\/\/www.korhanyilmaz.com\/index.php?rest_route=\/wp\/v2\/users\/1"}],"replies":[{"embeddable":true,"href":"http:\/\/www.korhanyilmaz.com\/index.php?rest_route=%2Fwp%2Fv2%2Fcomments&post=30382"}],"version-history":[{"count":0,"href":"http:\/\/www.korhanyilmaz.com\/index.php?rest_route=\/wp\/v2\/posts\/30382\/revisions"}],"wp:attachment":[{"href":"http:\/\/www.korhanyilmaz.com\/index.php?rest_route=%2Fwp%2Fv2%2Fmedia&parent=30382"}],"wp:term":[{"taxonomy":"category","embeddable":true,"href":"http:\/\/www.korhanyilmaz.com\/index.php?rest_route=%2Fwp%2Fv2%2Fcategories&post=30382"},{"taxonomy":"post_tag","embeddable":true,"href":"http:\/\/www.korhanyilmaz.com\/index.php?rest_route=%2Fwp%2Fv2%2Ftags&post=30382"}],"curies":[{"name":"wp","href":"https:\/\/api.w.org\/{rel}","templated":true}]}}