{"id":30378,"date":"2011-04-10T01:26:36","date_gmt":"2011-04-09T22:26:36","guid":{"rendered":"http:\/\/www.korhanyilmaz.com\/?p=30378"},"modified":"2011-04-10T01:26:36","modified_gmt":"2011-04-09T22:26:36","slug":"adaylar-heyecanli-liderler-sikintili","status":"publish","type":"post","link":"http:\/\/www.korhanyilmaz.com\/?p=30378","title":{"rendered":"Adaylar heyecanl\u0131 liderler s\u0131k\u0131nt\u0131l\u0131"},"content":{"rendered":"<p style=\"text-align: justify;\"><a href=\"http:\/\/www.korhanyilmaz.com\/wp-content\/uploads\/2011\/04\/120.jpg\"  class=\"lightview\"><img loading=\"lazy\" decoding=\"async\" class=\"aligncenter size-full wp-image-30379\" src=\"http:\/\/www.korhanyilmaz.com\/wp-content\/uploads\/2011\/04\/120.jpg\" alt=\"\" width=\"414\" height=\"221\" \/><\/a><\/p>\n<p style=\"text-align: justify;\">\u201cListe inzivas\u0131na\u201d \u00e7ekilen 24 partinin genel ba\u015fkan\u0131, milletvekili aday listesinin teslim edilece\u011fi 11 Nisan Pazartesi g\u00fcn\u00fc saat 17.00\u2019ye kadar adeta sabahlayacak. 12 Haziran\u2019da yap\u0131lacak se\u00e7imlere 24 parti kat\u0131lacak. Se\u00e7ime kat\u0131lacak 24 partinin genel ba\u015fkan\u0131 da, milletvekili aday listesine son \u015feklini vermek i\u00e7in hummal\u0131 bir \u00e7al\u0131\u015fma i\u00e7erisine girdi. Kurmaylar\u0131yla birlikte aday adaylar\u0131 \u00fczerinde son elemeleri yapan liderler, liste tesliminin son tarihi olan 11 Nisan Pazartesi g\u00fcn\u00fc saat 17.00\u2019ye kadar adeta parti genel merkezlerinde sabahlayacak.<!--more--><\/p>\n<p style=\"text-align: justify;\">ANKARA &#8211; Yakla\u015f\u0131k bir haftad\u0131r AKP Genel Merkezi&#8217;nin 8 ve 9&#8217;uncu katlar\u0131nda \u00e7al\u0131\u015fan Ba\u015fbakan Erdo\u011fan ba\u015fkanl\u0131\u011f\u0131ndaki \u00fcst kurulun hafta sonu mesaisi s\u00fcr\u00fcyor. Partinin \u00fcst d\u00fczey y\u00f6neticilerinden olu\u015fan 11 ki\u015filik heyet 12 Haziran&#8217;da yap\u0131lacak milletvekili se\u00e7imleri i\u00e7in aday listesini olu\u015fturacak. AKP&#8217;de milletvekili aday listesinde yer alacak isimler hen\u00fcz netle\u015fmezken Ba\u015fbakan Erdo\u011fan&#8217;\u0131n ve \u00fcst kurulun milletvekilleri ve aday adaylar\u0131n\u0131 ayr\u0131 ayr\u0131 de\u011ferlendirdi\u011fi \u00f6\u011frenildi. Erdo\u011fan&#8217;\u0131n \u00f6zellikle milletvekillerine y\u00f6nelik de\u011ferlendirmelerinde Grup Ba\u015fkanvekilleri taraf\u0131ndan olu\u015fturulan raporlara dikkat etti\u011fi belirtildi. Bu raporlarda vekillerin meclis oturumlar\u0131na devam durumlar\u0131, performanslar\u0131, kritik oturumlara katk\u0131lar\u0131 ve se\u00e7ildikleri illerle ne kadar ilgili olduklar\u0131 konusunda de\u011ferlendirmeler bulunuyor.<\/p>\n<p style=\"text-align: justify;\">Partinin ve h\u00fck\u00fcmetin &#8220;a\u011f\u0131r abi&#8221; tabir edilen baz\u0131 isimlerinin liste d\u0131\u015f\u0131 kalabilece\u011fi konu\u015fulurken, bir d\u00f6nem ara verdirilen baz\u0131 isimlerin ise adayl\u0131\u011f\u0131na kesin g\u00f6z\u00fc ile bak\u0131l\u0131yor. AKP Genel Ba\u015fkan Yard\u0131mc\u0131s\u0131 Ekrem Erdem ve MKYK \u00dcyesi Zeynep Karahan Uslu&#8217;nun k\u00fcsk\u00fcnler aras\u0131nda yer almay\u0131p, parti \u00e7al\u0131\u015fmalar\u0131na verdikleri katk\u0131 sebebiyle Ba\u015fbakan Erdo\u011fan taraf\u0131ndan di\u011fer vekillere \u00f6rnek g\u00f6sterildi\u011fi, bu nedenle Haziran ay\u0131nda yap\u0131lacak se\u00e7imler i\u00e7in listede yer alacaklar\u0131 belirtiliyor. Yine Avrupa Konseyi Parlamenter Meclisi(AKPM) Ba\u015fkan\u0131 ve Antalya Milletvekili Mevl\u00fct \u00c7avu\u015fo\u011flu da aday listesinde olmas\u0131 beklenen isimler aras\u0131nda yer al\u0131yor.<\/p>\n<p style=\"text-align: justify;\"><strong>CHP\u2019DE L\u0130STE D\u00dc\u011e\u00dcM\u00dc BUG\u00dcN \u00c7\u00d6Z\u00dcL\u00dcYOR<\/strong><\/p>\n<p style=\"text-align: justify;\">Milletvekili aday listelerinin Y\u00fcksek Se\u00e7im Kurulu\u2019na (YSK) verilmesine 2 g\u00fcn kala CHP\u2019de g\u00f6zler bug\u00fcn saat 17.00\u2019de toplanacak olan ve ge\u00e7 saatlere kadar s\u00fcrmesi \u00f6ng\u00f6r\u00fclen toplant\u0131da CHP\u2019nin milletvekili adaylar\u0131 belirlenecek. Milletvekili aday listelerinin 11 Nisan Pazartesi g\u00fcn\u00fc saat 17.00\u2019ye kadar teslim edilmesi gerekiyor. CHP Genel Ba\u015fkan\u0131 Kemal K\u0131l\u0131\u00e7daro\u011flu ve Genel Ba\u015fkan Yard\u0131mc\u0131lar\u0131, aday listelerini belirlemek i\u00e7in yo\u011fun \u00e7al\u0131\u015fmalar\u0131n\u0131 s\u00fcrd\u00fcr\u00fcyorlar. \u00d6zellikle son 1 haftad\u0131r CHP Genel Merkezi, milletvekili aday adaylar\u0131n\u0131n ak\u0131n\u0131na u\u011fram\u0131\u015ft\u0131. Bir\u00e7ok Genel Ba\u015fkan Yard\u0131mc\u0131s\u0131, rahat \u00e7al\u0131\u015fabilmek i\u00e7in Genel Merkez binas\u0131n\u0131n \u00fcst katlar\u0131na \u00e7ekilmi\u015fti. Aday listelerinin teslimine say\u0131l\u0131 saatler kala CHP, bu yo\u011funlu\u011fu \u00f6nlemek i\u00e7in ziyaret\u00e7ilere kap\u0131lar\u0131n\u0131 kapatma karar\u0131 ald\u0131. CHP Genel Merkezi\u2019ne bug\u00fcn, yar\u0131n ziyaret\u00e7i kabul edilmeyecek. Gazeteciler ise yaln\u0131zca Bas\u0131n Birimi\u2019nin bulundu\u011fu Genel Merkez\u2019in 2. kat\u0131na girebiliyor. CHP Genel Merkez \u00e7al\u0131\u015fanlar\u0131 da bu Cumartesi ve Pazar g\u00fcnleri tatil yapmadan \u00e7al\u0131\u015f\u0131yorlar.<\/p>\n<p style=\"text-align: justify;\"><strong>KILI\u00c7DARO\u011eLU\u2019NDAN \u201cADAY \u0130SM\u0130 SIZMASIN\u201d TAL\u0130MATI<\/strong><\/p>\n<p style=\"text-align: justify;\">CHP Genel Ba\u015fkan\u0131 K\u0131l\u0131\u00e7daro\u011flu ve ba\u015fta G\u00fcrsel Tekin olmak \u00fczere Genel Ba\u015fkan Yard\u0131mc\u0131lar\u0131 milletvekili aday listesine son \u015feklini vermek i\u00e7in \u00e7al\u0131\u015fmalar\u0131n\u0131 s\u00fcrd\u00fcr\u00fcyorlar. Yap\u0131lan \u00e7al\u0131\u015fmalar do\u011frultusunda \u00f6nse\u00e7imle belirlenen 115 aday d\u0131\u015f\u0131nda kalan 435 isim belirlenecek ve yar\u0131n toplanacak olan Merkez Y\u00f6netim Kurulu\u2019na (MYK) sunulacak. MYK toplant\u0131s\u0131n\u0131n ard\u0131ndan saat 17.00\u2019de PM toplanacak. PM toplant\u0131s\u0131, Genel Ba\u015fkan Kemal K\u0131l\u0131\u00e7daro\u011flu\u2019nun sunu\u015fu ile ba\u015flayacak. Daha sonra 29 se\u00e7im \u00e7evresinde yap\u0131lan \u00f6nse\u00e7im ve aday yoklamas\u0131 sonu\u00e7lar\u0131 hakk\u0131nda PM\u2019ye bilgi verilecek. Bunun ard\u0131ndan \u00f6nse\u00e7im yap\u0131lan illerden Ayd\u0131n\u2019da 2. s\u0131ra, \u00c7orum\u2019da 2. s\u0131ra, Denizli\u2019de 2. s\u0131ra, Gaziantep\u2019te 2. ve 4. s\u0131ra, Manisa\u2019da 2. s\u0131ra, Mu\u011fla\u2019da 3. s\u0131ra, Sivas\u2019ta 2. s\u0131ra, Tekirda\u011f\u2019da 1. s\u0131ra ve Trabzon\u2019da da 1. s\u0131ra olmak \u00fczere toplam 10 kontenjan aday\u0131 g\u00f6r\u00fc\u015f\u00fclecek. Kontenjan adaylar\u0131n\u0131 CHP Genel Ba\u015fkan\u0131 Kemal K\u0131l\u0131\u00e7daro\u011flu\u2019nun belirleyece\u011fi belirtiliyor. Kontenjan adaylar\u0131n\u0131n da g\u00f6r\u00fc\u015f\u00fclmesinin ard\u0131ndan geriye kalan 56 se\u00e7im \u00e7evresinde Merkez Yoklamas\u0131 ile belirlenecek olan milletvekili adaylar\u0131 g\u00f6r\u00fc\u015f\u00fclecek. G\u00f6r\u00fc\u015fmelerin ard\u0131ndan toplam 85 se\u00e7im \u00e7evresine g\u00f6re adaylar\u0131n\u0131n isimleri okunacak ve herhangi bir isime itiraz gelmemesi durumunda o se\u00e7im \u00e7evresi adaylar\u0131n\u0131n isimleri topluca oylanacak. Ancak bir PM \u00fcyesinin bir adaya itiraz etmesi durumunda o isim i\u00e7in PM\u2019de oylama yap\u0131lacak. Gelebilecek itirazlar ve oylamalar d\u00fc\u015f\u00fcn\u00fcld\u00fc\u011f\u00fcnde toplant\u0131n\u0131n Pazartesi sabah\u0131na kadar s\u00fcrmesine kesin g\u00f6z\u00fcyle bak\u0131l\u0131yor.<\/p>\n<p style=\"text-align: justify;\">Bu arada CHP Genel Ba\u015fkan\u0131 Kemal K\u0131l\u0131\u00e7daro\u011flu\u2019nun PM toplant\u0131s\u0131 s\u0131ras\u0131nda d\u0131\u015far\u0131ya aday ismi s\u0131zmamas\u0131 i\u00e7in kesin talimat verdi\u011fi belirtiliyor. CHP Genel Merkez binas\u0131na yerle\u015ftirilen sinyal k\u0131r\u0131c\u0131n\u0131n da (jammer) \u00e7al\u0131\u015ft\u0131r\u0131laca\u011f\u0131 ve toplant\u0131 boyunca d\u0131\u015far\u0131ya aday ismi s\u0131zmas\u0131n da \u00f6nlenece\u011fi kaydediliyor.<\/p>\n<p style=\"text-align: justify;\"><strong>MHP\u2019DE L\u0130STE HEYECANI S\u00dcR\u00dcYOR<\/strong><\/p>\n<p style=\"text-align: justify;\">12 Haziran se\u00e7imleri i\u00e7in milletvekili aday listelerinin netlik kazanaca\u011f\u0131 11 Nisan i\u00e7in geri say\u0131m devam ederken, mevcut milletvekilleri a\u00e7\u0131s\u0131ndan \u201cen \u00f6l\u00e7\u00fcl\u00fc deprem\u201din ya\u015fanmas\u0131 beklenen MHP\u2019de de liste haz\u0131rl\u0131klar\u0131 s\u00fcr\u00fcyor. Genel se\u00e7im haz\u0131rl\u0131klar\u0131 a\u00e7\u0131s\u0131ndan hem miting hem de se\u00e7im beyannamesini di\u011fer partilerden \u00f6nce a\u00e7\u0131klayarak kollar\u0131 s\u0131vayan ilk parti olan MHP\u2019de adaylar a\u011f\u0131rl\u0131kl\u0131 olarak merkez yoklamas\u0131 usul\u00fcyle belirlenecek. Aday listesi konusunda son s\u00f6z\u00fc MHP Genel Ba\u015fkan\u0131 Devlet Bah\u00e7eli s\u00f6yleyecek. Ancak MHP bu se\u00e7imlerde ilk olarak \u201cgeni\u015fletilmi\u015f te\u015fkilat yoklamas\u0131\u201d ad\u0131yla internet \u00fczerinden de te\u015fkilatlar\u0131n g\u00f6r\u00fc\u015flerine ba\u015fvurdu. Te\u015fkilatlara hangi aday\u0131 listede g\u00f6rmek istedi\u011fi sorusunu soran MHP, gelen yan\u0131tlardan olu\u015fan bir raporu ise Bah\u00e7eli\u2019ye sunacak. Bah\u00e7eli ise bu g\u00f6r\u00fc\u015fleri de dikkate alarak partisinin adaylar\u0131n\u0131 belirleyecek.<\/p>\n<p style=\"text-align: justify;\"><strong>ENG\u0130N ALAN SIKINTISI<\/strong><\/p>\n<p style=\"text-align: justify;\">Kulislerde ise MHP\u2019de en \u00e7ok s\u0131k\u0131nt\u0131 yaratan aday aday\u0131n\u0131n ter\u00f6rist Abdullah \u00d6calan&#8217;\u0131 \u0130mral\u0131&#8217;ya getiren Emekli Korgeneral, Balyoz Davas\u0131 san\u0131\u011f\u0131 Engin Alan oldu\u011fu iddia ediliyor. Alan\u2019\u0131n adayl\u0131\u011f\u0131na tepkileri MYK \u00fcyesi Mansur Yava\u015f y\u00fcksek sesle dillendirmi\u015f ve Bah\u00e7eli\u2019ye bu konudaki \u015fikayetlerini i\u00e7eren bir mektup yazm\u0131\u015ft\u0131. Bah\u00e7eli\u2019nin ise tepkilere ra\u011fmen Engin Alan\u2019\u0131 simgesel olarak \u0130stanbul\u2019dan aday g\u00f6sterece\u011fi kaydediliyor.<\/p>\n<p style=\"text-align: justify;\">Kulislerde dile getirilen bir ba\u015fka iddiaya g\u00f6re ise MHP\u2019nin aday listesinde eski DYP ve DP k\u00f6kenli baz\u0131 isimlere de yer verilece\u011fi y\u00f6n\u00fcnde. Ergenekon san\u0131\u011f\u0131 tutuklusu Mehmet Haberal, Hanefi Avc\u0131 gibi isimlerin beklentilerine olumlu yan\u0131t vermeyen MHP\u2019nin, Haberal\u2019\u0131n Ba\u015fkent \u00dcniversitesi\u2019nin genel koordinat\u00f6rl\u00fc\u011f\u00fcn\u00fc yapan eski DYP\u2019li Ali Uzun\u2019u aday aday\u0131 oldu\u011fu Zonguldak\u2019tan aday g\u00f6stermesi bekleniyor. Bah\u00e7eli\u2019nin eski Maliye Bakan\u0131 S\u00fcmer Oral\u2019\u0131 da aday g\u00f6sterebilece\u011fi kaydediliyor.<\/p>\n<p style=\"text-align: justify;\"><strong>BAH\u00c7EL\u0130\u2019N\u0130N KAVGALI OLDU\u011eU \u00d6ZDA\u011e VE AYDIN DA L\u0130STEYE G\u0130RECEK<\/strong><\/p>\n<p style=\"text-align: justify;\">MHP liderinin bir d\u00f6nem kavgal\u0131 oldu\u011fu eski bakanlardan Koray Ayd\u0131n ile Prof. Dr. \u00dcmit \u00d6zda\u011f\u2019a da aday listesinde yer vermesi bekleniyor. \u00d6zda\u011f\u2019\u0131n \u0130stanbul\u2019dan Ayd\u0131n\u2019\u0131n ise Ankara\u2019dan aday g\u00f6sterilebilece\u011fi kaydediliyor. MHP\u2019nin aday listesinde yer almas\u0131 beklenen di\u011fer isimleri ise Bah\u00e7eli\u2019nin Ba\u015fdan\u0131\u015fman\u0131 Prof. Dr. Z\u00fchal Topal Cafo\u011flu, T\u00fcrk Tarih Kurumu eski Ba\u015fkan\u0131 Prof. Dr. Yusuf Hala\u00e7o\u011flu, \u201cDo\u011funun Ba\u015fbu\u011f\u201du olarak bilinen Y\u0131lma Durak, Bah\u00e7eli\u2019nin \u00f6zel kalem m\u00fcd\u00fcr\u00fc \u00d6mer Karaka\u015f, MHP Grup Ba\u015fkanvekilleri Oktay Vural, Mehmet \u015eand\u0131r, Ankara Milletvekili ve Genel Ba\u015fkan Yard\u0131mc\u0131s\u0131 Deniz B\u00f6l\u00fckba\u015f\u0131, Alparslan T\u00fcrke\u015f\u2019in o\u011flu Ankara Milletvekili Tu\u011frul T\u00fcrke\u015f, Genel Sekreter Cihan Pa\u00e7ac\u0131, eski ANAP\u2019l\u0131 bakan Adnan Kahveci\u2019nin o\u011flu Cihan Kahveci, T\u00fcrkiye Kamu Sen Ba\u015fkan\u0131 Bircan Aky\u0131ld\u0131z, Ankara il Emniyet M\u00fcd\u00fcr\u00fc Cevdet Saral olu\u015fturuyor. Yakla\u015f\u0131k 2 bin 500 aday aday\u0131n\u0131n ba\u015fvurdu\u011fu MHP\u2019de mevcut milletvekillerinden Ertu\u011frul Kumcuo\u011flu, Sabahattin \u00c7akmako\u011flu, Bekir Aksoy, G\u00fcrcan Da\u011fda\u015f, Zeki Ertugay, Ahmet Bukan ve S\u00fcleyman Turan \u00c7irkin aday olmazken, Bah\u00e7eli\u2019nin bu se\u00e7imlerde kad\u0131n milletvekili say\u0131s\u0131n\u0131 da art\u0131rmay\u0131 planlad\u0131\u011f\u0131 kaydediliyor.<\/p>\n<p style=\"text-align: justify;\"><a href=\"http:\/\/www.gazeteport.com.tr\/SIYASET\/NEWS\/GP_884651\" target=\"_blank\">Kaynak : GAZETEPORT<\/a><\/p>\n","protected":false},"excerpt":{"rendered":"<p style=\"text-align: justify;\">\n<p style=\"text-align: justify;\">\u201cListe inzivas\u0131na\u201d \u00e7ekilen 24 partinin genel ba\u015fkan\u0131, milletvekili aday listesinin teslim edilece\u011fi 11 Nisan Pazartesi g\u00fcn\u00fc saat 17.00\u2019ye kadar adeta sabahlayacak. 12 Haziran\u2019da yap\u0131lacak se\u00e7imlere 24 parti kat\u0131lacak. Se\u00e7ime kat\u0131lacak 24 partinin genel ba\u015fkan\u0131 da, milletvekili aday listesine son \u015feklini vermek i\u00e7in hummal\u0131 bir \u00e7al\u0131\u015fma i\u00e7erisine girdi. Kurmaylar\u0131yla birlikte aday <\/p>\n","protected":false},"author":1,"featured_media":0,"comment_status":"open","ping_status":"closed","sticky":false,"template":"","format":"standard","meta":{"footnotes":""},"categories":[105],"tags":[],"class_list":["post-30378","post","type-post","status-publish","format-standard","hentry","category-gundem","odd"],"_links":{"self":[{"href":"http:\/\/www.korhanyilmaz.com\/index.php?rest_route=\/wp\/v2\/posts\/30378","targetHints":{"allow":["GET"]}}],"collection":[{"href":"http:\/\/www.korhanyilmaz.com\/index.php?rest_route=\/wp\/v2\/posts"}],"about":[{"href":"http:\/\/www.korhanyilmaz.com\/index.php?rest_route=\/wp\/v2\/types\/post"}],"author":[{"embeddable":true,"href":"http:\/\/www.korhanyilmaz.com\/index.php?rest_route=\/wp\/v2\/users\/1"}],"replies":[{"embeddable":true,"href":"http:\/\/www.korhanyilmaz.com\/index.php?rest_route=%2Fwp%2Fv2%2Fcomments&post=30378"}],"version-history":[{"count":0,"href":"http:\/\/www.korhanyilmaz.com\/index.php?rest_route=\/wp\/v2\/posts\/30378\/revisions"}],"wp:attachment":[{"href":"http:\/\/www.korhanyilmaz.com\/index.php?rest_route=%2Fwp%2Fv2%2Fmedia&parent=30378"}],"wp:term":[{"taxonomy":"category","embeddable":true,"href":"http:\/\/www.korhanyilmaz.com\/index.php?rest_route=%2Fwp%2Fv2%2Fcategories&post=30378"},{"taxonomy":"post_tag","embeddable":true,"href":"http:\/\/www.korhanyilmaz.com\/index.php?rest_route=%2Fwp%2Fv2%2Ftags&post=30378"}],"curies":[{"name":"wp","href":"https:\/\/api.w.org\/{rel}","templated":true}]}}