{"id":30374,"date":"2011-04-09T20:25:09","date_gmt":"2011-04-09T17:25:09","guid":{"rendered":"http:\/\/www.korhanyilmaz.com\/?p=30374"},"modified":"2011-04-09T20:25:09","modified_gmt":"2011-04-09T17:25:09","slug":"vali-yardimcisi-metin-borazan-yuh-cekti","status":"publish","type":"post","link":"http:\/\/www.korhanyilmaz.com\/?p=30374","title":{"rendered":"Vali Yard\u0131mc\u0131s\u0131 Metin Borazan &#8220;Yuh&#8221; \u00e7ekti!"},"content":{"rendered":"<p style=\"text-align: justify;\"><a href=\"http:\/\/www.korhanyilmaz.com\/wp-content\/uploads\/2011\/04\/119.jpg\"  class=\"lightview\"><img loading=\"lazy\" decoding=\"async\" class=\"aligncenter size-full wp-image-30375\" src=\"http:\/\/www.korhanyilmaz.com\/wp-content\/uploads\/2011\/04\/119.jpg\" alt=\"\" width=\"307\" height=\"236\" \/><\/a><\/p>\n<p style=\"text-align: justify;\">YGS&#8217;deki \u015fifre iddialar\u0131n\u0131 protesto i\u00e7in y\u00fcr\u00fcy\u00fc\u015f d\u00fczenleyen grubu tesad\u00fcfen g\u00f6ren Antalya Vali Yard\u0131mc\u0131s\u0131 Metin Borazan&#8217;\u0131n elindeki foto\u011fraf makinesi ile bir s\u00fcre grubun resimlerini \u00e7ektikten sonra &#8220;Yuh&#8221; diye ba\u011f\u0131rmas\u0131 dikkat \u00e7ekti.<!--more--><\/p>\n<p style=\"text-align: justify;\">YGS&#8217;de \u015fifre iddialar\u0131n\u0131 protesto i\u00e7in G\u00fcll\u00fck&#8217;teki Ayd\u0131n Kanza Park\u0131&#8217;nda saat 15.30 s\u0131ralar\u0131nda toplanan yakla\u015f\u0131k 40 ki\u015filik grup, Cumhuriyet Meydan\u0131&#8217;na do\u011fru y\u00fcr\u00fcy\u00fc\u015fe ge\u00e7ti. &#8216;\u0130mam\u0131n h\u0131rs\u0131z\u0131 gen\u00e7likten elini \u00e7ek&#8217; yaz\u0131l\u0131 pankart ta\u015f\u0131yan ve &#8220;<strong>Vatanda\u015f uyuma \u00e7ocu\u011funa sahip \u00e7\u0131k<\/strong>&#8220;, &#8220;<strong>Tayyip Amerika&#8217;ya imam\u0131n\u0131n yan\u0131na<\/strong>&#8221; sloganlar\u0131 atan grubu, polis uzaktan izledi.<\/p>\n<p style=\"text-align: justify;\">YGS protestosu yapan grubu, Cumhuriyet Park\u0131&#8217;nda gezinti yapan Antalya Vali Yard\u0131mc\u0131s\u0131 <strong>Metin Borazan<\/strong> ilgin\u00e7 \u015fekilde protesto etti. Elindeki foto\u011fraf makinesi ile bir s\u00fcre grubun resimlerini \u00e7eken Borazan&#8217;\u0131n, &#8220;<strong>Yuh<\/strong>&#8221; diye ba\u011f\u0131rmas\u0131 dikkati \u00e7ekti.<\/p>\n<p style=\"text-align: justify;\">Attalos Heykeli \u00f6n\u00fcndeki alanda toplanan grup ad\u0131na yap\u0131lan a\u00e7\u0131klamada, <span style=\"text-decoration: underline;\">\u00fclkenin en b\u00fcy\u00fck sanayi i\u015fletmesi T\u00fcpra\u015f&#8217;\u0131n Shell&#8217;e \u00e7erez fiyat\u0131na sat\u0131ld\u0131\u011f\u0131, Irak&#8217;\u0131n \u00fczerine ya\u011fd\u0131r\u0131lan bombalar\u0131n \u0130ncirlik&#8217;ten y\u00fcklendi\u011fi ve bunlara kimsenin itiraz etmedi\u011fi belirtildi. Ormanlar\u0131n yak\u0131l\u0131p villa kuruldu\u011funu, Anadolu&#8217;nun t\u00fcm nehirlerinin kurutulmas\u0131 i\u00e7in ruhsatlar al\u0131nd\u0131\u011f\u0131n\u0131 <\/span>belirten grup s\u00f6zc\u00fcs\u00fc, \u015f\u00f6yle dedi:<\/p>\n<p style=\"text-align: justify;\">&#8220;<span style=\"text-decoration: underline;\">Dershane paras\u0131 \u00f6deyemeyen \u00f6\u011frenciler intihar etti, i\u015fsiz kalm\u0131\u015f \u00f6\u011fretmenler kendisini ast\u0131. Siz yine kafay\u0131 sallamakla yetindiniz. \u015eimdi \u00fcniversiteye giri\u015f s\u0131nav\u0131 cemaate teslim edilmi\u015f durumda. \u00c7ocuklar\u0131n\u0131z bo\u015funa ders \u00e7al\u0131\u015f\u0131yor. Siz bo\u015funa dershanelere para \u00f6d\u00fcyorsunuz. Sorumlular\u0131n yakalanmas\u0131 ve hesap vermesi i\u00e7in skandal\u0131n hesab\u0131n\u0131 soraca\u011f\u0131z<\/span>.&#8221;<\/p>\n<p style=\"text-align: justify;\">Grubun y\u00fcr\u00fcy\u00fc\u015f\u00fc ve a\u00e7\u0131klama s\u0131ras\u0131nda meydanda bulunan turistler de a\u00e7\u0131klamalar\u0131 ilgiyle dinledi. A\u00e7\u0131klaman\u0131n ard\u0131ndan grup sessiz \u015fekilde da\u011f\u0131ld\u0131.<\/p>\n<p style=\"text-align: justify;\"><a href=\"http:\/\/www.cnnturk.com\/2011\/turkiye\/04\/09\/vali.yardimcisi.metin.borazan.yuh.cekti\/612753.0\/index.html\" target=\"_blank\">Kaynak : CNN T\u00dcRK<\/a><\/p>\n<p style=\"text-align: justify;\">&nbsp;<\/p>\n","protected":false},"excerpt":{"rendered":"<p style=\"text-align: justify;\">\n<p style=\"text-align: justify;\">YGS&#8217;deki \u015fifre iddialar\u0131n\u0131 protesto i\u00e7in y\u00fcr\u00fcy\u00fc\u015f d\u00fczenleyen grubu tesad\u00fcfen g\u00f6ren Antalya Vali Yard\u0131mc\u0131s\u0131 Metin Borazan&#8217;\u0131n elindeki foto\u011fraf makinesi ile bir s\u00fcre grubun resimlerini \u00e7ektikten sonra &#8220;Yuh&#8221; diye ba\u011f\u0131rmas\u0131 dikkat \u00e7ekti.<\/p>\n","protected":false},"author":1,"featured_media":0,"comment_status":"open","ping_status":"closed","sticky":false,"template":"","format":"standard","meta":{"footnotes":""},"categories":[105],"tags":[],"class_list":["post-30374","post","type-post","status-publish","format-standard","hentry","category-gundem","odd"],"_links":{"self":[{"href":"http:\/\/www.korhanyilmaz.com\/index.php?rest_route=\/wp\/v2\/posts\/30374","targetHints":{"allow":["GET"]}}],"collection":[{"href":"http:\/\/www.korhanyilmaz.com\/index.php?rest_route=\/wp\/v2\/posts"}],"about":[{"href":"http:\/\/www.korhanyilmaz.com\/index.php?rest_route=\/wp\/v2\/types\/post"}],"author":[{"embeddable":true,"href":"http:\/\/www.korhanyilmaz.com\/index.php?rest_route=\/wp\/v2\/users\/1"}],"replies":[{"embeddable":true,"href":"http:\/\/www.korhanyilmaz.com\/index.php?rest_route=%2Fwp%2Fv2%2Fcomments&post=30374"}],"version-history":[{"count":0,"href":"http:\/\/www.korhanyilmaz.com\/index.php?rest_route=\/wp\/v2\/posts\/30374\/revisions"}],"wp:attachment":[{"href":"http:\/\/www.korhanyilmaz.com\/index.php?rest_route=%2Fwp%2Fv2%2Fmedia&parent=30374"}],"wp:term":[{"taxonomy":"category","embeddable":true,"href":"http:\/\/www.korhanyilmaz.com\/index.php?rest_route=%2Fwp%2Fv2%2Fcategories&post=30374"},{"taxonomy":"post_tag","embeddable":true,"href":"http:\/\/www.korhanyilmaz.com\/index.php?rest_route=%2Fwp%2Fv2%2Ftags&post=30374"}],"curies":[{"name":"wp","href":"https:\/\/api.w.org\/{rel}","templated":true}]}}