{"id":30366,"date":"2011-04-10T07:45:05","date_gmt":"2011-04-10T04:45:05","guid":{"rendered":"http:\/\/www.korhanyilmaz.com\/?p=30366"},"modified":"2011-04-10T07:45:05","modified_gmt":"2011-04-10T04:45:05","slug":"tiyatroda-sumeyye-erdogan-krizi","status":"publish","type":"post","link":"http:\/\/www.korhanyilmaz.com\/?p=30366","title":{"rendered":"Tiyatroda S\u00fcmeyye Erdo\u011fan &#8216;krizi&#8217;"},"content":{"rendered":"<p style=\"text-align: justify;\"><a href=\"http:\/\/www.korhanyilmaz.com\/wp-content\/uploads\/2011\/04\/117.jpg\"  class=\"lightview\"><img loading=\"lazy\" decoding=\"async\" class=\"aligncenter size-full wp-image-30367\" src=\"http:\/\/www.korhanyilmaz.com\/wp-content\/uploads\/2011\/04\/117.jpg\" alt=\"\" width=\"360\" height=\"240\" \/><\/a><\/p>\n<p style=\"text-align: justify;\">S\u00fcmeyye Erdo\u011fan, kendisine hakaret edildi\u011fi iddias\u0131yla tiyatroyu terk etti.<\/p>\n<p style=\"text-align: justify;\">Ankara Devlet Tiyatrolar\u0131\u2019nda \u00f6nceki ak\u015fam oynanan \u2018Gen\u00e7 Osman\u2019 adl\u0131 oyunda Ba\u015fbakan Tayyip Erdo\u011fan\u2019\u0131n k\u0131z\u0131 S\u00fcmeyye Erdo\u011fan\u2019a hakaret edildi\u011fi iddias\u0131 ba\u015fkenti kar\u0131\u015ft\u0131rd\u0131. S\u00fcmeyye Erdo\u011fan\u2019\u0131n, oyuncular\u0131n m\u00fcstehcenlik i\u00e7eren hareketler (haka dans\u0131n\u0131 and\u0131r\u0131r fig\u00fcrler) yapt\u0131\u011f\u0131 gerek\u00e7esiyle tiyatroyu terk etmesi tansiyonu y\u00fckseltti. Devlet Tiyatrolar\u0131 kaynaklar\u0131 ise oyunda \u2018bir tak\u0131m istenmeyen \u015feylerin\u2019 oldu\u011funu do\u011frulayarak, konuyla ilgili inceleme ba\u015flat\u0131ld\u0131\u011f\u0131n\u0131 ifade ettiler. <!--more--><\/p>\n<p style=\"text-align: justify;\">Olay\u0131n, iddia edildi\u011fi \u015fekilde geli\u015fmedi\u011fi belirtilirken, hakaret denilen hareketin, oyunun birinci perdesinin sonunda oyunculardan biriyle S\u00fcmeyye Erdo\u011fan\u2019\u0131n g\u00f6z g\u00f6ze gelmesi; oyuncunun bu s\u0131rada, \u2018ne haber\u2019 anlam\u0131yla yap\u0131lan g\u00f6z i\u015fareti oldu\u011fu kaydedildi. Olay\u0131n devam\u0131nda oyunun metni gere\u011fi yap\u0131lan fig\u00fcrler oldu\u011fu ve metnin d\u0131\u015f\u0131na \u00e7\u0131k\u0131lmad\u0131\u011f\u0131 da vurguland\u0131.<\/p>\n<p style=\"text-align: justify;\"><strong>Polisler de terk etti<\/strong><\/p>\n<p style=\"text-align: justify;\">Oyuncular\u0131n izleyiciler aras\u0131nda Ba\u015fbakan Erdo\u011fan\u2019\u0131n k\u0131z\u0131n\u0131n bulundu\u011fu bilgisine sahip olmad\u0131\u011f\u0131n\u0131 belirten Devlet Tiyatrolar\u0131 kaynaklar\u0131 \u015fu a\u00e7\u0131klamada bulundular: \u201cBu oyun 4 y\u0131ld\u0131r oynan\u0131yor. Bakanlar kurulu \u00fcyeleri, \u00e7e\u015fitli siyasi parti temsilcileri ve \u00fcst d\u00fczey b\u00fcrokratlardan oyunu izleyenler oldu ve memnuniyet ifade edildi. \u015eu ana kadar m\u00fcstehcenlikle ilgili hi\u00e7bir \u015fikayet de gelmedi.\u201d<\/p>\n<p style=\"text-align: justify;\">Olay\u0131n, S\u00fcmeyye Erdo\u011fan\u2019\u0131n ve \u00e7evresindeki birka\u00e7 ki\u015finin salonu terk etmesi, bunun \u00fczerine de oyunu izlemek i\u00e7in toplu bilet ald\u0131klar\u0131 \u00f6\u011frenilen 150 ki\u015filik polis grubunun da salonu terk etmesiyle devam etti\u011fi belirtilirken, Ba\u015fbakan Erdo\u011fan\u2019\u0131n korumalar\u0131n\u0131n tiyatroya gelerek yetkililerden bilgi ald\u0131\u011f\u0131 \u00f6\u011frenildi.<\/p>\n<p style=\"text-align: justify;\"><a href=\"http:\/\/www.radikal.com.tr\/Radikal.aspx?aType=RadikalDetayV3&amp;ArticleID=1045671&amp;Date=10.04.2011&amp;CategoryID=77\" target=\"_blank\">Kaynak : Ankara &#8211; Radikal<\/a><\/p>\n","protected":false},"excerpt":{"rendered":"<p style=\"text-align: justify;\">\n<p style=\"text-align: justify;\">S\u00fcmeyye Erdo\u011fan, kendisine hakaret edildi\u011fi iddias\u0131yla tiyatroyu terk etti.<\/p>\n<p style=\"text-align: justify;\">Ankara Devlet Tiyatrolar\u0131\u2019nda \u00f6nceki ak\u015fam oynanan \u2018Gen\u00e7 Osman\u2019 adl\u0131 oyunda Ba\u015fbakan Tayyip Erdo\u011fan\u2019\u0131n k\u0131z\u0131 S\u00fcmeyye Erdo\u011fan\u2019a hakaret edildi\u011fi iddias\u0131 ba\u015fkenti kar\u0131\u015ft\u0131rd\u0131. S\u00fcmeyye Erdo\u011fan\u2019\u0131n, oyuncular\u0131n m\u00fcstehcenlik i\u00e7eren hareketler (haka dans\u0131n\u0131 and\u0131r\u0131r fig\u00fcrler) yapt\u0131\u011f\u0131 gerek\u00e7esiyle tiyatroyu terk etmesi tansiyonu y\u00fckseltti. Devlet <\/p>\n","protected":false},"author":1,"featured_media":0,"comment_status":"open","ping_status":"closed","sticky":false,"template":"","format":"standard","meta":{"footnotes":""},"categories":[105],"tags":[],"class_list":["post-30366","post","type-post","status-publish","format-standard","hentry","category-gundem","odd"],"_links":{"self":[{"href":"http:\/\/www.korhanyilmaz.com\/index.php?rest_route=\/wp\/v2\/posts\/30366","targetHints":{"allow":["GET"]}}],"collection":[{"href":"http:\/\/www.korhanyilmaz.com\/index.php?rest_route=\/wp\/v2\/posts"}],"about":[{"href":"http:\/\/www.korhanyilmaz.com\/index.php?rest_route=\/wp\/v2\/types\/post"}],"author":[{"embeddable":true,"href":"http:\/\/www.korhanyilmaz.com\/index.php?rest_route=\/wp\/v2\/users\/1"}],"replies":[{"embeddable":true,"href":"http:\/\/www.korhanyilmaz.com\/index.php?rest_route=%2Fwp%2Fv2%2Fcomments&post=30366"}],"version-history":[{"count":0,"href":"http:\/\/www.korhanyilmaz.com\/index.php?rest_route=\/wp\/v2\/posts\/30366\/revisions"}],"wp:attachment":[{"href":"http:\/\/www.korhanyilmaz.com\/index.php?rest_route=%2Fwp%2Fv2%2Fmedia&parent=30366"}],"wp:term":[{"taxonomy":"category","embeddable":true,"href":"http:\/\/www.korhanyilmaz.com\/index.php?rest_route=%2Fwp%2Fv2%2Fcategories&post=30366"},{"taxonomy":"post_tag","embeddable":true,"href":"http:\/\/www.korhanyilmaz.com\/index.php?rest_route=%2Fwp%2Fv2%2Ftags&post=30366"}],"curies":[{"name":"wp","href":"https:\/\/api.w.org\/{rel}","templated":true}]}}