{"id":30336,"date":"2011-04-08T07:15:20","date_gmt":"2011-04-08T04:15:20","guid":{"rendered":"http:\/\/www.korhanyilmaz.com\/?p=30336"},"modified":"2011-04-08T07:15:20","modified_gmt":"2011-04-08T04:15:20","slug":"ileri-demokrasi-tuhaf-bir-kavram","status":"publish","type":"post","link":"http:\/\/www.korhanyilmaz.com\/?p=30336","title":{"rendered":"&#8220;\u0130leri demokrasi tuhaf bir kavram&#8221;"},"content":{"rendered":"<p style=\"text-align: justify;\"><a href=\"http:\/\/www.korhanyilmaz.com\/wp-content\/uploads\/2011\/04\/114.jpg\"  class=\"lightview\"><img loading=\"lazy\" decoding=\"async\" class=\"aligncenter size-full wp-image-30337\" src=\"http:\/\/www.korhanyilmaz.com\/wp-content\/uploads\/2011\/04\/114.jpg\" alt=\"\" width=\"384\" height=\"198\" \/><\/a><\/p>\n<p style=\"text-align: justify;\">Avrupa Parlamentosu\u2019nda T\u00fcrkiye\u2019de tutuklu gazetecilerle ilgili bir soru \u00f6nergesi veren Sosyal Demokrat Grubu\u2019ndan parlamenter Evelyn Regner Gazeteport\u2019a, \u201cT\u00fcrkiye\u2019deki H\u00fck\u00fcmet taraf\u0131ndan kullan\u0131lan \u2018ileri demokrasi\u201d kavram\u0131 tuhaf bir kavram ve Avrupa\u2019da kullan\u0131lm\u0131yor\u201d a\u00e7\u0131klamas\u0131n\u0131 yapt\u0131.<!--more--><\/p>\n<p style=\"text-align: justify;\">T\u00fcrkiye\u2019de Mustafa Balbay, Nedim \u015eener, Ahmet \u015e\u0131k gibi \u00e7ok say\u0131da gazeteci tutuklu ve Balbay gibi baz\u0131 gazetecilerin tutuklulu\u011fu da 3 senedir s\u00fcr\u00fcyor. Bu konu Avrupa Parlamentosu\u2019nda da g\u00fcndeme geldi. Avrupa Parlamentosu Sosyal Demokrat Fraksiyon\u2019dan parlamenter Evelyn Regner  \u00f6nceki hafta Avrupa Parlamentosu\u2019na verdi\u011fi soru \u00f6nergesinde Mustafa Balbay ve di\u011fer tutuklu gazetecilerin durumunu dile getirmi\u015fti. Gazeteport  Evelyn Regner ile bir telefon m\u00fclakat\u0131 yapt\u0131. Sorular\u0131m\u0131z ve AP parlamenteri Regner\u2019in verdi\u011fi yan\u0131tlar \u015f\u00f6yle:<\/p>\n<p style=\"text-align: justify;\"><strong>3 SENEL\u0130K TUTUKLULUK A\u0130HM\u2019DE MAHKUM  OLUR<\/strong><\/p>\n<p style=\"text-align: justify;\">-Siz T\u00fcrkiye\u2019de tutuklu gazeteciler hakk\u0131nda bir soru \u00f6nergesi verdiniz. Baz\u0131 gazeteciler 3 senedir tutuklu ve haklar\u0131nda hala verilmi\u015f bir h\u00fck\u00fcm yok, baz\u0131lar\u0131 uzun s\u00fcre mahkemeye dahi \u00e7\u0131kar\u0131lmad\u0131. Bu durumu nas\u0131l g\u00f6r\u00fcyorsunuz?<\/p>\n<p style=\"text-align: justify;\">Bu durum Avrupa \u0130nsan Mahkemesi\u2019ne gitmesi gereken bir konudur \u00e7\u00fcnk\u00fc mahkemesiz ve h\u00fck\u00fcms\u00fcz 3 senelik tutukluluk do\u011frudan bir A\u0130HM konusudur. A\u0130HM\u2019in bu durumu normal ve demokrasiye uygun g\u00f6rmeyece\u011fi kanaatindeyim.<\/p>\n<p style=\"text-align: justify;\"><strong>BU SORUNU T\u00dcRK SEND\u0130KACILARDAN DUYDUM<\/strong><\/p>\n<p style=\"text-align: justify;\">-T\u00fcrkiye\u2019deki tutuklu gazeteciler konusunu nas\u0131l \u00f6\u011frendiniz?<\/p>\n<p style=\"text-align: justify;\">Ben ayn\u0131 zamanda sendikac\u0131y\u0131m. Avusturya Sendikalar Birli\u011fi\u2019nin i\u00e7inden geliyorum. Avusturya Sendikalar Birli\u011fi ile temasta olan T\u00fcrk sendikac\u0131lar bu konuyu bana etrafl\u0131ca ve kan\u0131tlar\u0131 ile anlatt\u0131lar. BU \u015fekilde haberdar oldum. Bas\u0131n \u00f6zg\u00fcrl\u00fc\u011f\u00fc benim AP i\u00e7indeki uzmanl\u0131k  alan\u0131m zaten. Bu kapsamda AB \u00fcyesi \u00fclkeler i\u00e7inde de bazen sorunlar olabiliyor. Macaristan ve \u0130talya da bu sorun nedeniyle Avrupa Parlamentosu\u2019nun g\u00fcndemine geldi.<\/p>\n<p style=\"text-align: justify;\"><strong>\u0130LER\u0130 DEMOKRAS\u0130 TUHAF B\u0130R KAVRAM, SADECE T\u00dcRK\u0130YE\u2019DE KULLANILIYOR<\/strong><\/p>\n<p style=\"text-align: justify;\">-T\u00fcrkiye\u2019de H\u00fck\u00fcmet gazeteci tutuklamalar\u0131n\u0131 ele\u015ftirenlere, \u2018Bu yap\u0131lanlar ileri demokrasiyi tesis etmek i\u00e7in\u2019  diyor.  Bunu nas\u0131l de\u011ferlendiriyorsunuz? Siz hi\u00e7 Avrupa\u2019da veya d\u00fcnya siyasi literat\u00fcr\u00fcnde ileri demokrasi diye bir kavram duydunuz mu?<\/p>\n<p style=\"text-align: justify;\">Hay\u0131r, b\u00f6yle bir kavram\u0131 T\u00fcrkiye d\u0131\u015f\u0131nda duymad\u0131m hi\u00e7. Bu kavram Avrupa\u2019da kullan\u0131lm\u0131yor; tuhaf bir kavram ve sadece T\u00fcrkiye\u2019de kullan\u0131l\u0131yor. Demokrasi demokrasidir ve mutlakt\u0131r. \u0130lerisi, gerisi olmaz.<\/p>\n<p style=\"text-align: justify;\"><strong>GAZETEC\u0130LER SIRA DI\u015eI Y\u00d6NTEMLERLE K\u0130TAP YAZAB\u0130L\u0130RLER<\/strong><\/p>\n<p style=\"text-align: justify;\">-Bir gazetecinin kitab\u0131na daha yay\u0131nlanmadan el koyuldu ve yasakland\u0131. O da tutuklu \u015fu anda. Bas\u0131lmam\u0131\u015f kitaba, veya da bas\u0131lm\u0131\u015f\u0131na el koyulmas\u0131n\u0131 nas\u0131l de\u011ferlendiriyorsunuz?<\/p>\n<p style=\"text-align: justify;\">Bu \u00e7ok k\u00f6t\u00fc bir durum. Bak\u0131n gazeteciler bazen s\u0131ra d\u0131\u015f\u0131 y\u00f6ntemler kullanarak ve s\u0131ra d\u0131\u015f\u0131 y\u00f6ntemlerle ara\u015ft\u0131rma yaparak da bir kitap yazabilirler. Bu demokrasi i\u00e7in gerekli olabilen bir\u015feydir. Bizim ho\u015fumuza gitmese de, bazen rahats\u0131z da etse, bu t\u00fcr gazetecilik faaliyetleri toplumlara demokrasi a\u00e7\u0131s\u0131ndan \u015fans sunabilir.<\/p>\n<p style=\"text-align: justify;\"><strong>MEDYA \u00d6ZG\u00dcRL\u00dc\u011e\u00dc OLMADAN DEMOKRAS\u0130 OLMAZ<\/strong><\/p>\n<p style=\"text-align: justify;\">Kitap yazma ve basma \u00f6zg\u00fcrl\u00fc\u011f\u00fc olmadan demokrasi olamaz. Bunlar birbiri ile do\u011fru orant\u0131l\u0131 alanlard\u0131r. Demokrasi varsa medya \u00f6zg\u00fcrl\u00fc\u011f\u00fc vard\u0131r, medya \u00f6zg\u00fcrl\u00fc\u011f\u00fc varsa demokrasi vard\u0131r. Birbirine ba\u011fl\u0131 olarak var veya yok olurlar.<\/p>\n<p style=\"text-align: justify;\"><strong>T\u00dcRK\u0130YE 6 MAYIS\u2019TA YEN\u0130DEN TARTI\u015eILACAK<\/strong><\/p>\n<p style=\"text-align: justify;\">Bu arada size \u015funu da s\u00f6yleyeyim. 6 May\u0131s\u2019ta Avrupa Parlamentosu\u2019nda Parlamento Ba\u015fkan\u0131 Busek \u00f6nc\u00fcl\u00fc\u011f\u00fcnde bir m\u00fczakerede T\u00fcrkiye\u2019deki medya \u00f6zg\u00fcrl\u00fc\u011f\u00fc ele al\u0131nacak. T\u00fcrkiye2nin yan\u0131 s\u0131ra Macaristan da konu olacak bu tart\u0131\u015fmada.<\/p>\n<p style=\"text-align: justify;\"><a href=\"http:\/\/www.gazeteport.com.tr\/GUNCEL\/NEWS\/GP_883573\" target=\"_blank\">Kaynak : Safile Usul-GAZETEPORT<\/a><\/p>\n","protected":false},"excerpt":{"rendered":"<p style=\"text-align: justify;\">\n<p style=\"text-align: justify;\">Avrupa Parlamentosu\u2019nda T\u00fcrkiye\u2019de tutuklu gazetecilerle ilgili bir soru \u00f6nergesi veren Sosyal Demokrat Grubu\u2019ndan parlamenter Evelyn Regner Gazeteport\u2019a, \u201cT\u00fcrkiye\u2019deki H\u00fck\u00fcmet taraf\u0131ndan kullan\u0131lan \u2018ileri demokrasi\u201d kavram\u0131 tuhaf bir kavram ve Avrupa\u2019da kullan\u0131lm\u0131yor\u201d a\u00e7\u0131klamas\u0131n\u0131 yapt\u0131.<\/p>\n","protected":false},"author":1,"featured_media":0,"comment_status":"open","ping_status":"closed","sticky":false,"template":"","format":"standard","meta":{"footnotes":""},"categories":[105],"tags":[],"class_list":["post-30336","post","type-post","status-publish","format-standard","hentry","category-gundem","odd"],"_links":{"self":[{"href":"http:\/\/www.korhanyilmaz.com\/index.php?rest_route=\/wp\/v2\/posts\/30336","targetHints":{"allow":["GET"]}}],"collection":[{"href":"http:\/\/www.korhanyilmaz.com\/index.php?rest_route=\/wp\/v2\/posts"}],"about":[{"href":"http:\/\/www.korhanyilmaz.com\/index.php?rest_route=\/wp\/v2\/types\/post"}],"author":[{"embeddable":true,"href":"http:\/\/www.korhanyilmaz.com\/index.php?rest_route=\/wp\/v2\/users\/1"}],"replies":[{"embeddable":true,"href":"http:\/\/www.korhanyilmaz.com\/index.php?rest_route=%2Fwp%2Fv2%2Fcomments&post=30336"}],"version-history":[{"count":0,"href":"http:\/\/www.korhanyilmaz.com\/index.php?rest_route=\/wp\/v2\/posts\/30336\/revisions"}],"wp:attachment":[{"href":"http:\/\/www.korhanyilmaz.com\/index.php?rest_route=%2Fwp%2Fv2%2Fmedia&parent=30336"}],"wp:term":[{"taxonomy":"category","embeddable":true,"href":"http:\/\/www.korhanyilmaz.com\/index.php?rest_route=%2Fwp%2Fv2%2Fcategories&post=30336"},{"taxonomy":"post_tag","embeddable":true,"href":"http:\/\/www.korhanyilmaz.com\/index.php?rest_route=%2Fwp%2Fv2%2Ftags&post=30336"}],"curies":[{"name":"wp","href":"https:\/\/api.w.org\/{rel}","templated":true}]}}