{"id":30332,"date":"2011-04-08T13:15:58","date_gmt":"2011-04-08T10:15:58","guid":{"rendered":"http:\/\/www.korhanyilmaz.com\/?p=30332"},"modified":"2011-04-08T13:15:58","modified_gmt":"2011-04-08T10:15:58","slug":"ucuncu-mudur-de-gorevden-alindi","status":"publish","type":"post","link":"http:\/\/www.korhanyilmaz.com\/?p=30332","title":{"rendered":"\u00dc\u00e7\u00fcnc\u00fc m\u00fcd\u00fcr de g\u00f6revden al\u0131nd\u0131"},"content":{"rendered":"<p style=\"text-align: justify;\"><a href=\"http:\/\/www.korhanyilmaz.com\/wp-content\/uploads\/2011\/04\/113.jpg\"  class=\"lightview\"><img loading=\"lazy\" decoding=\"async\" class=\"aligncenter size-full wp-image-30333\" src=\"http:\/\/www.korhanyilmaz.com\/wp-content\/uploads\/2011\/04\/113.jpg\" alt=\"\" width=\"404\" height=\"208\" \/><\/a><\/p>\n<p style=\"text-align: justify;\">Hrant Dink cinayetinde, san\u0131klar\u0131n telefon trafi\u011finin silindi\u011finin  belirlenmesinin ard\u0131ndan su\u00e7lanan isim, Emniyet M\u00fcd\u00fcr\u00fc Ayhan Falakal\u0131 g\u00f6revden al\u0131nd\u0131. Daha \u00f6nce de Aky\u00fcrek ve Y\u0131lmazer\u2019n g\u00f6rev yer de\u011fi\u015ftirilmi\u015fti.<!--more--><\/p>\n<p style=\"text-align: justify;\">ANKARA- Hrant Dink cinayetinde, san\u0131klar\u0131n telefon trafi\u011finin silindi\u011finin polis ba\u015fm\u00fcfetti\u015fleri taraf\u0131ndan belirlenmesin ard\u0131ndan, olay tarihinde \u0130stihbarat Daire Ba\u015fkan yard\u0131mc\u0131s\u0131 olan Ayhan Falakal\u0131 da g\u00f6revden al\u0131nd\u0131. Halen Van Emniyet M\u00fcd\u00fcr\u00fc olan Falakal\u0131 merkeze \u00e7ekilirken, yerine Mustafa U\u00e7kun atand\u0131.<\/p>\n<p style=\"text-align: justify;\">Dink suikast\u0131n\u0131 ara\u015ft\u0131ran Polis Ba\u015fm\u00fcfetti\u015fi Levent Yar\u0131mel, savc\u0131l\u0131\u011fa verdi\u011fi ifadede, azmettirici Yasin Hayal\u2019in telefon trafi\u011finin Emniyet \u0130stihbarat Daire Ba\u015fkanl\u0131\u011f\u0131\u2019nca incelenip, kay\u0131tlar\u0131n silindi\u011fini a\u00e7\u0131klam\u0131\u015ft\u0131. Trabzon Cumhuriyet Ba\u015fsavc\u0131l\u0131\u011f\u0131 da \u0130stihbarat Daire Ba\u015fkanl\u0131\u011f\u0131\u2019n\u0131n o d\u00f6nemdeki sorumlular\u0131 hakk\u0131nda i\u015flem ba\u015flatm\u0131\u015ft\u0131.<\/p>\n<p style=\"text-align: justify;\"><strong>3. M\u00dcD\u00dcR<\/strong><\/p>\n<p style=\"text-align: justify;\">Dink suikast\u0131 s\u0131ras\u0131nda Emniyet \u0130stihbarat Daire Ba\u015fkanl\u0131\u011f\u0131 g\u00f6revini Ramazan Aky\u00fcrek y\u00fcr\u00fct\u00fcyordu. 8 May\u0131s 2006\u2019da atanan Aky\u00fcrek, Nisan 2009\u2019da g\u00f6revden al\u0131nd\u0131. Suikast\u0131 s\u0131ras\u0131nda sa\u011f ter\u00f6r olaylar\u0131na bakan (C) \u015eube M\u00fcd\u00fcr\u00fc Ali Fuat Y\u0131lmazer de, \u0130stanbul Emniyetinde istihbarattan sorumlu m\u00fcd\u00fcr yard\u0131mc\u0131l\u0131\u011f\u0131 yaparken g\u00f6revden al\u0131nd\u0131. Y\u0131lmazer, Ergenekon soru\u015fturmas\u0131n\u0131n da \u00f6nemli isimleri aras\u0131ndayd\u0131.<\/p>\n<p style=\"text-align: justify;\">Suikast\u0131n ger\u00e7ekle\u015ftirildi\u011fi d\u00f6nemde \u0130stihbarat Daire ba\u015fkan yard\u0131mc\u0131l\u0131\u011f\u0131 g\u00f6revinde ise Ayhan Falakal\u0131 bulunuyordu. Daha sonra Van Emniyet M\u00fcd\u00fcrl\u00fc\u011f\u00fcne atanan Falakal\u0131 bug\u00fcn g\u00f6revden al\u0131nd\u0131. 4 A\u011fustos 2010\u2019da Van Emniyet M\u00fcd\u00fcrl\u00fc\u011f\u00fc&#8217;ne atanan Falakal\u0131, sa\u011fl\u0131k problemlerini gerek\u00e7e g\u00f6stererek merkeze al\u0131nmas\u0131n\u0131 kendisi de istemi\u015fti.<\/p>\n<p style=\"text-align: justify;\"><a href=\"http:\/\/www.gazeteport.com.tr\/GUNCEL\/NEWS\/GP_883936\" target=\"_blank\">Kaynak : GAZETEPORT<\/a><\/p>\n","protected":false},"excerpt":{"rendered":"<p style=\"text-align: justify;\">\n<p style=\"text-align: justify;\">Hrant Dink cinayetinde, san\u0131klar\u0131n telefon trafi\u011finin silindi\u011finin belirlenmesinin ard\u0131ndan su\u00e7lanan isim, Emniyet M\u00fcd\u00fcr\u00fc Ayhan Falakal\u0131 g\u00f6revden al\u0131nd\u0131. Daha \u00f6nce de Aky\u00fcrek ve Y\u0131lmazer\u2019n g\u00f6rev yer de\u011fi\u015ftirilmi\u015fti.<\/p>\n","protected":false},"author":1,"featured_media":0,"comment_status":"open","ping_status":"closed","sticky":false,"template":"","format":"standard","meta":{"footnotes":""},"categories":[105],"tags":[],"class_list":["post-30332","post","type-post","status-publish","format-standard","hentry","category-gundem","odd"],"_links":{"self":[{"href":"http:\/\/www.korhanyilmaz.com\/index.php?rest_route=\/wp\/v2\/posts\/30332","targetHints":{"allow":["GET"]}}],"collection":[{"href":"http:\/\/www.korhanyilmaz.com\/index.php?rest_route=\/wp\/v2\/posts"}],"about":[{"href":"http:\/\/www.korhanyilmaz.com\/index.php?rest_route=\/wp\/v2\/types\/post"}],"author":[{"embeddable":true,"href":"http:\/\/www.korhanyilmaz.com\/index.php?rest_route=\/wp\/v2\/users\/1"}],"replies":[{"embeddable":true,"href":"http:\/\/www.korhanyilmaz.com\/index.php?rest_route=%2Fwp%2Fv2%2Fcomments&post=30332"}],"version-history":[{"count":0,"href":"http:\/\/www.korhanyilmaz.com\/index.php?rest_route=\/wp\/v2\/posts\/30332\/revisions"}],"wp:attachment":[{"href":"http:\/\/www.korhanyilmaz.com\/index.php?rest_route=%2Fwp%2Fv2%2Fmedia&parent=30332"}],"wp:term":[{"taxonomy":"category","embeddable":true,"href":"http:\/\/www.korhanyilmaz.com\/index.php?rest_route=%2Fwp%2Fv2%2Fcategories&post=30332"},{"taxonomy":"post_tag","embeddable":true,"href":"http:\/\/www.korhanyilmaz.com\/index.php?rest_route=%2Fwp%2Fv2%2Ftags&post=30332"}],"curies":[{"name":"wp","href":"https:\/\/api.w.org\/{rel}","templated":true}]}}