{"id":3033,"date":"2009-01-23T17:51:08","date_gmt":"2009-01-23T15:51:08","guid":{"rendered":"http:\/\/www.korhanyilmaz.com\/?p=3033"},"modified":"2009-01-23T17:51:08","modified_gmt":"2009-01-23T15:51:08","slug":"zirvede-hamas-catlagi","status":"publish","type":"post","link":"http:\/\/www.korhanyilmaz.com\/?p=3033","title":{"rendered":"Zirvede Hamas \u00e7atla\u011f\u0131"},"content":{"rendered":"<p style=\"text-align: center;\"><img loading=\"lazy\" decoding=\"async\" class=\"size-full wp-image-3034 aligncenter\" title=\"Zirvede Hamas \u00e7atla\u011f\u0131 \" src=\"http:\/\/www.korhanyilmaz.com\/wp-content\/uploads\/2009\/01\/240120090308584674558.jpg\" alt=\"Zirvede Hamas \u00e7atla\u011f\u0131 \" width=\"376\" height=\"240\" \/><\/p>\n<p style=\"text-align: justify;\"><span style=\"color: #000000;\"><strong>Cumhruba\u015fkan\u0131 G\u00fcl, Mahmud Abbas&#8217;la ger\u00e7ekle\u015febilece\u011fini s\u00f6yledi. Erdo\u011fan Hamas demi\u015fti.<\/strong><\/span><\/p>\n<p style=\"text-align: justify;\">Cumhruba\u015fkan\u0131 G\u00fcl, Filistin bar\u0131\u015f\u0131n\u0131n Mahmud Abbas y\u00f6netiminde ger\u00e7ekle\u015febilece\u011fini s\u00f6yledi. Ba\u015fbakan Erdo\u011fan ise &#8220;Hamas, y\u00fczde 75&#8217;le se\u00e7imi kazand\u0131. Abbas&#8217;\u0131n buna sayg\u0131 g\u00f6stermesi gerekir&#8221; demi\u015fti<\/p>\n<p style=\"text-align: justify;\">Filistin Ulusal Y\u00f6netimi Ba\u015fkan\u0131 Mahmud Abbas d\u00fcn Cumhurba\u015fkan\u0131 Abdullah G\u00fcl&#8217;\u00fc telefonla arad\u0131. Cumhurba\u015fkanl\u0131\u011f\u0131 Bas\u0131n Merkezi&#8217;nden yap\u0131lan a\u00e7\u0131klamada Abbas&#8217;\u0131n, Gazze \u015eeridi&#8217;nde ya\u015fanan trajik olaylar\u0131n ard\u0131ndan Filistin sorunuyla ilgili g\u00fcncel geli\u015fmelere ili\u015fkin g\u00f6r\u00fc\u015flerini aktard\u0131\u011f\u0131, ate\u015fkes sonras\u0131 insani ve siyasi durum hakk\u0131nda bilgi verdi\u011fi belirtildi. <!--more-->A\u00e7\u0131klamada Abbas&#8217;\u0131n \u00f6n\u00fcm\u00fczdeki d\u00f6nemde Filistin&#8217;de bir uzla\u015f\u0131 h\u00fck\u00fcmeti kurulmas\u0131 ve Gazze \u015eeridi&#8217;nin yeniden imar\u0131 konusundaki d\u00fc\u015f\u00fcncelerini iletti\u011fi, T\u00fcrkiye&#8217;ye duyduklar\u0131 g\u00fcven ve b\u00f6lgesel rol\u00fcne de\u011finerek bu \u00e7abalar\u0131n devam\u0131n\u0131 istedi\u011fi de belirtildi. A\u00e7\u0131klamada \u015f\u00f6yle denildi: &#8220;Say\u0131n Cumhurba\u015fkan\u0131m\u0131z bu \u00e7er\u00e7evede, Filistin Ulusal Y\u00f6netimi Ba\u015fkan\u0131 Mahmud Abbas&#8217;\u0131n liderli\u011finde Filistinliler aras\u0131ndaki birlik, beraberlik ve uzla\u015f\u0131ya verdi\u011fimiz \u00f6nemi yineleyerek, Filistin sorununun bar\u0131\u015f\u00e7\u0131l, kal\u0131c\u0131 ve adil \u00e7\u00f6z\u00fcm\u00fcne katk\u0131 sa\u011flamaya y\u00f6nelik yo\u011fun ve etkin diplomatik gayretlerimizin devam edece\u011fini vurgulam\u0131\u015flard\u0131r.&#8221;<\/p>\n<p style=\"text-align: justify;\">\u0130ki liderin g\u00f6r\u00fc\u015fmesinde Hamas&#8217;\u0131n durumunun hi\u00e7 g\u00fcndeme gelmemesi dikkat \u00e7ekti. Bat\u0131 taraf\u0131ndan \u0130srail&#8217;e y\u00f6nelik ele\u015ftiri ..ise her f\u0131rsatta bar\u0131\u015f i\u00e7in Hamas&#8217;\u0131n \u00f6nemine vurgu yap\u0131yor. Erdo\u011fan 19 Ocak&#8217;ta Br\u00fcksel&#8217;de yapt\u0131\u011f\u0131 a\u00e7\u0131klamada da \u015fu mesajlar\u0131 vermi\u015fti:<\/p>\n<p style=\"text-align: justify;\">SE\u00c7\u0130M SONUCUNA ABBAS DA KATLANACAK: &#8220;Filistin&#8217;de se\u00e7im neticesinde y\u00fczde 75&#8217;le iktidara gelen bir parti var. B\u00f6lgede demokrasiye ge\u00e7ilecekse buna y\u00f6nelik sand\u0131ktan \u00e7\u0131kan neticeye, halk\u0131n iradesine de sayg\u0131 duymak gerekmez mi? Se\u00e7imleri kazanan partinin parlamento ba\u015fkan\u0131ndan tutun, milletvekillerine kadar \u0130srail taraf\u0131ndan \u00e7ok ciddi tutuklama var. Bana en yetkili a\u011f\u0131z (bunun gerekli yerde ismini de verece\u011fim) &#8216;E\u011fer biz bunlar\u0131 serbest b\u0131rakacak olursak, Mahmud Abbas bundan \u00e7ok rahats\u0131z olur&#8217; dedi. Abbas&#8217;\u0131 memnun etmek i\u00e7in bu se\u00e7imleri yapmad\u0131k ki! E\u011fer demokrasi kazans\u0131n diye se\u00e7im yap\u0131ld\u0131ysa, bunun sonu\u00e7lar\u0131na Abbas da d\u00fcnya da katlanacak. Efendim bunlar radikal! Merkeze \u00e7ekelim! Merkeze \u00e7ekebilmek i\u00e7in onlar\u0131 ald\u0131klar\u0131 neticede k\u00f6\u015feye s\u0131k\u0131\u015ft\u0131rmayal\u0131m.&#8221;<\/p>\n<p style=\"text-align: justify;\">B\u0130ZE DE \u2018Y\u00d6NETEMEZ&#8217; DED\u0130LER: &#8220;Biz se\u00e7im kazand\u0131k, Tayyip Erdo\u011fan bir belediye ba\u015fkanl\u0131\u011f\u0131 yapm\u0131\u015f siyaset\u00e7idir, T\u00fcrkiye&#8217;yi y\u00f6netemez diyorlard\u0131. Ama dedikleri gibi olmad\u0131. Halk\u0131m\u0131 karalad\u0131lar. Halk\u0131ma neler yazd\u0131lar, neler \u00e7izdiler. Yeri geldi, &#8216;g\u00f6be\u011fini ka\u015f\u0131yanlar&#8217; dediler. Bunlar &#8216;cahildir, anlamazlar&#8217;dediler. Demokrasi kaymak tak\u0131m\u0131 veya elitin de\u011ferlendirmeleri ile netice ortaya koyan bir anlay\u0131\u015f de\u011fildir. Demokrasinin i\u00e7inde elitin de oyu birdir, \u00f6b\u00fcr tarafta k\u00f6y\u00fcnde, k\u00f6\u015fede olan\u0131n da birdir.&#8221;<\/p>\n<p style=\"text-align: justify;\">AB ve ABD&#8217;ye g\u00f6re Hamas ter\u00f6r \u00f6rg\u00fct\u00fc<\/p>\n<p style=\"text-align: justify;\">AsIl ad\u0131 \u2018Hareket el Mukaveme el \u0130slamiye&#8217; (\u0130slami Direni\u015f Hareketi) olan Hamas, 22 y\u0131l \u00f6nce Filistin \u0130slam devletini kurmak amac\u0131yla kuruldu. O g\u00fcnden beri silahl\u0131 m\u00fccadale veren grup, 2005 yerel se\u00e7imlerinde ilk kez siyasi arenaya girdi. Bir y\u0131l sonraki genel se\u00e7imlerde meclisteki 132 sandalyeden 76&#8217;s\u0131n\u0131 kazand\u0131. &#8220;Devlet ba\u015fkan\u0131&#8221; konumundaki Filistin lideri Mahmud Abbas&#8217;\u0131n y\u00f6netti\u011fi &#8220;laik&#8221; El Fetih ise 43 sandalyede kald\u0131. Hamas se\u00e7imin ard\u0131ndan \u0130smail Haniye ba\u015fbakanl\u0131\u011f\u0131nda h\u00fck\u00fcmet kurdu. Ancak Abbas&#8217;la ya\u015fanan anla\u015fmazl\u0131klar ve Hamas&#8217;\u0131 ter\u00f6r \u00f6rg\u00fct\u00fc olarak tan\u0131yan \u00fclkelerin ambargolar\u0131 nedeniyle h\u00fck\u00fcmet \u00e7al\u0131\u015famaz hale geldi. Hamas ile El Fetih&#8217;in silahl\u0131 kanatlar\u0131 aras\u0131nda ba\u015flayan \u00e7at\u0131\u015fmalar art\u0131nca Mahmud Abbas, Haziran 2007&#8217;de h\u00fck\u00fcmeti fesh edip, ola\u011fan\u00fcst\u00fc hal ilan etti. \u0130ki grup aras\u0131nda 15 g\u00fcn s\u00fcren i\u00e7 sava\u015fta Gazze&#8217;nin kontrol\u00fc Hamas&#8217;\u0131n eline ge\u00e7ti.<\/p>\n<p style=\"text-align: justify;\">Hamas h\u00fck\u00fcmeti, Filistin&#8217;in me\u015fru temsilcisi oldu\u011funu savunurken, Bat\u0131 \u015eeria&#8217;daki Abbas h\u00fck\u00fcmeti uluslararas\u0131 alanda me\u015fru kabul ediliyor. Ocak 2005&#8217;te \u00f6len Arafat&#8217;\u0131n koltu\u011funa oturan Abbas&#8217;\u0131n g\u00f6rev s\u00fcresi 9 Ocak&#8217;ta doldu. Abbas ise 2010&#8217;daki se\u00e7ime kadar koltu\u011funda kalaca\u011f\u0131n\u0131 a\u00e7\u0131klad\u0131. Hamas, AB, ABD, \u0130srail, Kanada ve Japonya taraf\u0131ndan ter\u00f6r \u00f6rg\u00fct\u00fc kabul ediliyor.<\/p>\n<p style=\"text-align: justify;\">Hamas g\u00f6r\u00fc\u015fmelerde T\u00fcrkiye&#8217;yi de istiyor<\/p>\n<p style=\"text-align: justify;\">\u0130SRA\u0130L&#8217;\u0130N 1300 ki\u015finin \u00f6l\u00fcm\u00fcne neden olan Gazze sald\u0131r\u0131lar\u0131n\u0131n ard\u0131ndan kal\u0131c\u0131 ate\u015fkes g\u00f6r\u00fc\u015fmelerinde Hamas, T\u00fcrkiye&#8217;nin de masada olmas\u0131 i\u00e7in diretiyor. \u0130srail&#8217;in sayg\u0131n gazetesi Haaretz&#8217;e konu\u015fan \u00fcst d\u00fczey bir Hamasl\u0131, \u00f6rg\u00fct\u00fcn g\u00f6r\u00fc\u015fmelere T\u00fcrkiye&#8217;nin de kat\u0131lmas\u0131 i\u00e7in \u0131srar etti\u011fini s\u00f6yledi. Hamas ayr\u0131ca Filistinli gruplar aras\u0131nda &#8220;ulusal birlik sa\u011flanmas\u0131&#8221; i\u00e7in yap\u0131lacak g\u00f6r\u00fc\u015fmelerde de T\u00fcrkiye&#8217;nin yer almas\u0131n\u0131 istedi. \u015eam merkezli sekiz Filistinli grup da, ulusal birlik g\u00f6r\u00fc\u015fmelerine M\u0131s\u0131r, Katar, Suriye ve T\u00fcrkiye&#8217;nin arac\u0131 olmas\u0131n\u0131 istedi.<\/p>\n<p style=\"text-align: justify;\"><span style=\"color: #999999;\">Kaynak : Vatan Gazetesi<\/span><\/p>\n<p style=\"text-align: justify;\">\n","protected":false},"excerpt":{"rendered":"<p style=\"text-align: center;\">\n<p style=\"text-align: justify;\">Cumhruba\u015fkan\u0131 G\u00fcl, Mahmud Abbas&#8217;la ger\u00e7ekle\u015febilece\u011fini s\u00f6yledi. Erdo\u011fan Hamas demi\u015fti.<\/p>\n<p style=\"text-align: justify;\">Cumhruba\u015fkan\u0131 G\u00fcl, Filistin bar\u0131\u015f\u0131n\u0131n Mahmud Abbas y\u00f6netiminde ger\u00e7ekle\u015febilece\u011fini s\u00f6yledi. Ba\u015fbakan Erdo\u011fan ise &#8220;Hamas, y\u00fczde 75&#8217;le se\u00e7imi kazand\u0131. Abbas&#8217;\u0131n buna sayg\u0131 g\u00f6stermesi gerekir&#8221; demi\u015fti<\/p>\n<p style=\"text-align: justify;\">Filistin Ulusal Y\u00f6netimi Ba\u015fkan\u0131 Mahmud Abbas d\u00fcn Cumhurba\u015fkan\u0131 Abdullah G\u00fcl&#8217;\u00fc telefonla arad\u0131. Cumhurba\u015fkanl\u0131\u011f\u0131 Bas\u0131n <\/p>\n","protected":false},"author":1,"featured_media":0,"comment_status":"open","ping_status":"closed","sticky":false,"template":"","format":"standard","meta":{"footnotes":""},"categories":[3],"tags":[],"class_list":["post-3033","post","type-post","status-publish","format-standard","hentry","category-dunya","odd"],"_links":{"self":[{"href":"http:\/\/www.korhanyilmaz.com\/index.php?rest_route=\/wp\/v2\/posts\/3033","targetHints":{"allow":["GET"]}}],"collection":[{"href":"http:\/\/www.korhanyilmaz.com\/index.php?rest_route=\/wp\/v2\/posts"}],"about":[{"href":"http:\/\/www.korhanyilmaz.com\/index.php?rest_route=\/wp\/v2\/types\/post"}],"author":[{"embeddable":true,"href":"http:\/\/www.korhanyilmaz.com\/index.php?rest_route=\/wp\/v2\/users\/1"}],"replies":[{"embeddable":true,"href":"http:\/\/www.korhanyilmaz.com\/index.php?rest_route=%2Fwp%2Fv2%2Fcomments&post=3033"}],"version-history":[{"count":0,"href":"http:\/\/www.korhanyilmaz.com\/index.php?rest_route=\/wp\/v2\/posts\/3033\/revisions"}],"wp:attachment":[{"href":"http:\/\/www.korhanyilmaz.com\/index.php?rest_route=%2Fwp%2Fv2%2Fmedia&parent=3033"}],"wp:term":[{"taxonomy":"category","embeddable":true,"href":"http:\/\/www.korhanyilmaz.com\/index.php?rest_route=%2Fwp%2Fv2%2Fcategories&post=3033"},{"taxonomy":"post_tag","embeddable":true,"href":"http:\/\/www.korhanyilmaz.com\/index.php?rest_route=%2Fwp%2Fv2%2Ftags&post=3033"}],"curies":[{"name":"wp","href":"https:\/\/api.w.org\/{rel}","templated":true}]}}