{"id":30327,"date":"2011-04-08T14:43:53","date_gmt":"2011-04-08T11:43:53","guid":{"rendered":"http:\/\/www.korhanyilmaz.com\/?p=30327"},"modified":"2011-04-08T14:43:53","modified_gmt":"2011-04-08T11:43:53","slug":"alaton-ocalan-ev-hapsi-konumuna-gecirilebilir","status":"publish","type":"post","link":"http:\/\/www.korhanyilmaz.com\/?p=30327","title":{"rendered":"Alaton: &#8220;\u00d6calan ev hapsi konumuna ge\u00e7irilebilir&#8221;"},"content":{"rendered":"<p style=\"text-align: justify;\"><a href=\"http:\/\/www.korhanyilmaz.com\/wp-content\/uploads\/2011\/04\/112.jpg\"  class=\"lightview\"><img loading=\"lazy\" decoding=\"async\" class=\"aligncenter size-full wp-image-30328\" src=\"http:\/\/www.korhanyilmaz.com\/wp-content\/uploads\/2011\/04\/112.jpg\" alt=\"\" width=\"307\" height=\"236\" \/><\/a><\/p>\n<p style=\"text-align: justify;\">\u0130\u015fadam\u0131 \u0130shak Alaton, &#8220;K\u00fcrtlerin ayr\u0131lmak isteyip istemediklerini belirleyecek geni\u015f kapsaml\u0131 sosyal ara\u015ft\u0131rmalar yap\u0131lmal\u0131. K\u00fcrtleri teskin edecekse \u00d6calan ev hapsi konumuna da ge\u00e7irilebilir. Parlamentonun toplumu bu fikre haz\u0131rlayacak, toplumsal zemini haz\u0131rlamas\u0131 gerekiyor&#8221; dedi. <!--more--><\/p>\n<p style=\"text-align: justify;\">(DHA) &#8212; Bilgi \u00dcniversitesi&#8217;nde d\u00fczenlenen &#8220;Bar\u0131\u015f\u0131 Kurmak&#8221; konferans\u0131na, DEP Eski Milletvekili Leyla Zana&#8217;yla birlikte  konu\u015fmac\u0131 olarak kat\u0131lan i\u015fadam\u0131 \u0130shak Alaton tart\u0131\u015f\u0131lacak \u00f6nerilerde bulundu.<\/p>\n<p style=\"text-align: justify;\">Eskiden &#8216;K\u00fcrdistan&#8217; kelimesini kullanman\u0131n m\u00fcmk\u00fcn olmad\u0131\u011f\u0131n\u0131 s\u00f6yleyen Alaton, bug\u00fcn gelinen noktada b\u00f6lge insan\u0131n\u0131n T\u00fcrkiye&#8217;den ayr\u0131l\u0131p ayr\u0131lmama konusundaki tercihinin sosyal ara\u015ft\u0131rmalarla tespit edilmesi gerekti\u011fini s\u00f6yledi.<\/p>\n<p style=\"text-align: justify;\">\u00dcst\u00fc kapal\u0131 olarak bu konuda referandum \u00e7a\u011fr\u0131s\u0131 yapan Alaton, Kanada, isko\u00e7ya ve \u0130ngiltere gibi \u00fclkelerin bu yola ba\u015fvurarak, \u00f6nemli ilerlemelerde bulundu\u011funu hat\u0131rlatt\u0131.<\/p>\n<p style=\"text-align: justify;\">Alaton \u015f\u00f6yle konu\u015ftu:<\/p>\n<p style=\"text-align: justify;\">&#8220;Her\u015feyden \u00f6nce b\u00f6lgeden ayr\u0131lmak istenilip istenilmedi\u011fini belirleyecek geni\u015f kapsaml\u0131 sosyal ara\u015ft\u0131rmalar yaparak, ger\u00e7ek istekleri g\u00f6rmeliyiz. K\u00fcrtlerin ger\u00e7ekten ayr\u0131lmak isteyip istemediklerini, hem kendileri ve hem de biz T\u00fcrkler g\u00f6rm\u00fc\u015f olaca\u011f\u0131z.<\/p>\n<p style=\"text-align: justify;\">Bu bizi, \u015fiddeti kullananlar kar\u015f\u0131s\u0131nda \u00e7ok g\u00fc\u00e7l\u00fc bir konuma getirecektir. Bunu yapan \u00fclkeler huzur i\u00e7inde ya\u015famad\u0131ktad\u0131rlar. Mesela Kanada&#8217;daki Quebec b\u00f6lgesinde ayr\u0131lmak isteyenler az\u0131nl\u0131kta kald\u0131.&#8221;<\/p>\n<p style=\"text-align: justify;\">B\u00fcy\u00fck ihtimalle T\u00fcrkiye&#8217;nin de Kanada Quebec&#8217;deki gibi bir tecr\u00fcbe ya\u015fayaca\u011f\u0131n\u0131 \u00f6ne s\u00fcren Alaton, &#8220;D\u00fcr\u00fcst bir \u015fekilde bu ara\u015ft\u0131rmay\u0131 yapal\u0131m. Diyelim ki, ayr\u0131lmak isteyenlen k\u00fc\u00e7\u00fck bir az\u0131nl\u0131k, beraber ya\u015fayanlar \u00e7o\u011funlukta, o zaman \u00e7o\u011funlukta y\u00fcr\u00fcyelim&#8221; \u015feklinde konu\u015ftu.<\/p>\n<p style=\"text-align: justify;\"><strong>&#8220;Ayr\u0131l\u0131p ayr\u0131lmamak istedikleri b\u00f6lge insan\u0131na sorulmal\u0131&#8221; <\/strong><\/p>\n<p style=\"text-align: justify;\">B\u00f6lgede ayr\u0131lmamay\u0131 isteyenlerin \u00e7o\u011funlukta oldu\u011funa inand\u0131\u011f\u0131n\u0131 vurgulayan Alaton, &#8220;Bar\u0131\u015f kelimesi gerekli gereksiz kullan\u0131larak hakikatan \u00e7ok y\u0131prand\u0131. Y\u0131llarca propagandaya kurban edildi ve b\u00f6ylece alg\u0131 kar\u0131\u015f\u0131kl\u0131\u011f\u0131 da yaratt\u0131. Ne yaz\u0131k ki bir taraf i\u00e7in her bar\u0131\u015f \u00e7abas\u0131, sava\u015f\u0131n devam\u0131 gibi alg\u0131lan\u0131yor. \u0130ki tarafta bar\u0131\u015f derken sava\u015f\u0131n galibi oldu\u011funu s\u00f6yl\u00fcyor. E\u011fer bir taraf, bar\u0131\u015f derken di\u011fer taraf onu elleri tetikte tutmak olarak alg\u0131l\u0131yorsa, mevcut olandan da daha tehlikeli bir duruma i\u015faret ediliyor&#8221; diye konu\u015ftu.<\/p>\n<p style=\"text-align: justify;\"><strong>&#8220;Kuzey Irak&#8217;\u0131n G\u00fcneydo\u011fu&#8217;ya etkisi ka\u00e7\u0131n\u0131lmaz&#8221; <\/strong><\/p>\n<p style=\"text-align: justify;\">1984&#8217;ten bu yana K\u00fcrt meselesinde \u00e7ok de\u011fi\u015flikler ya\u015fand\u0131\u011f\u0131n\u0131 s\u00f6yleyen \u0130shak Alaton, &#8220;Irak&#8217;ta art\u0131k Saddam H\u00fcseyin yok. Irak&#8217;taki K\u00fcrt topraklar\u0131nda federal bir K\u00fcrt devleti kuruldu. K\u00fcrt sorununa hala \u015fartlar hi\u00e7 de\u011fi\u015fmemi\u015f gibi yakla\u015f\u0131yoruz. D\u00fcnde ya\u015famaya devam ediyoruz ve inat ediyoruz. Bug\u00fcn yapaca\u011f\u0131m\u0131z hareket, Irak K\u00fcrdistan\u0131&#8217;ndaki kalk\u0131nma hamlesinin G\u00fcneydo\u011fu&#8217;daki etkilerine bakmak olmal\u0131d\u0131r. Bu etki ka\u00e7\u0131n\u0131lmaz. B\u00f6lge h\u0131zla de\u011fer kazanmakta. B\u00f6lgeyi T\u00fcrk \u015firketleri kuruyor. Kendi b\u00f6lgemizde hayvanc\u0131l\u0131k ve tar\u0131m\u0131 yeniden in\u015faa etmeliyiz&#8221; \u015feklinde konu\u015ftu.<\/p>\n<p style=\"text-align: justify;\"><strong>&#8220;Toplum \u00d6calan&#8217;\u0131n ev hapsine haz\u0131rlanmal\u0131&#8221; <\/strong><\/p>\n<p style=\"text-align: justify;\">K\u00fcrt sorununda siyasi olarak yap\u0131lmas\u0131 gerekenleri de s\u0131ralayan Alaton, se\u00e7im baraj\u0131n\u0131 d\u00fc\u015f\u00fcr\u00fclmesini ve b\u00f6lge insan\u0131na tek bir oyunun bile ziyan olmadan mecliste temsil edilece\u011fi  g\u00fcvencesinin sa\u011flamas\u0131 gerekti\u011fi s\u00f6yledi.<\/p>\n<p style=\"text-align: justify;\">Tek ba\u015f\u0131na h\u00fck\u00fcmet iradesiyle de\u011fil, ulusal bir uzla\u015fmayla \u00d6calan&#8217;\u0131n durumunun netle\u015ftirilmesi gerekti\u011fini belirten Alaton, &#8220;K\u00fcrtleri teskin edecekse \u00d6calan ev hapsi konumuna da ge\u00e7irilebilir. Parlamentonun toplumu bu fikre haz\u0131rlayacak, toplumsal zemini haz\u0131rlamas\u0131 gerekiyor. Bu toplumsal bir haz\u0131rl\u0131k icab ediyor&#8221; diye konu\u015ftu.<\/p>\n<p style=\"text-align: justify;\"><strong>&#8220;Silahla ula\u015f\u0131ld\u0131, silahla devam edemez&#8221; <\/strong><\/p>\n<p style=\"text-align: justify;\">Silahla bir yere var\u0131lamayaca\u011f\u0131n\u0131 s\u00f6yleyerek sahte bir iyimserlik sunmayaca\u011f\u0131n\u0131 s\u00f6yleyen Alaton,  &#8220;A\u00e7\u0131kca K\u00fcrt meselesinin bug\u00fcn geldi\u011fi yere silahla ula\u015f\u0131ld\u0131. Bunu da biliyorum. Ancak silah bundan daha fazlas\u0131n\u0131 alamaz. Silahlar\u0131 b\u0131rakmak \u015fart. \u015eiddet devam ettik\u00e7e, elde ettiklerini h\u0131zla kaybedeceklerdi ortad\u0131r&#8221; \u015feklinde konu\u015ftu.<\/p>\n<p style=\"text-align: justify;\"><strong>Alaton&#8217;un Zana&#8217;ya jesti g\u00fcld\u00fcrd\u00fc <\/strong><\/p>\n<p style=\"text-align: justify;\">&#8220;K\u0131z\u0131m&#8221; diye hitap etti\u011fi eski DEP Milletvekili Leyla Zana k\u00fcrs\u00fcye geldi\u011finde nezaket g\u00f6sterip \u00f6nce oturmas\u0131n\u0131 isteyen Alaton, Zana&#8217;n\u0131n da jestine kar\u015f\u0131l\u0131k vermesi \u00fczerine, sert bir el i\u015faretiyle Zana&#8217;n\u0131n oturmas\u0131n\u0131 istedi.<\/p>\n<p style=\"text-align: justify;\">Leyla Zana da bu hareket \u00fczerine \u00f6nce oturunca solanda g\u00fcl\u00fc\u015fmeler ya\u015fand\u0131.<\/p>\n<p style=\"text-align: justify;\"><strong>Zana K\u00fcrt\u00e7e konu\u015ftu <\/strong><\/p>\n<p style=\"text-align: justify;\">\u0130shak Alaton&#8217;un konu\u015fmas\u0131n\u0131n ard\u0131ndan k\u00fcrs\u00fcye \u00e7\u0131kan eski DEP Milletvekili Leyla Zana konu\u015fmas\u0131n\u0131 K\u00fcrt\u00e7e yapt\u0131.<\/p>\n<p style=\"text-align: justify;\">Ba\u015flang\u0131\u00e7ta terc\u00fcme konusunda s\u0131k\u0131nt\u0131 ya\u015fanmas\u0131na ra\u011fmen Zana, sorunun halledilmesini T\u00fcrk\u00e7e olarak isteyen Zana, sorun \u00e7\u00f6z\u00fcl\u00fcnce K\u00fcrt\u00e7e konu\u015fmaya devam etti.<\/p>\n<p style=\"text-align: justify;\">T\u00fcrkiye&#8217;nin her a\u00e7\u0131dan zengin ve g\u00fczel bir \u00fclke oldu\u011funu s\u00f6yleyen Zana, zihniyetteki s\u0131n\u0131rlar\u0131n y\u0131k\u0131lmas\u0131 gerekti\u011fini belirtti.<\/p>\n<p style=\"text-align: justify;\">K\u00fcrtlerin bir d\u00f6nem kendi ana dillerinden utand\u0131klar\u0131n\u0131 \u00f6ne s\u00fcren Zana, &#8220;K\u00fcrtler kendi elbiseleriyle bile d\u0131\u015far\u0131 \u00e7\u0131kmaya utan\u0131yorlard\u0131&#8221; \u015feklinde konu\u015ftu.<\/p>\n<p style=\"text-align: justify;\">&#8216;Bu \u00fclkede K\u00fcrtler vard\u0131r&#8217; dediklerinde, kendilerine &#8216;onlar da\u011f T\u00fcrkleridir&#8217; denildi\u011fini belirten Zana, &#8220;Bu d\u00f6nem art\u0131k sona erdi&#8221; dedi.<\/p>\n<p style=\"text-align: justify;\">T\u00fcrkiye halk\u0131n\u0131n da art\u0131k K\u00fcrtleri bildi\u011fini ve sorunlar\u0131yle ilgilenmeye ba\u015flad\u0131\u011f\u0131n\u0131 hat\u0131rlatan Zana, bug\u00fcn sorulmas\u0131 gereken sorunun K\u00fcrtlerin siyasi ve idari anlamda ba\u015f\u0131 dik, s\u0131n\u0131rs\u0131z bir \u015fekilde ya\u015famlar\u0131n\u0131 yeniden \u015fekillendirecekler mi oldu\u011funu s\u00f6yledi.<\/p>\n<p style=\"text-align: justify;\"><strong>&#8220;Ayr\u0131l\u0131p ayr\u0131lmama sorusu T\u00fcm T\u00fcrkiye&#8217;ye sorulmal\u0131&#8221; <\/strong><\/p>\n<p style=\"text-align: justify;\">Alaton&#8217;un g\u00fcndeme getirdi\u011fi \u00f6nerilere de de\u011finen Zana, ayr\u0131l\u0131p ayr\u0131lmama konusunun sadece K\u00fcrtlere de\u011fil, t\u00fcm T\u00fcrkiye&#8217;ye sorulmas\u0131 gerekti\u011fini s\u00f6yledi.<\/p>\n<p style=\"text-align: justify;\">Zana, &#8220;T\u00fcrk halk\u0131 K\u00fcrtlerle ya\u015famak istiyor mu, istemiyor mu? Referandum sadece K\u00fcrtlere yap\u0131lmamal\u0131, T\u00fcm T\u00fcrkiye&#8217;de yap\u0131lmal\u0131&#8221; \u015feklinde konu\u015ftu.<\/p>\n<p style=\"text-align: justify;\">T\u00fcrklerin K\u00fcrtleri kendi kap\u0131s\u0131ndaki ayakkab\u0131 boyac\u0131s\u0131 veya simit\u00e7i olarak g\u00f6rmekten vazge\u00e7mesini gerekti\u011fini s\u00f6yleyen Zana, &#8220;Tabular\u0131 y\u0131kmam\u0131z laz\u0131m. K\u00fcrtlerin yerine d\u00fc\u015f\u00fcn\u00fclmekten vazge\u00e7ilmeli. K\u00fcrtler kendi liderlerini se\u00e7meli. Kimi istiyorlarsa, onu se\u00e7melidir. 30 y\u0131ld\u0131r K\u00fcrtleri bu a\u015famaya getiren Say\u0131n \u00d6calan ve \u00f6rg\u00fct\u00fcd\u00fcr&#8221; \u015feklinde konu\u015ftu.<\/p>\n<p style=\"text-align: justify;\">K\u00fcrtlerin PKK&#8217;nin ortadan kalkmas\u0131n\u0131 istemedi\u011fini \u00f6ne s\u00fcren DEP Eski Milletvekili Leyla Zana, &#8220;Bu g\u00fc\u00e7 ortadan kalkarsa K\u00fcrtler ortadan kalkar. Bu g\u00fc\u00e7 kendini de\u011fi\u015ftirsin. Silahl\u0131 m\u00fccadeleyi b\u0131raks\u0131n, gelsin siyaset yaps\u0131n&#8221; diye konu\u015ftu.<\/p>\n<p style=\"text-align: justify;\"><strong>CHP&#8217;li Tanr\u0131kulu da kat\u0131lacak <\/strong><\/p>\n<p style=\"text-align: justify;\">Yurd\u0131\u015f\u0131 ve yurti\u00e7inden \u00e7ok say\u0131da siyaset\u00e7i ve akademisyenin kat\u0131ld\u0131\u011f\u0131 ve Bar\u0131\u015f Giri\u015fiminin d\u00fczenledi\u011fi &#8220;Bar\u0131\u015f\u0131 Kurmak Konferas\u0131&#8221; yar\u0131n da devam edecek.<\/p>\n<p style=\"text-align: justify;\">Bilgi \u00dcniversitesi&#8217;nin Dolapdere Kamp\u00fcs\u00fcndeki konferans i\u00e7in haz\u0131rlanan T\u00fcrk\u00e7e, K\u00fcrt\u00e7e ve \u0130ngilizce bro\u015f\u00fcrler dikkat \u00e7ekerken, \u00fcnl\u00fc \u015fair Melih Cevdet Anday&#8217;\u0131n i\u00e7inde &#8216;D\u00fcnyay\u0131 hele sen bir bar\u0131\u015f olsun da g\u00f6r&#8217; dizesinin de yer ald\u0131\u011f\u0131 &#8216;Olsun da g\u00f6r&#8217; \u015fiiri konferas\u0131n mesaj\u0131 olarak kullan\u0131l\u0131yor.<\/p>\n<p style=\"text-align: justify;\">Gazeteciler de dahil sadece akredite olanlar kat\u0131labildi\u011fi konferans\u0131n yar\u0131nki oturumuna \u00f6ld\u00fcr\u00fclen Gazeteci Hrant Dink&#8217;in e\u015fi Rakel Dink, Demokratik Toplum Kongresi E\u015fba\u015fkanlar\u0131 Aysel Tu\u011fluk ve Ahmet T\u00fcrk, BDP E\u015fba\u015fkan\u0131 G\u00fcltan K\u0131\u015fanak ve CHP Genelba\u015fkan Yard\u0131mc\u0131s\u0131 Sezgin Tanr\u0131kulu&#8217;nun da kat\u0131lmas\u0131 bekleniyor.<\/p>\n<p style=\"text-align: justify;\"><a href=\"http:\/\/www.cnnturk.com\/2011\/turkiye\/04\/08\/alaton.ocalan.ev.hapsi.konumuna.gecirilebilir\/612640.0\/index.html\" target=\"_blank\">Kaynak : CNN T\u00dcRK<\/a><\/p>\n","protected":false},"excerpt":{"rendered":"<p style=\"text-align: justify;\">\n<p style=\"text-align: justify;\">\u0130\u015fadam\u0131 \u0130shak Alaton, &#8220;K\u00fcrtlerin ayr\u0131lmak isteyip istemediklerini belirleyecek geni\u015f kapsaml\u0131 sosyal ara\u015ft\u0131rmalar yap\u0131lmal\u0131. K\u00fcrtleri teskin edecekse \u00d6calan ev hapsi konumuna da ge\u00e7irilebilir. Parlamentonun toplumu bu fikre haz\u0131rlayacak, toplumsal zemini haz\u0131rlamas\u0131 gerekiyor&#8221; dedi. <\/p>\n","protected":false},"author":1,"featured_media":0,"comment_status":"open","ping_status":"closed","sticky":false,"template":"","format":"standard","meta":{"footnotes":""},"categories":[105],"tags":[],"class_list":["post-30327","post","type-post","status-publish","format-standard","hentry","category-gundem","odd"],"_links":{"self":[{"href":"http:\/\/www.korhanyilmaz.com\/index.php?rest_route=\/wp\/v2\/posts\/30327","targetHints":{"allow":["GET"]}}],"collection":[{"href":"http:\/\/www.korhanyilmaz.com\/index.php?rest_route=\/wp\/v2\/posts"}],"about":[{"href":"http:\/\/www.korhanyilmaz.com\/index.php?rest_route=\/wp\/v2\/types\/post"}],"author":[{"embeddable":true,"href":"http:\/\/www.korhanyilmaz.com\/index.php?rest_route=\/wp\/v2\/users\/1"}],"replies":[{"embeddable":true,"href":"http:\/\/www.korhanyilmaz.com\/index.php?rest_route=%2Fwp%2Fv2%2Fcomments&post=30327"}],"version-history":[{"count":0,"href":"http:\/\/www.korhanyilmaz.com\/index.php?rest_route=\/wp\/v2\/posts\/30327\/revisions"}],"wp:attachment":[{"href":"http:\/\/www.korhanyilmaz.com\/index.php?rest_route=%2Fwp%2Fv2%2Fmedia&parent=30327"}],"wp:term":[{"taxonomy":"category","embeddable":true,"href":"http:\/\/www.korhanyilmaz.com\/index.php?rest_route=%2Fwp%2Fv2%2Fcategories&post=30327"},{"taxonomy":"post_tag","embeddable":true,"href":"http:\/\/www.korhanyilmaz.com\/index.php?rest_route=%2Fwp%2Fv2%2Ftags&post=30327"}],"curies":[{"name":"wp","href":"https:\/\/api.w.org\/{rel}","templated":true}]}}