{"id":30323,"date":"2011-04-08T17:04:41","date_gmt":"2011-04-08T14:04:41","guid":{"rendered":"http:\/\/www.korhanyilmaz.com\/?p=30323"},"modified":"2011-04-08T17:04:41","modified_gmt":"2011-04-08T14:04:41","slug":"bdpli-yildiz-yerlerde-suruklendi","status":"publish","type":"post","link":"http:\/\/www.korhanyilmaz.com\/?p=30323","title":{"rendered":"BDP&#8217;li Y\u0131ld\u0131z yerlerde s\u00fcr\u00fcklendi!.."},"content":{"rendered":"<p style=\"text-align: justify;\"><a href=\"http:\/\/www.korhanyilmaz.com\/wp-content\/uploads\/2011\/04\/111.jpg\"  class=\"lightview\"><img loading=\"lazy\" decoding=\"async\" class=\"aligncenter size-full wp-image-30324\" src=\"http:\/\/www.korhanyilmaz.com\/wp-content\/uploads\/2011\/04\/111.jpg\" alt=\"\" width=\"307\" height=\"236\" \/><\/a><\/p>\n<p style=\"text-align: justify;\">BDP&#8217;liler sivil itaatsizlik eylemleri kapsam\u0131nda bug\u00fcn Diyarbak\u0131r&#8217;\u0131n merkez Sur \u0130l\u00e7esi&#8217;ndeki Da\u011fkap\u0131 Meydan\u0131&#8217;nda topland\u0131. Meydana \u00e7ad\u0131r kurmak isteyen BDP&#8217;li gruba polis m\u00fcdahale etti. BDP&#8217;li Bengi Y\u0131ld\u0131z&#8217;\u0131n yerlerde s\u00fcr\u00fcklendi\u011fi gerginlikte bir ki\u015finin att\u0131\u011f\u0131 yumrukla polis memurunun burnu k\u0131r\u0131ld\u0131.<!--more--><\/p>\n<p style=\"text-align: justify;\"><strong>D\u0130YARBAKIR:<\/strong><\/p>\n<p style=\"text-align: justify;\">Yakla\u015f\u0131k 4 bin ki\u015fi, 1925 y\u0131l\u0131nda K\u00fcrt isyan\u0131 liderlerinden \u015eeyh Sait ve arkada\u015flar\u0131n\u0131n idam edildi\u011fi yer olan ve Orduevi biti\u015fi\u011finde bulunan Da\u011fkap\u0131 Maydan\u0131&#8217;na hal\u0131 ve battaniye sererek cuma namaz\u0131 i\u00e7in saf tuttu.<\/p>\n<p style=\"text-align: justify;\">BDP&#8217;nin &#8216;sivil cuma&#8217; olarak de\u011ferlendirdi\u011fi itaatsizlik eylemi kapsam\u0131nda saf tutan partililer, Din Adamlar\u0131 Yard\u0131mla\u015fma ve Dayan\u0131\u015fma Derne\u011fi (D\u0130YADER) Ba\u015fkan\u0131 Zahit \u00c7iftkuran&#8217;\u0131n \u00f6nc\u00fcl\u00fc\u011f\u00fcnde Cuma namaz\u0131 k\u0131ld\u0131. Polis \u00e7evrede geni\u015f g\u00fcvenlik \u00f6nlemi al\u0131rken, namaz k\u0131l\u0131nmadan \u00f6nce imam \u00c7iftkuran, cemaate K\u00fcrt\u00e7e bir konu\u015fma yapt\u0131.<\/p>\n<p style=\"text-align: justify;\">\u00c7iftkuran, camilerin Allah&#8217;\u0131n evi oldu\u011funu ve camilerle bir sorunlar\u0131n\u0131n bulunmad\u0131\u011f\u0131n\u0131 belirterek, &#8220;Biz camilerde sistem i\u00e7in \u00e7al\u0131\u015fan ve T\u00fcrk-\u0130slam sentezini dayatan imamlara kar\u015f\u0131y\u0131z. Bizim i\u00e7imizde medrese e\u011fitimi g\u00f6rm\u00fc\u015f y\u00fczlerce imam var. Kimse bize din dersi vermesin. \u0130slam&#8217;\u0131 yeniden yazacak halimiz yok, \u0130slam \u0130slam&#8217;d\u0131r. Biz bug\u00fcn insanlar\u0131n art\u0131k birbirini \u00f6ld\u00fcrmemesini istiyoruz. \u0130nsanlar aras\u0131nda \u00f6l\u00fcm olmas\u0131n, bar\u0131\u015f gelsin istiyoruz&#8221; diye konu\u015ftu.<\/p>\n<p style=\"text-align: justify;\">Konu\u015fmadan sonra BDP&#8217;lilerin \u00f6n\u00fcnde saf tutan imamlardan biri \u00e7evredeki camilerden gelen ezan sesini beklemeden kendisi kalk\u0131p namaz i\u00e7in ezan okudu. Daha sonra yakla\u015f\u0131k 4 bin ki\u015fi, meydanda hep birlikte saf tutarak Cuma namaz\u0131 k\u0131ld\u0131.<\/p>\n<p style=\"text-align: justify;\"><strong>Namaz sonras\u0131 olay <\/strong><\/p>\n<p style=\"text-align: justify;\">Cuma namaz\u0131n\u0131n k\u0131l\u0131nd\u0131\u011f\u0131 Da\u011fkap\u0131 Meydan\u0131&#8217;nda daha sonra &#8220;Bar\u0131\u015f Anneleri&#8221; adl\u0131 bir grup kad\u0131n operasyonlar\u0131n durmas\u0131 i\u00e7in t\u00fclbentlerini yakt\u0131. Daha sonra BDP, Demokratik \u00c7\u00f6z\u00fcm \u00c7ad\u0131r\u0131 kurmak i\u00e7in malzemelerini alana getirdi. Polis; \u00e7ad\u0131r\u0131n kurulmas\u0131na izin vermezken, bir grup BDP&#8217;li polis ile tart\u0131\u015ft\u0131. Tart\u0131\u015fma s\u0131ras\u0131nda bir ki\u015finin polise yumruk atmas\u0131 \u00fczerine, polis biber gaz\u0131 ve tazyikli su ile gruba m\u00fcdahale etti. Yakla\u015f\u0131k 5 dakika s\u00fcren arbedenin ard\u0131ndan polis grubu \u00e7embere ald\u0131. Bu s\u0131rada aniden bast\u0131ran dolu ve sa\u011fanak ya\u011fmur nedeniyle meydandaki grubun b\u00fcy\u00fck k\u0131sm\u0131 da\u011f\u0131ld\u0131.<\/p>\n<p style=\"text-align: justify;\"><strong>Arbede \u00e7\u0131kt\u0131, BDP&#8217;li Y\u0131ld\u0131z yerlerde s\u00fcr\u00fcklendi <\/strong><\/p>\n<p style=\"text-align: justify;\">Daha sonra meydana BDP Genel Ba\u015fkan\u0131 Selahattin Demirta\u015f ve BDP Grup Ba\u015fkan Vekili Bengi Y\u0131ld\u0131z&#8217;\u0131n da aralar\u0131nda bulundu\u011fu baz\u0131 milletvekilleri ve belediye ba\u015fkanlar\u0131 geldi. BDP&#8217;li Demirta\u015f&#8217;\u0131n geli\u015fi s\u0131ras\u0131nda polis barikat\u0131n\u0131 a\u015f\u0131p meydana girmek isteyen bir grup BDP&#8217;li ile polis aras\u0131nda arbede ya\u015fand\u0131.<\/p>\n<p style=\"text-align: justify;\">\u00c7ad\u0131r demirini almak isteyen Milletvekili Bengi Y\u0131ld\u0131z ve demiri b\u0131rakmayan polisler aras\u0131nda arbede ya\u015fan\u0131rken, Y\u0131ld\u0131z, \u00e7ad\u0131r demirinin ard\u0131ndan yerde yakla\u015f\u0131k 10 metre s\u00fcr\u00fcklendi. \u0130lk arbede s\u0131ras\u0131nda bir polis telsizinin kayboldu\u011fu belirtilince polis alandan \u00e7\u0131kan herkesi tek tek aramaya \u00e7al\u0131\u015ft\u0131.<\/p>\n<p style=\"text-align: justify;\">Telsizin kayboldu\u011fu BDP lideri Demirta\u015f&#8217;a iletilince Demirta\u015f grubun i\u00e7erisine girerek kimin telsizi ald\u0131\u011f\u0131n\u0131 sordu. Telsiz bulunamazken, Demirta\u015f yapt\u0131\u011f\u0131 konu\u015fmada Valili\u011fin alanda \u00e7ad\u0131r kurulmas\u0131n\u0131 yasaklayan karar\u0131n\u0131 ele\u015ftirdi. Demirta\u015f, &#8220;Da\u011fkap\u0131 \u00e7ad\u0131r i\u00e7in yasak ise en iyi yer Diyarbak\u0131r Valili\u011fi&#8217;nin bah\u00e7esidir. bizde \u00e7ad\u0131r\u0131 Valili\u011fin bah\u00e7esine kuraca\u011f\u0131z&#8221; diyerek yakla\u015f\u0131k 150 ki\u015filik grup ile Diyarbak\u0131r Valili\u011fi&#8217;ne do\u011fru y\u00fcr\u00fcy\u00fc\u015fe ge\u00e7ti.<\/p>\n<p style=\"text-align: justify;\">Polis, grubun \u00f6n\u00fcn\u00fc keserek, y\u00fcr\u00fcmelerine izin vermeyece\u011fini s\u00f6yledi.<\/p>\n<p style=\"text-align: justify;\"><strong>VAN:<\/strong><\/p>\n<p style=\"text-align: justify;\">BDP&#8217;nin Van&#8217;da Ahmedi Hani Park\u0131&#8217;nda &#8216;sivil itaatsizlik&#8217; eylemi kapsam\u0131nda kurdu\u011fu &#8216;Demokratik \u00c7\u00f6z\u00fcm \u00c7ad\u0131r\u0131&#8217;n\u0131n etraf\u0131nda da yakla\u015f\u0131k bin ki\u015fi cuma namaz\u0131 i\u00e7in topland\u0131. Camilere gitmeyerek \u00e7ad\u0131rda ve \u00e7ad\u0131r etraf\u0131nda cuma namaz\u0131 k\u0131lanlar sa\u011fanak ya\u011fmurda \u0131sland\u0131. Baz\u0131lar\u0131 \u015femsiye a\u00e7t\u0131, baz\u0131lar\u0131 da karton po\u015fet ve gazeteleri ba\u015f\u0131na ge\u00e7irerek ya\u011fmurdan korunmaya \u00e7al\u0131\u015ft\u0131.<\/p>\n<p style=\"text-align: justify;\">\u0130mam, A. Mecit K\u0131yaf, K\u00fcrt\u00e7e okudu\u011fu hutbede &#8220;Allah zalimlerden k\u0131yamet g\u00fcn\u00fc hesap soracakt\u0131r. Zalim insanlar\u0131 k\u0131yamette kimse sahiplenmeyecektir. M\u00fcsl\u00fcman insan kendisi i\u00e7in ne istiyorsa karde\u015fi i\u00e7inde onu istemelidir. Allah&#8217;\u0131n laneti zalimlerin \u00fcst\u00fcndedir. Allah kan d\u00f6kmeyi kimseye nasip etmesin. Bar\u0131\u015f\u0131 ve \u00f6zg\u00fcrl\u00fc\u011f\u00fc bize nasip etsin&#8221; dedi.<\/p>\n<p style=\"text-align: justify;\"><strong>HAKKAR\u0130:<\/strong><\/p>\n<p style=\"text-align: justify;\">Hakkari&#8217;de de cuma namaz\u0131 Bulak Mahallesi&#8217;ndeki BDP il binas\u0131 \u00f6n\u00fcnde kurulan &#8216;Demokrasi \u00c7\u00f6z\u00fcm \u00c7ad\u0131r\u0131&#8217; \u00f6n\u00fcnde k\u0131l\u0131nd\u0131. Yakla\u015f\u0131k 2 bin ki\u015fi, kurulan 2 \u00e7ad\u0131rda ve sa\u011fanak ya\u011fmura ra\u011fmen \u00e7ad\u0131r \u00e7evresinde namaza durdu. Burada da K\u00fcrt\u00e7e hutbe okurken, ellerin bar\u0131\u015f i\u00e7in kalkmas\u0131 istendi.<\/p>\n<p style=\"text-align: justify;\">Hakkari&#8217;nin Y\u00fcksekova \u0130l\u00e7esi&#8217;nde de ya\u011fmura ra\u011fmen BDP&#8217;liler cuma namaz\u0131n\u0131 cami yerine Musa Anter Park\u0131&#8217;nda kurulan \u00e7ad\u0131r ve \u00e7evresinde k\u0131ld\u0131.<\/p>\n<p style=\"text-align: justify;\">Van, Hakkari ve Y\u00fcksekova&#8217;da cuma namaz\u0131 toplanan kalabal\u0131klar sessizce da\u011f\u0131ld\u0131.<\/p>\n<p style=\"text-align: justify;\"><a href=\"http:\/\/www.cnnturk.com\/2011\/turkiye\/04\/08\/bdpli.yildiz.yerlerde.suruklendi\/612653.0\/index.html\" target=\"_blank\">Kaynak : CNN T\u00dcRK<\/a><\/p>\n","protected":false},"excerpt":{"rendered":"<p style=\"text-align: justify;\">\n<p style=\"text-align: justify;\">BDP&#8217;liler sivil itaatsizlik eylemleri kapsam\u0131nda bug\u00fcn Diyarbak\u0131r&#8217;\u0131n merkez Sur \u0130l\u00e7esi&#8217;ndeki Da\u011fkap\u0131 Meydan\u0131&#8217;nda topland\u0131. Meydana \u00e7ad\u0131r kurmak isteyen BDP&#8217;li gruba polis m\u00fcdahale etti. BDP&#8217;li Bengi Y\u0131ld\u0131z&#8217;\u0131n yerlerde s\u00fcr\u00fcklendi\u011fi gerginlikte bir ki\u015finin att\u0131\u011f\u0131 yumrukla polis memurunun burnu k\u0131r\u0131ld\u0131.<\/p>\n","protected":false},"author":1,"featured_media":0,"comment_status":"open","ping_status":"closed","sticky":false,"template":"","format":"standard","meta":{"footnotes":""},"categories":[105],"tags":[],"class_list":["post-30323","post","type-post","status-publish","format-standard","hentry","category-gundem","odd"],"_links":{"self":[{"href":"http:\/\/www.korhanyilmaz.com\/index.php?rest_route=\/wp\/v2\/posts\/30323","targetHints":{"allow":["GET"]}}],"collection":[{"href":"http:\/\/www.korhanyilmaz.com\/index.php?rest_route=\/wp\/v2\/posts"}],"about":[{"href":"http:\/\/www.korhanyilmaz.com\/index.php?rest_route=\/wp\/v2\/types\/post"}],"author":[{"embeddable":true,"href":"http:\/\/www.korhanyilmaz.com\/index.php?rest_route=\/wp\/v2\/users\/1"}],"replies":[{"embeddable":true,"href":"http:\/\/www.korhanyilmaz.com\/index.php?rest_route=%2Fwp%2Fv2%2Fcomments&post=30323"}],"version-history":[{"count":0,"href":"http:\/\/www.korhanyilmaz.com\/index.php?rest_route=\/wp\/v2\/posts\/30323\/revisions"}],"wp:attachment":[{"href":"http:\/\/www.korhanyilmaz.com\/index.php?rest_route=%2Fwp%2Fv2%2Fmedia&parent=30323"}],"wp:term":[{"taxonomy":"category","embeddable":true,"href":"http:\/\/www.korhanyilmaz.com\/index.php?rest_route=%2Fwp%2Fv2%2Fcategories&post=30323"},{"taxonomy":"post_tag","embeddable":true,"href":"http:\/\/www.korhanyilmaz.com\/index.php?rest_route=%2Fwp%2Fv2%2Ftags&post=30323"}],"curies":[{"name":"wp","href":"https:\/\/api.w.org\/{rel}","templated":true}]}}