{"id":30320,"date":"2011-04-08T16:26:31","date_gmt":"2011-04-08T13:26:31","guid":{"rendered":"http:\/\/www.korhanyilmaz.com\/?p=30320"},"modified":"2011-04-08T16:26:31","modified_gmt":"2011-04-08T13:26:31","slug":"akpli-baskandan-adrese-teslim-is-ilani","status":"publish","type":"post","link":"http:\/\/www.korhanyilmaz.com\/?p=30320","title":{"rendered":"AKP&#8217;li ba\u015fkandan adrese teslim i\u015f ilan\u0131!"},"content":{"rendered":"<p style=\"text-align: center;\"><a href=\"http:\/\/www.korhanyilmaz.com\/wp-content\/uploads\/2011\/04\/110.jpg\"  class=\"lightview\"><img loading=\"lazy\" decoding=\"async\" class=\"aligncenter size-full wp-image-30321\" src=\"http:\/\/www.korhanyilmaz.com\/wp-content\/uploads\/2011\/04\/110.jpg\" alt=\"\" width=\"307\" height=\"236\" \/><\/a><\/p>\n<p style=\"text-align: justify;\">Bitlis&#8217;in Adilcevaz il\u00e7esinin AK Partili Belediye Ba\u015fkan\u0131 Adnan G\u00f6ksoy&#8217;un, felsefe b\u00f6l\u00fcm\u00fc mezunu o\u011flu ile \u0130ktisat mezunu bir ki\u015fiyi itfaiyeci olarak kadroya almas\u0131, il\u00e7e halk\u0131n\u0131n tepkisine neden oldu. <!--more--><\/p>\n<p style=\"text-align: justify;\">Bitlis&#8217;e 86 kilometre uzakl\u0131kta bulunan yakla\u015f\u0131k 15 bin n\u00fcfuslu Adilcevaz il\u00e7esinde AK Parti&#8217;li Belediye Ba\u015fkan\u0131 Adnan G\u00f6ksoy&#8217;un o\u011flunun ve bir ki\u015finin 5 Nisan 2011&#8217;de yap\u0131lan s\u0131navla Belediye&#8217;de itfaiyeci kadrosuyla i\u015fe al\u0131nmas\u0131, tepkiye neden oldu.<\/p>\n<p style=\"text-align: justify;\">CHP Adilcevaz \u0130l\u00e7e Ba\u015fkan\u0131 S\u0131dd\u0131k G\u00f6zeger belediyeden herkesin \u015fikayet\u00e7i oldu\u011funu \u00f6ne s\u00fcrerek, belediyede yap\u0131lan kanunsuz i\u015flerin takip\u00e7isi olduklar\u0131n\u0131 s\u00f6yledi.<\/p>\n<p style=\"text-align: justify;\">Son olarak itfaiye eri kadrosu i\u00e7in a\u00e7\u0131lan s\u0131nava ba\u015fvuranlardan &#8216;Felsefe ve \u0130ktisat mezunu olma \u015fart\u0131 aranmas\u0131n\u0131n&#8217; s\u0131nav\u0131n ki\u015fiye \u00f6zel yap\u0131ld\u0131\u011f\u0131n\u0131 g\u00f6sterdi\u011fini anlatan G\u00f6zeger, konuyu CHP genel Merkezine iletti\u011fini ve Genel Ba\u015fkan Yard\u0131mc\u0131s\u0131 G\u00fcrsel Tekin&#8217;in bizzat konuyla ilgilendi\u011fini s\u00f6yledi.<\/p>\n<p style=\"text-align: justify;\">G\u00f6zeger, &#8220;S\u0131nav i\u00e7in felsefeci arad\u0131lar. Ancak il\u00e7ede tek felsefeci  ba\u015fkan\u0131n o\u011flu. Bu konuda \u00e7ok say\u0131da \u015fikayet geldi. Biz bunun pe\u015fini b\u0131rakmayaca\u011f\u0131z. Belediyedeki ilahaleler, peresonel al\u0131m\u0131 ile ilgili yapaca\u011f\u0131 i\u015fleri bundan sonra daha yak\u0131ndan takip edece\u011fiz&#8221; dedi.<\/p>\n<p style=\"text-align: justify;\"><strong>Vatanda\u015f tepkili <\/strong><\/p>\n<p style=\"text-align: justify;\">Belediye hizmetlerinin yetersiz oldu\u011funu belirten vatanda\u015flar da, belediyenin aile kurumu haline geldi\u011fini ve son yap\u0131lan s\u0131navda Ba\u015fkan G\u00f6ksoy&#8217;un o\u011flunun belediyeye al\u0131nmas\u0131n\u0131n b\u00fcy\u00fck bir haks\u0131zl\u0131k oldu\u011funu s\u00f6yledi.<\/p>\n<p style=\"text-align: justify;\">S\u0131navda herkesin hakk\u0131n\u0131n oldu\u011funu anlatan vatanda\u015flar, bu konunun ayr\u0131nt\u0131l\u0131 bir \u015fekilde incelenmesini istedi.<\/p>\n<p style=\"text-align: justify;\">\u00d6te yandan baz\u0131 vatanda\u015flar da haberin \u00e7\u0131kt\u0131\u011f\u0131 gazetenin Belediye Ba\u015fkan\u0131 G\u00f6ksoy taraf\u0131ndan il\u00e7edeki tek bayiden tamam\u0131n\u0131n sat\u0131n al\u0131nd\u0131\u011f\u0131n\u0131 iddia etti.<\/p>\n<p style=\"text-align: justify;\"><strong>Halkla \u0130li\u015fkiler&#8217;de g\u00f6rev yapacakm\u0131\u015f <\/strong><\/p>\n<p style=\"text-align: justify;\">Ankara&#8217;da bulunan Belediye Ba\u015fkan\u0131 Adnan G\u00f6ksoy ise kanunsuz i\u015f yapmad\u0131klar\u0131n\u0131 belirterek, s\u0131nav \u015fartlar\u0131n\u0131 da 1 ay \u00f6nceden ilan ettiklerini ve kimsenin ba\u015fvurmad\u0131\u011f\u0131n\u0131 s\u00f6yledi.<\/p>\n<p style=\"text-align: justify;\">Ba\u015fkan G\u00f6ksoy \u015f\u00f6yle dedi: &#8220;Gerekli duyurular\u0131 yapt\u0131k. M\u00fcracaat eden sadece 2 ki\u015fi oldu. Benim yapabilece\u011fim bir \u015fey yok. Teknik eleman konusunda s\u0131k\u0131nt\u0131m\u0131z var. T\u00fcrkiye&#8217;nin her yerinde belediyeler eleman alma konusunda bu y\u00f6ntemi uyguluyorlar. Biz de teknik eleman sorunumuzu itfaiye eri \u00fczerinden gidermeyi ama\u00e7lad\u0131k. Bir iktisat mezunu ve bir de felsefeci al\u0131nd\u0131. Bu elemanlar\u0131 tabi ki itfaiye eri olarak \u00e7al\u0131\u015ft\u0131rmayaca\u011f\u0131z. \u0130nsan Kaynaklar\u0131, Halkla ili\u015fkiler biriminde g\u00f6revlendirece\u011fiz. \u0130ktisatc\u0131 ise kendi alan\u0131 ile ilgili g\u00f6rev yapacak. Ba\u015fka teknik elemanlara da ihtiyac\u0131m\u0131z var. Bunlar\u0131 da ba\u015fka birimler \u00fczerinden alabiliriz.&#8221;<\/p>\n<p style=\"text-align: justify;\">Belediye ba\u015fkan\u0131 G\u00f6ksoy m\u00fcracat eden tek felsefecinin o\u011flu olmas\u0131 ile ilgili olarak da, &#8220;Gerekli duyurular\u0131 yapt\u0131\u011f\u0131m\u0131z\u0131 d\u00fc\u015f\u00fcn\u00fcyorum. O\u011flumdan ba\u015fka m\u00fcracaat eden olmad\u0131. Felsefe mezunu ba\u015fkalar\u0131 m\u00fcracaat etmi\u015f olsayd\u0131, onlar da de\u011ferlendirmeye al\u0131n\u0131rd\u0131&#8221; diye konu\u015ftu.<\/p>\n<p style=\"text-align: justify;\"><a href=\"http:\/\/www.cnnturk.com\/2011\/turkiye\/04\/08\/akpli.baskandan.adrese.teslim.is.ilani\/612672.0\/index.html\" target=\"_blank\">Kaynak : CNN T\u00dcRK<\/a><\/p>\n","protected":false},"excerpt":{"rendered":"<p style=\"text-align: center;\">\n<p style=\"text-align: justify;\">Bitlis&#8217;in Adilcevaz il\u00e7esinin AK Partili Belediye Ba\u015fkan\u0131 Adnan G\u00f6ksoy&#8217;un, felsefe b\u00f6l\u00fcm\u00fc mezunu o\u011flu ile \u0130ktisat mezunu bir ki\u015fiyi itfaiyeci olarak kadroya almas\u0131, il\u00e7e halk\u0131n\u0131n tepkisine neden oldu. <\/p>\n","protected":false},"author":1,"featured_media":0,"comment_status":"open","ping_status":"closed","sticky":false,"template":"","format":"standard","meta":{"footnotes":""},"categories":[105],"tags":[],"class_list":["post-30320","post","type-post","status-publish","format-standard","hentry","category-gundem","odd"],"_links":{"self":[{"href":"http:\/\/www.korhanyilmaz.com\/index.php?rest_route=\/wp\/v2\/posts\/30320","targetHints":{"allow":["GET"]}}],"collection":[{"href":"http:\/\/www.korhanyilmaz.com\/index.php?rest_route=\/wp\/v2\/posts"}],"about":[{"href":"http:\/\/www.korhanyilmaz.com\/index.php?rest_route=\/wp\/v2\/types\/post"}],"author":[{"embeddable":true,"href":"http:\/\/www.korhanyilmaz.com\/index.php?rest_route=\/wp\/v2\/users\/1"}],"replies":[{"embeddable":true,"href":"http:\/\/www.korhanyilmaz.com\/index.php?rest_route=%2Fwp%2Fv2%2Fcomments&post=30320"}],"version-history":[{"count":0,"href":"http:\/\/www.korhanyilmaz.com\/index.php?rest_route=\/wp\/v2\/posts\/30320\/revisions"}],"wp:attachment":[{"href":"http:\/\/www.korhanyilmaz.com\/index.php?rest_route=%2Fwp%2Fv2%2Fmedia&parent=30320"}],"wp:term":[{"taxonomy":"category","embeddable":true,"href":"http:\/\/www.korhanyilmaz.com\/index.php?rest_route=%2Fwp%2Fv2%2Fcategories&post=30320"},{"taxonomy":"post_tag","embeddable":true,"href":"http:\/\/www.korhanyilmaz.com\/index.php?rest_route=%2Fwp%2Fv2%2Ftags&post=30320"}],"curies":[{"name":"wp","href":"https:\/\/api.w.org\/{rel}","templated":true}]}}