{"id":30316,"date":"2011-04-07T16:48:05","date_gmt":"2011-04-07T13:48:05","guid":{"rendered":"http:\/\/www.korhanyilmaz.com\/?p=30316"},"modified":"2011-04-07T16:48:05","modified_gmt":"2011-04-07T13:48:05","slug":"imamin-ordusuna-sansuru-elestirdikovuldu","status":"publish","type":"post","link":"http:\/\/www.korhanyilmaz.com\/?p=30316","title":{"rendered":"\u0130mam\u0131n ordusu&#8217;na sans\u00fcr\u00fc ele\u015ftirdi,Kovuldu!"},"content":{"rendered":"<p style=\"text-align: justify;\"><a href=\"http:\/\/www.korhanyilmaz.com\/wp-content\/uploads\/2011\/04\/109.jpg\"  class=\"lightview\"><img loading=\"lazy\" decoding=\"async\" class=\"aligncenter size-full wp-image-30317\" src=\"http:\/\/www.korhanyilmaz.com\/wp-content\/uploads\/2011\/04\/109.jpg\" alt=\"\" width=\"325\" height=\"228\" \/><\/a><\/p>\n<p style=\"text-align: justify;\">Cemaatin \u0130ngilizce yay\u0131n yapan gazetesi Today&#8217;s Zaman&#8217;da yazarl\u0131k yapan Andrew Finkel&#8217;in yaz\u0131lar\u0131na 29 Mart&#8217;ta son verilmi\u015fti. Finkel&#8217;in kovulma nedeni olarak Ergenekon kapsam\u0131nda tutuklanan gazeteci Ahmet \u015e\u0131k&#8217;\u0131n kitab\u0131 \u0130mam\u0131n Ordusu&#8217;na el konulma karar\u0131n\u0131 ele\u015ftirdi\u011fi 27 Mart tarihli yaz\u0131s\u0131 g\u00f6sterildi. <!--more--><\/p>\n<p style=\"text-align: justify;\">Finkel&#8217;in &#8220;kitab\u0131n yay\u0131mlanmas\u0131 i\u00e7in en y\u00fcksek sesle G\u00fclen cemaatinin hayk\u0131rmas\u0131 gerekti\u011fini&#8221; savundu\u011fu yaz\u0131s\u0131 son iki paragraf\u0131 at\u0131larak yay\u0131mland\u0131. Gazete, Finkel&#8217;in daha sonra da yaz\u0131s\u0131na yer vermedi.<\/p>\n<p style=\"text-align: justify;\">Finkel, Millyet gazetesi yazar\u0131 ve arkada\u015f\u0131 Metin M\u00fcnir&#8217;e kovulmas\u0131na sebep olan yay\u0131mlanmayan yaz\u0131s\u0131n\u0131 yollad\u0131. M\u00fcnir&#8217;in bug\u00fcn k\u00f6\u015fesinde yer verdi\u011fi  yaz\u0131n\u0131n son iki paragraf\u0131 \u015f\u00f6yle:<\/p>\n<p style=\"text-align: justify;\">&#8220;T\u00fcrkiye&#8217;deki anti-demokratik g\u00fc\u00e7lere kar\u015f\u0131 m\u00fccadelenin kendini ma\u011flup eden anti-demokratik metodlara ba\u015fvurdu\u011funa dair endi\u015felerimi belirttim. Bu, T\u00fcrkiye&#8217;de kutupla\u015fmaya yol a\u00e7t\u0131. Sizin taraf\u0131n\u0131z g\u00fc\u00e7 kaybetti\u011fi takdirde olu\u015fan do\u011fal korku, onlar\u0131n sizin metodlar\u0131n\u0131z\u0131 size kar\u015f\u0131 kullanmas\u0131. Kula\u011fa bilmece gibi geliyorsa, kitap yazan insanlara uygulanan agresif kovu\u015fturmay\u0131 kastediyorum. Bu kitaplar k\u00f6t\u00fc kitaplar olabilir, bu kitaplar sakl\u0131 motivasyonlarla yaz\u0131lm\u0131\u015f olabilir, bu kitaplar ger\u00e7ek olmayan iddialar i\u00e7eriyor olabilir. Ama g\u00fcn\u00fcn sonunda, bunlar kitap -ve karalama mahkemeleri var- ceza mahkemeleri de\u011fil- insanlar\u0131 k\u00f6t\u00fcc\u00fcl sahtelikten korumak i\u00e7in tasarlanan. K\u0131saca, G\u00fclen cemaatine sald\u0131ran bir kitap yazmak su\u00e7 de\u011fildir.<\/p>\n<p style=\"text-align: justify;\">K\u00f6t\u00fc bir tad\u0131 olabilir, yanl\u0131\u015f olabilir. Her par\u00e7as\u0131, T\u00fcrkiye&#8217;de kitap\u00e7\u0131lar\u0131n raflar\u0131n\u0131 dolduran komplo teorileri kadar sa\u00e7ma olabilir. Ama, olmayabilir de. Ve okuyana kadar bilemeyiz. Daha \u00f6nemlisi, sadece bizim o kitab\u0131 okumam\u0131z\u0131 istemeyenlerin gerek\u00e7elerini sorgulayabiliriz. Bu sans\u00fcrc\u00fclerin isimlerini karart\u0131rken, hi\u00e7 okunmam\u0131\u015f bir kitab\u0131n itibar\u0131n\u0131 artt\u0131r\u0131yor. Ayr\u0131ca a\u015f\u0131r\u0131 sa\u00e7ma, \u00e7\u00fcnk\u00fc internet \u00e7a\u011f\u0131nda insanlar\u0131n arkan\u0131zdan f\u0131s\u0131ldamas\u0131n\u0131 engelleyemezsiniz. Kafas\u0131n\u0131 kuma g\u00f6men devku\u015fu, sadece kendini kand\u0131r\u0131r.<\/p>\n<p style=\"text-align: justify;\">Fakat, ben bunu bayilerde ilk kopyas\u0131 \u00e7\u0131kt\u0131\u011f\u0131ndan beri ili\u015fkilendi\u011fim bu gazetenin iyi ismini korumak i\u00e7in yaz\u0131yorum. Diyalog ba\u015flad\u0131ktan sonra, durmaz.&#8221;<\/p>\n<p style=\"text-align: justify;\">\u201cAhmet \u015e\u0131k, pek \u00e7ok meslekta\u015f\u0131n\u0131n sayg\u0131s\u0131n\u0131 kazanm\u0131\u015f bir gazeteci. Onun kitab\u0131n\u0131n, T\u00fcrk\u00e7ede yeniden yay\u0131nlanmas\u0131n\u0131n tek amac\u0131 muhakkak ki nefreti k\u00f6r\u00fcklemek olan anti-Semitik [Siyon Protokolleri\u2019nden] daha az adil oldu\u011fu d\u00fc\u015f\u00fcn\u00fclemez bile. Ger\u00e7ekten de, pek \u00e7o\u011fu bu gazeteyi de destekleyen G\u00fclen Hareketi\u2019nin mensuplar\u0131, kendilerine y\u00f6nelik bu ele\u015ftiriyi okuyamamak ve yan\u0131t verme f\u0131rsat\u0131 bulamamaktan dolay\u0131 kendilerini kand\u0131r\u0131lm\u0131\u015f hissediyorlard\u0131r herhalde. Demokratik bir T\u00fcrkiye\u2019de, \u015e\u0131k\u2019\u0131n serbest b\u0131rak\u0131lmas\u0131 ve kitab\u0131n\u0131n yay\u0131nlanmas\u0131 i\u00e7in en y\u00fcksek sesle hayk\u0131ran, onlar olmal\u0131lar.\u201d<\/p>\n<p style=\"text-align: justify;\"><span style=\"text-decoration: underline;\">\u0130\u015fte Metin M\u00fcnir\u2019in ilgili k\u00f6\u015fe yaz\u0131s\u0131:<\/span><\/p>\n<p style=\"text-align: justify;\"><strong>Andrew Finkel neden kovuldu? <\/strong><\/p>\n<p style=\"text-align: justify;\">Eski dostum Andrew Finkel ile aram\u0131zda hangimizin daha \u00e7ok gazeteden kovulaca\u011f\u0131m\u0131za dair \u00f6zel bir yar\u0131\u015f var.<\/p>\n<p style=\"text-align: justify;\">Hafta ba\u015f\u0131nda, Andrew\u2019den k\u00f6\u015fe yazarl\u0131\u011f\u0131 yapmakta oldu\u011fu Today\u2019s Zaman\u2019dan kovuldu\u011funu \u00f6\u011frendikten sonra havlu atmaya karar verdim.<\/p>\n<p style=\"text-align: justify;\">Andrew, hem T\u00fcrk hem de yabanc\u0131 bas\u0131na \u00e7al\u0131\u015ft\u0131\u011f\u0131 i\u00e7in kovulma f\u0131rsat\u0131na daha \u00e7ok sahip. Ben yerel \u00e7al\u0131\u015f\u0131yorum. Ona yeti\u015fmem m\u00fcmk\u00fcn de\u011fil.<\/p>\n<p style=\"text-align: justify;\">Andrew Osmanl\u0131 tarih\u00e7isi e\u015fi ile birlikte uzun y\u0131llardan beri T\u00fcrkiye\u2019de ya\u015f\u0131yor. \u00dc\u00e7 y\u0131ld\u0131r haftada \u00fc\u00e7 g\u00fcn \u0130stanbul\u2019da yay\u0131mlanan Today\u2019s Zaman adl\u0131 \u0130ngilizce g\u00fcnl\u00fck gazetede yaz\u0131 yaz\u0131yordu. Today\u2019s Zaman b\u00fcy\u00fck abisi Zaman gazetesi gibi, Fethullah G\u00fclen cemaati taraf\u0131ndan \u00e7\u0131kart\u0131l\u0131yor. Bana anlatt\u0131\u011f\u0131na g\u00f6re, Andrew\u2019in gazete ile aras\u0131 Ahmet \u015e\u0131k ve Nedim \u015eener\u2019in g\u00f6zalt\u0131na al\u0131nmas\u0131ndan sonra yazd\u0131\u011f\u0131 yaz\u0131larla bozulmaya ba\u015flad\u0131. Bir yaz\u0131s\u0131n\u0131n son paragraf\u0131n\u0131 atm\u0131\u015flar. Ondan sonra yazd\u0131\u011f\u0131 yaz\u0131 kullan\u0131lmam\u0131\u015f ve kovulmas\u0131na neden olmu\u015f.<\/p>\n<p style=\"text-align: justify;\">Andrew\u2019den yaz\u0131y\u0131 bana yollamas\u0131n\u0131 istedim. Yaz\u0131da bana ters gelen bir \u015fey yoktu. Fethullah G\u00fclen cemaatine ters gelebilecek ne olabilirdi?<\/p>\n<p style=\"text-align: justify;\">\u00dcyesi olmad\u0131\u011f\u0131m bu cemaatin hassasiyetlerinin ne oldu\u011funu bilmedi\u011fim i\u00e7in bu soruya verece\u011fim cevap bir tahminden ileri ge\u00e7mez. Onun i\u00e7in vermeyece\u011fim. \u0130lgilenen herkesin kendi karar\u0131n\u0131 kendi vermesi i\u00e7in yaz\u0131n\u0131n tamam\u0131n\u0131 milliyet.com.tr\u2019de yaz\u0131m\u0131n alt\u0131nda yay\u0131ml\u0131yorum.<\/p>\n<p style=\"text-align: justify;\">Beni rahats\u0131z eden konu&#8230;<\/p>\n<p style=\"text-align: justify;\">Andrew, \u00f6zetle, T\u00fcrkiye\u2019de demokratik olmayan g\u00fc\u00e7lere kar\u015f\u0131 y\u00fcr\u00fct\u00fclmekte olan m\u00fccadelenin demokratik olmayan y\u00f6ntemlere ba\u015fvurmas\u0131ndan endi\u015feli oldu\u011funu s\u00f6yl\u00fcyor. Kitaplar k\u00f6t\u00fc veya art niyetle yaz\u0131lm\u0131\u015f olabilirler. Ama sonunda, iftiraya u\u011fram\u0131\u015f olabileceklerin haklar\u0131n\u0131 arayabilecekleri mahkemeler var.<\/p>\n<p style=\"text-align: justify;\">\u201c\u00d6zetle, G\u00fclen cemiyetini rahats\u0131z eden bir kitap yazmak su\u00e7 de\u011fildir\u201d diyor Andrew. Ama ben belki yanl\u0131\u015f yerleri \u00f6zetledim. Belki kafalar\u0131 benimkinden daha de\u011fi\u015fik yap\u0131da olanlar\u0131 rahats\u0131z eden \u015feyler yaz\u0131n\u0131n ba\u015fka yerlerindedir.<\/p>\n<p style=\"text-align: justify;\">Beni rahats\u0131z eden Andrew\u2019\u00fcn d\u00fc\u015f\u00fcncelerinden dolay\u0131 i\u015fine son verilmesidir. Ve onu kovanlar\u0131n da kendilerini ba\u015fkalar\u0131ndan iyi addetmeleri, ideallerinin ba\u015fkalar\u0131nkinden ulvi oldu\u011funu d\u00fc\u015f\u00fcnmeleridir.<\/p>\n<p style=\"text-align: justify;\">Ben Zaman grubunu d\u00fc\u015f\u00fcncelerinden dolay\u0131 ba\u015fka yerlerden kovulanlara kap\u0131lar\u0131n\u0131 a\u00e7an bir medya grubu san\u0131rd\u0131m.<\/p>\n<p style=\"text-align: justify;\">Yan\u0131lm\u0131\u015f\u0131m. Dini veya siyasi e\u011filimi ne olursa olsun bu medyan\u0131n y\u00f6netici kadrolar\u0131nda, birka\u00e7 istisna hari\u00e7, hi\u00e7 kimse bir di\u011ferinden farkl\u0131 de\u011fil. Hepsi ayn\u0131 otoriter, ho\u015fg\u00f6r\u00fcs\u00fcz, dar g\u00f6r\u00fc\u015fl\u00fc kayadan yontulmu\u015f. Zaman yazar\u0131 H\u00fcseyin G\u00fclerce ge\u00e7en hafta m\u00fcridi ve dostu oldu\u011fu Fethullah G\u00fclen\u2019in yan\u0131ndayd\u0131. Bir k\u00f6\u015fesinde onun \u015f\u00f6yle dedi\u011fini yaz\u0131yor:<\/p>\n<p style=\"text-align: justify;\">\u201cKe\u015fke o insanlar da bizim iyili\u011fimizi isteyerek, bizler i\u00e7in \u2018daha iyi olsalar\u2019 m\u00fclahazas\u0131yla ve insafla, izanla neyimiz eksik ise onu s\u00f6yleseler. Biz de kendimizi Allah kar\u015f\u0131s\u0131nda hesaba \u00e7ekerek, kendimizle y\u00fczle\u015ferek, \u2018neyimiz eksik, bu mevzuda ne yapsak\u2019 desek. Okuma m\u0131, m\u00fczakere mi, mukayeseli okuma m\u0131, fedak\u00e2rl\u0131k m\u0131, ne eksikse bunlar bize rencide etmeden, k\u0131rmadan s\u00f6ylense. Biz bu yakla\u015f\u0131m\u0131, ir\u015fat sayar\u0131z. Bize ir\u015fat ad\u0131na elini uzatan insanlar\u0131n elini \u00f6periz, \u00e7ok rahatl\u0131kla&#8230;\u201d<\/p>\n<p style=\"text-align: justify;\">Hoca Efendi, \u201celini \u00f6perim\u201d diyor. Baz\u0131 m\u00fcrtlerinin ise en ufak ele\u015ftiriye tahamm\u00fclleri yok.<\/p>\n<p style=\"text-align: justify;\">Bu, tarih boyunca hep b\u00f6yle olmu\u015ftur. B\u00fct\u00fcn dinleri, mezhepleri, cemaatleri y\u00f6r\u00fcngelerinden kayd\u0131ran, g\u00fc\u00e7 ve rant oda\u011f\u0131 b\u00fcrokrasiler haline getiren, gaddarla\u015ft\u0131ran, daima daha kat\u0131 olan m\u00fcritler olmu\u015ftur.<\/p>\n<p style=\"text-align: justify;\"><strong>A dilemma <\/strong><\/p>\n<p style=\"text-align: justify;\"><strong>Andrew Finkel <\/strong><\/p>\n<p style=\"text-align: justify;\">It was a bit over three years ago that I was recruited to write this column for this newspaper. I remember the conversation well. The editor-in-chief anticipated that I might be hesitant to associate myself with a press group whose prejudices and principles might not always coincide with my own. He explained what I knew already that the Zaman Group supported and was supported by the Fetullah Gulen Community and that I would have to take that on board. However, he explained the papers mission was to fight for the democratisation of Turkish society \u2013 that Turkey was no longer a country which should be ruled by military fiat. He also impressed upon me that he was committed to liberal values and to free discussion. And then, of course, he flattered me by saying that mine was a voice which the target audience of Today\u2019s Zaman would want to hear. What helped me to make up my mind was the presence of columnists whose reputations I respected and whose standard of integrity and got them into trouble in other \u201ccorners\u201d of the Turkish media.<\/p>\n<p style=\"text-align: justify;\">In my very first column I explained that I saw the paper not as simply trying to explain Turkey to an English speaking audience. Having to communicate to a wider audience or an audience to which you were not used to addressing, forcing yourself to engage in dialogue, was also a necessary way of re-assessing your own beliefs. If I can be forgive the hubris of quoting from myself, what I wrote in that first edition was: \u201c Turkey is a nation which has declared itself engaged in a process of reform. It is redefining many of its values. It is re-examining cherished notion of sovereignty as it negotiates with Brussels. It is rethinking international priorities as it eyes troubles in the Middle East. It is looking harder at the received wisdom about its history and traditions. At the ballot box, in the work place, or in meetings with teachers after school, it is redefining the individual\u2019s relationship to the community and the state. This is not a time for \u201cus\u201d and \u201cthem\u201d, for one set of truths for home and one set for abroad.\u201d<\/p>\n<p style=\"text-align: justify;\">I make no apology for confessing that I feel this paper does not always succeed in those lofty objectives. It would be foolish to expect the contrary to be the case. Who is not guilty of sometimes engaging in denial or disengaging form dialogue to protect our core beliefs? And being surround by so many wrongs, can make you feel right.<\/p>\n<p style=\"text-align: justify;\">I have already expressed my concern that the fight against anti-democratic forces in Turkey has resorted to self-defeating anti-democratic methods. This in turn has led to a polarisation in Turkey. If your side looses power then the natural fear is that they will use your methods against you. In case this sounds like I am speaking in riddles, I am referring to the aggressive prosecution of people who write books. These may be bad books, they may be books which are written with ulterior motives, they may be books which contain assertions which are not true. But at the end of the day, they are books \u2013 and there are libel courts \u2013 not criminal courts &#8211; designed to protect individuals from malicious falsehood. In short, writing a book offensive to the Gulen community is not a crime.<\/p>\n<p style=\"text-align: justify;\">It may be in bad taste, it might be off beam. It might every bit as nonsensical as the conspiracy theories that fill the shelves of Turkish book stores. But it might not. And until we actually read it we cannot know. More to the point, we can only question the motives of those who don\u2019t want us to read it. It blackens the names of the censors, increases the credibility of a book which no one has even read. It\u2019s also extremely foolish because in an age of internet, you can\u2019t actually stop people from whispering your backs. The point about the ostrich with its head in the sand is that it only fools itself.<\/p>\n<p style=\"text-align: justify;\">However, I write this in the interests of defending the good name of this newspaper with whom I have been associated since the first copy appeared on the stands. Having started the dialogue, it cannot stop.<\/p>\n<p style=\"text-align: justify;\"><a href=\"http:\/\/www.odatv.com\/n.php?n=imamin-ordusuna-sansuru-elestirdi-kovuldu-0704111200\" target=\"_blank\">Kaynak : Odatv.com<\/a><\/p>\n","protected":false},"excerpt":{"rendered":"<p style=\"text-align: justify;\">\n<p style=\"text-align: justify;\">Cemaatin \u0130ngilizce yay\u0131n yapan gazetesi Today&#8217;s Zaman&#8217;da yazarl\u0131k yapan Andrew Finkel&#8217;in yaz\u0131lar\u0131na 29 Mart&#8217;ta son verilmi\u015fti. Finkel&#8217;in kovulma nedeni olarak Ergenekon kapsam\u0131nda tutuklanan gazeteci Ahmet \u015e\u0131k&#8217;\u0131n kitab\u0131 \u0130mam\u0131n Ordusu&#8217;na el konulma karar\u0131n\u0131 ele\u015ftirdi\u011fi 27 Mart tarihli yaz\u0131s\u0131 g\u00f6sterildi. <\/p>\n","protected":false},"author":1,"featured_media":0,"comment_status":"open","ping_status":"closed","sticky":false,"template":"","format":"standard","meta":{"footnotes":""},"categories":[105],"tags":[],"class_list":["post-30316","post","type-post","status-publish","format-standard","hentry","category-gundem","odd"],"_links":{"self":[{"href":"http:\/\/www.korhanyilmaz.com\/index.php?rest_route=\/wp\/v2\/posts\/30316","targetHints":{"allow":["GET"]}}],"collection":[{"href":"http:\/\/www.korhanyilmaz.com\/index.php?rest_route=\/wp\/v2\/posts"}],"about":[{"href":"http:\/\/www.korhanyilmaz.com\/index.php?rest_route=\/wp\/v2\/types\/post"}],"author":[{"embeddable":true,"href":"http:\/\/www.korhanyilmaz.com\/index.php?rest_route=\/wp\/v2\/users\/1"}],"replies":[{"embeddable":true,"href":"http:\/\/www.korhanyilmaz.com\/index.php?rest_route=%2Fwp%2Fv2%2Fcomments&post=30316"}],"version-history":[{"count":0,"href":"http:\/\/www.korhanyilmaz.com\/index.php?rest_route=\/wp\/v2\/posts\/30316\/revisions"}],"wp:attachment":[{"href":"http:\/\/www.korhanyilmaz.com\/index.php?rest_route=%2Fwp%2Fv2%2Fmedia&parent=30316"}],"wp:term":[{"taxonomy":"category","embeddable":true,"href":"http:\/\/www.korhanyilmaz.com\/index.php?rest_route=%2Fwp%2Fv2%2Fcategories&post=30316"},{"taxonomy":"post_tag","embeddable":true,"href":"http:\/\/www.korhanyilmaz.com\/index.php?rest_route=%2Fwp%2Fv2%2Ftags&post=30316"}],"curies":[{"name":"wp","href":"https:\/\/api.w.org\/{rel}","templated":true}]}}