{"id":30312,"date":"2011-04-08T07:44:25","date_gmt":"2011-04-08T04:44:25","guid":{"rendered":"http:\/\/www.korhanyilmaz.com\/?p=30312"},"modified":"2011-04-08T07:44:25","modified_gmt":"2011-04-08T04:44:25","slug":"hangi-unlu-isim-chpye-donuyor","status":"publish","type":"post","link":"http:\/\/www.korhanyilmaz.com\/?p=30312","title":{"rendered":"Hangi \u00fcnl\u00fc isim CHP&#8217;ye d\u00f6n\u00fcyor"},"content":{"rendered":"<p style=\"text-align: justify;\"><a href=\"http:\/\/www.korhanyilmaz.com\/wp-content\/uploads\/2011\/04\/108.jpg\"  class=\"lightview\"><img loading=\"lazy\" decoding=\"async\" class=\"aligncenter size-full wp-image-30313\" src=\"http:\/\/www.korhanyilmaz.com\/wp-content\/uploads\/2011\/04\/108.jpg\" alt=\"\" width=\"250\" height=\"175\" \/><\/a><strong>Bu isim Mustafa Sar\u0131g\u00fcl. <\/strong><\/p>\n<p style=\"text-align: justify;\">Mustafa Sar\u0131g\u00fcl milletvekili listeleri belli olduktan sonra CHP&#8217;ye kat\u0131lacak. Bunun zaman\u0131 bilerek listeler sonras\u0131na b\u0131rak\u0131ld\u0131. \u00c7\u00fcnk\u00fc Sar\u0131g\u00fcl, &#8220;Milletvekili olmak i\u00e7in CHP&#8217;ye d\u00f6n\u00fcyor&#8221; s\u00f6zlerini engellemek i\u00e7in b\u00f6yle bir strateji uygulad\u0131. <!--more--><\/p>\n<p style=\"text-align: justify;\">Peki Sar\u0131g\u00fcl&#8217;\u00fcn CHP&#8217;ye d\u00f6nmesi ne ifade ediyor? CHP 12 Haziran se\u00e7imlerinde \u0130stanbul&#8217;da birinci parti olmak istiyor. Sar\u0131g\u00fcl&#8217;\u00fcn \u0130stanbul&#8217;daki a\u011f\u0131rl\u0131\u011f\u0131n\u0131 bilen CHP, Sar\u0131g\u00fcl&#8217;\u00fcn kar\u015f\u0131l\u0131ks\u0131z talebine olumlu yan\u0131t verdi. B\u00fcy\u00fck bir ihtimalle Sar\u0131g\u00fcl, CHP&#8217;ye kat\u0131ld\u0131ktan sonra \u0130stanbul&#8217;da CHP&#8217;yi birinci parti yapmaya \u00e7al\u0131\u015facak. Sar\u0131g\u00fcl&#8217;\u00fcn, CHP&#8217;yi \u0130stanbul&#8217;da birinci parti yaparsa, yerel se\u00e7imde anakent belediye ba\u015fkan\u0131 aday\u0131 olaca\u011f\u0131 s\u00f6yleniyor.<\/p>\n<p style=\"text-align: justify;\"><a href=\"http:\/\/www.odatv.com\/n.php?n=hangi-unlu-isim-chpye-donuyor-0804111200\" target=\"_blank\">Kaynak : Odatv.com<\/a><\/p>\n","protected":false},"excerpt":{"rendered":"<p style=\"text-align: justify;\">Bu isim Mustafa Sar\u0131g\u00fcl. <\/p>\n<p style=\"text-align: justify;\">Mustafa Sar\u0131g\u00fcl milletvekili listeleri belli olduktan sonra CHP&#8217;ye kat\u0131lacak. Bunun zaman\u0131 bilerek listeler sonras\u0131na b\u0131rak\u0131ld\u0131. \u00c7\u00fcnk\u00fc Sar\u0131g\u00fcl, &#8220;Milletvekili olmak i\u00e7in CHP&#8217;ye d\u00f6n\u00fcyor&#8221; s\u00f6zlerini engellemek i\u00e7in b\u00f6yle bir strateji uygulad\u0131. <\/p>\n","protected":false},"author":1,"featured_media":0,"comment_status":"open","ping_status":"closed","sticky":false,"template":"","format":"standard","meta":{"footnotes":""},"categories":[105],"tags":[],"class_list":["post-30312","post","type-post","status-publish","format-standard","hentry","category-gundem","odd"],"_links":{"self":[{"href":"http:\/\/www.korhanyilmaz.com\/index.php?rest_route=\/wp\/v2\/posts\/30312","targetHints":{"allow":["GET"]}}],"collection":[{"href":"http:\/\/www.korhanyilmaz.com\/index.php?rest_route=\/wp\/v2\/posts"}],"about":[{"href":"http:\/\/www.korhanyilmaz.com\/index.php?rest_route=\/wp\/v2\/types\/post"}],"author":[{"embeddable":true,"href":"http:\/\/www.korhanyilmaz.com\/index.php?rest_route=\/wp\/v2\/users\/1"}],"replies":[{"embeddable":true,"href":"http:\/\/www.korhanyilmaz.com\/index.php?rest_route=%2Fwp%2Fv2%2Fcomments&post=30312"}],"version-history":[{"count":0,"href":"http:\/\/www.korhanyilmaz.com\/index.php?rest_route=\/wp\/v2\/posts\/30312\/revisions"}],"wp:attachment":[{"href":"http:\/\/www.korhanyilmaz.com\/index.php?rest_route=%2Fwp%2Fv2%2Fmedia&parent=30312"}],"wp:term":[{"taxonomy":"category","embeddable":true,"href":"http:\/\/www.korhanyilmaz.com\/index.php?rest_route=%2Fwp%2Fv2%2Fcategories&post=30312"},{"taxonomy":"post_tag","embeddable":true,"href":"http:\/\/www.korhanyilmaz.com\/index.php?rest_route=%2Fwp%2Fv2%2Ftags&post=30312"}],"curies":[{"name":"wp","href":"https:\/\/api.w.org\/{rel}","templated":true}]}}