{"id":30297,"date":"2011-04-08T11:25:33","date_gmt":"2011-04-08T08:25:33","guid":{"rendered":"http:\/\/www.korhanyilmaz.com\/?p=30297"},"modified":"2011-04-08T11:25:33","modified_gmt":"2011-04-08T08:25:33","slug":"sgk-mugla-il-muduru-saldirida-yasamini-yitirdi","status":"publish","type":"post","link":"http:\/\/www.korhanyilmaz.com\/?p=30297","title":{"rendered":"SGK Mu\u011fla \u0130l M\u00fcd\u00fcr\u00fc sald\u0131r\u0131da ya\u015fam\u0131n\u0131 yitirdi"},"content":{"rendered":"<p style=\"text-align: center;\"><a href=\"http:\/\/www.korhanyilmaz.com\/wp-content\/uploads\/2011\/04\/105.jpg\"  class=\"lightview\"><img loading=\"lazy\" decoding=\"async\" class=\"aligncenter size-full wp-image-30298\" src=\"http:\/\/www.korhanyilmaz.com\/wp-content\/uploads\/2011\/04\/105.jpg\" alt=\"\" width=\"307\" height=\"236\" \/><\/a><\/p>\n<p style=\"text-align: justify;\">SGK Mu\u011fla \u0130l M\u00fcd\u00fcr\u00fc Naci \u015eahin, il m\u00fcd\u00fcrl\u00fc\u011f\u00fcnde u\u011frad\u0131\u011f\u0131 silahl\u0131 sald\u0131r\u0131 sonucu ya\u015fam\u0131n\u0131 yitirdi.<\/p>\n<p style=\"text-align: justify;\">37 ya\u015f\u0131ndaki Naci \u015eahin, bu sabah odas\u0131nda u\u011frad\u0131\u011f\u0131 silahl\u0131 sald\u0131r\u0131da hayat\u0131n\u0131 kaybetti.<!--more--><\/p>\n<p style=\"text-align: justify;\">\u015eahin&#8217;in, olay s\u0131ras\u0131nda binan\u0131n 2. kat\u0131ndaki toplant\u0131 salonunda, \u0130zmir, Manisa, Bal\u0131kesir, U\u015fak, Denizli ve Ayd\u0131n SGK il m\u00fcd\u00fcrlerinin kat\u0131ld\u0131\u011f\u0131 &#8220;SGK \u0130l M\u00fcd\u00fcrleri Ayl\u0131k Koordinasyon Toplant\u0131s\u0131&#8221;na ba\u015fkanl\u0131k etti\u011fi belirtildi.<\/p>\n<p style=\"text-align: justify;\">Sald\u0131rgan\u0131n ayn\u0131 kurumda \u015fef olarak \u00e7al\u0131\u015fan Hasan S\u00fcnnet\u00e7io\u011flu oldu\u011fu belirtildi.<\/p>\n<p style=\"text-align: justify;\">S\u00fcnnet\u00e7io\u011flu&#8217;nun makam odas\u0131nda baz\u0131 ki\u015fileri rehin tuttu\u011fu ve i\u00e7eri kimseyi almad\u0131\u011f\u0131 kaydedildi.<\/p>\n<p style=\"text-align: justify;\">\u015e\u00fcphelinin rehin ald\u0131\u011f\u0131 ki\u015filer aras\u0131nda &#8220;SGK \u0130l M\u00fcd\u00fcrleri Ayl\u0131k Koordinasyon Toplant\u0131s\u0131&#8221;na kat\u0131lan 4 il m\u00fcd\u00fcr\u00fcn\u00fcn de bulundu\u011fu bildirildi.<\/p>\n<p style=\"text-align: justify;\">Sald\u0131rgan\u0131n, konu\u015fmak i\u00e7in binaya bir gazeteci getirilmesini istedi\u011fi belirtildi.<\/p>\n<p style=\"text-align: justify;\">Olay yerine \u00e7ok say\u0131da polis ekibi gelirken, 10 ki\u015filik \u00f6zel harekat timi binaya girdi.<\/p>\n<p style=\"text-align: justify;\">S\u00fcnnet\u00e7io\u011flu\u2019nun (40) kurumda destek \u015fefi olarak \u00e7al\u0131\u015ft\u0131\u011f\u0131, M\u00fcd\u00fcr Naci \u015eahin\u2019in hakk\u0131nda soru\u015fturma ba\u015flatt\u0131\u011f\u0131 ve bunu hazmedemedi\u011fi i\u00e7in sald\u0131r\u0131da bulundu\u011fu \u00f6ne s\u00fcr\u00fcld\u00fc.<\/p>\n<p style=\"text-align: justify;\"><strong>&#8220;Korkun\u00e7 bir olayd\u0131&#8221; <\/strong><\/p>\n<p style=\"text-align: justify;\">Olay s\u0131ras\u0131nda toplant\u0131da bulunan ve d\u0131\u015far\u0131 \u00e7\u0131kabilen Bal\u0131kesir SGK \u0130l M\u00fcd\u00fcr\u00fc Cem Din\u00e7 bas\u0131n mensuplar\u0131na yapt\u0131\u011f\u0131 a\u00e7\u0131klamada, &#8220;\u015e\u00fcpheli bir anda i\u00e7eri girdi. &#8216;Ne haber Naci&#8217; diyerek silahla ba\u015f\u0131na bir el ate\u015f etti. Biz panikle d\u0131\u015far\u0131 \u00e7\u0131karken, baz\u0131 arkada\u015flar\u0131m\u0131z i\u00e7eride kald\u0131. Korkun\u00e7 bir olayd\u0131&#8221; dedi.<\/p>\n<p style=\"text-align: justify;\">Ayd\u0131n SGK \u0130l M\u00fcd\u00fcr\u00fc Yavuz Poyraz da, \u201cSald\u0131rgan Naci \u015eahin\u2019i bizim yan\u0131m\u0131zda vurdu. \u00d6nce bizi rehin ald\u0131. Ard\u0131ndan serbet b\u0131rakt\u0131. \u015eu an da i\u00e7erde iki ki\u015fi rehin diye biliyoruz. Mu\u011fla \u0130l M\u00fcd\u00fcr\u00fc \u015eahin\u2019in cenazesini teslim etmiyor&#8221; dedi.<\/p>\n<p style=\"text-align: justify;\">Bu arada, olay yerine gelen Naci \u015eahin&#8217;in e\u015fi Saliha \u015eahin fenal\u0131k ge\u00e7irdi. \u015eahin, olay yerindeki ambulansla Mu\u011fla Devlet Hastanesine kald\u0131r\u0131ld\u0131.<\/p>\n<p style=\"text-align: justify;\">\u00d6te yandan Mu\u011fla Emniyet M\u00fcd\u00fcr\u00fc Kadir Ay, Belediye Ba\u015fkan\u0131 Osman G\u00fcr\u00fcn, Vali Yard\u0131mc\u0131lar\u0131 Faruk Necmi Kurt ve R\u0131fat Ata ile Mu\u011fla Cumhuriyet Ba\u015fsavc\u0131s\u0131 \u0130brahim Akba\u015f da olay yerine geldiler.<\/p>\n<p style=\"text-align: justify;\"><a href=\"http:\/\/www.cnnturk.com\/2011\/turkiye\/04\/08\/sgk.mugla.il.muduru.saldirida.yasamini.yitirdi\/612587.0\/index.html\" target=\"_blank\">Kaynak : CNN T\u00dcRK<\/a><\/p>\n","protected":false},"excerpt":{"rendered":"<p style=\"text-align: center;\">\n<p style=\"text-align: justify;\">SGK Mu\u011fla \u0130l M\u00fcd\u00fcr\u00fc Naci \u015eahin, il m\u00fcd\u00fcrl\u00fc\u011f\u00fcnde u\u011frad\u0131\u011f\u0131 silahl\u0131 sald\u0131r\u0131 sonucu ya\u015fam\u0131n\u0131 yitirdi.<\/p>\n<p style=\"text-align: justify;\">37 ya\u015f\u0131ndaki Naci \u015eahin, bu sabah odas\u0131nda u\u011frad\u0131\u011f\u0131 silahl\u0131 sald\u0131r\u0131da hayat\u0131n\u0131 kaybetti.<\/p>\n","protected":false},"author":1,"featured_media":0,"comment_status":"open","ping_status":"closed","sticky":false,"template":"","format":"standard","meta":{"footnotes":""},"categories":[105],"tags":[],"class_list":["post-30297","post","type-post","status-publish","format-standard","hentry","category-gundem","odd"],"_links":{"self":[{"href":"http:\/\/www.korhanyilmaz.com\/index.php?rest_route=\/wp\/v2\/posts\/30297","targetHints":{"allow":["GET"]}}],"collection":[{"href":"http:\/\/www.korhanyilmaz.com\/index.php?rest_route=\/wp\/v2\/posts"}],"about":[{"href":"http:\/\/www.korhanyilmaz.com\/index.php?rest_route=\/wp\/v2\/types\/post"}],"author":[{"embeddable":true,"href":"http:\/\/www.korhanyilmaz.com\/index.php?rest_route=\/wp\/v2\/users\/1"}],"replies":[{"embeddable":true,"href":"http:\/\/www.korhanyilmaz.com\/index.php?rest_route=%2Fwp%2Fv2%2Fcomments&post=30297"}],"version-history":[{"count":0,"href":"http:\/\/www.korhanyilmaz.com\/index.php?rest_route=\/wp\/v2\/posts\/30297\/revisions"}],"wp:attachment":[{"href":"http:\/\/www.korhanyilmaz.com\/index.php?rest_route=%2Fwp%2Fv2%2Fmedia&parent=30297"}],"wp:term":[{"taxonomy":"category","embeddable":true,"href":"http:\/\/www.korhanyilmaz.com\/index.php?rest_route=%2Fwp%2Fv2%2Fcategories&post=30297"},{"taxonomy":"post_tag","embeddable":true,"href":"http:\/\/www.korhanyilmaz.com\/index.php?rest_route=%2Fwp%2Fv2%2Ftags&post=30297"}],"curies":[{"name":"wp","href":"https:\/\/api.w.org\/{rel}","templated":true}]}}