{"id":30287,"date":"2011-04-07T21:19:29","date_gmt":"2011-04-07T18:19:29","guid":{"rendered":"http:\/\/www.korhanyilmaz.com\/?p=30287"},"modified":"2011-04-07T21:19:29","modified_gmt":"2011-04-07T18:19:29","slug":"libya-yol-haritasini-acikladi","status":"publish","type":"post","link":"http:\/\/www.korhanyilmaz.com\/?p=30287","title":{"rendered":"Libya yol haritas\u0131n\u0131 a\u00e7\u0131klad\u0131"},"content":{"rendered":"<p style=\"text-align: justify;\"><a href=\"http:\/\/www.korhanyilmaz.com\/wp-content\/uploads\/2011\/04\/102.jpg\"  class=\"lightview\"><img loading=\"lazy\" decoding=\"async\" class=\"aligncenter size-full wp-image-30288\" src=\"http:\/\/www.korhanyilmaz.com\/wp-content\/uploads\/2011\/04\/102.jpg\" alt=\"\" width=\"414\" height=\"219\" \/><\/a><\/p>\n<p style=\"text-align: justify;\">Ba\u015fbakan Recep Tayyip Erdo\u011fan, Libya&#8217;daki durumla ilgili olarak T\u00fcrkiye&#8217;nin haz\u0131rlad\u0131\u011f\u0131 yol haritas\u0131n\u0131n ana unsurlar\u0131n\u0131 a\u00e7\u0131klayarak, &#8221;Derhal ger\u00e7ek bir ate\u015fkes sa\u011flanmal\u0131 ve Kaddafi&#8217;ye ba\u011fl\u0131 askeri unsurlar baz\u0131 \u015fehirlere uygulad\u0131\u011f\u0131 ku\u015fatmalar\u0131 kald\u0131rmal\u0131 ve \u015fehirlerden \u00e7ekilmelidir&#8221; dedi.<!--more--><\/p>\n<p style=\"text-align: justify;\">ANKARA &#8211; Ba\u015fbakan Recep Tayyip Erdo\u011fan, T\u00fcrkiye&#8217;nin Libya politikas\u0131n\u0131n temel amac\u0131n\u0131n halk\u0131n me\u015fru talepleri kar\u015f\u0131s\u0131nda anayasal demokrasiye ge\u00e7i\u015fi sa\u011flayacak gerekli \u015fartlar\u0131n olu\u015fturulmas\u0131 ve Libya&#8217;n\u0131n toprak b\u00fct\u00fcnl\u00fc\u011f\u00fcn\u00fcn ve egemenli\u011finin korunmas\u0131 oldu\u011funu belirterek, &#8221;Bu \u00e7er\u00e7evede halka y\u00f6nelik sald\u0131r\u0131lar\u0131n durdurulmas\u0131 ve ge\u00e7i\u015f s\u00fcrecinin halk\u0131n genel kabul\u00fcne uygun bir \u015fekilde ger\u00e7ekle\u015fmesi \u00f6nem ta\u015f\u0131maktad\u0131r. Bu ama\u00e7la en ba\u015f\u0131ndan itibaren yap\u0131lmas\u0131 gereken neyse hi\u00e7 teredd\u00fct etmeden onu yapmaya \u00e7al\u0131\u015ft\u0131k&#8221; dedi.<\/p>\n<p style=\"text-align: justify;\">Erdo\u011fan, AK Parti Genel Merkezi&#8217;nde Libya&#8217;daki geli\u015fmelere ili\u015fkin bas\u0131n toplant\u0131s\u0131 d\u00fczenledi.<\/p>\n<p style=\"text-align: justify;\">&#8221;Libyal\u0131 karde\u015flerimizin bu zorlu g\u00fcnlerde \u00e7ektikleri ac\u0131 ve s\u0131k\u0131nt\u0131lar\u0131 derin kayg\u0131 ve \u00fcz\u00fcnt\u00fcyle izledi\u011fimizi ifade etmek istiyorum&#8221; diyen Ba\u015fbakan Erdo\u011fan, iki \u00fclkenin ortak tarih ve k\u00fclt\u00fcr\u00fc payla\u015fmas\u0131n\u0131n yan\u0131 s\u0131ra halklar\u0131n\u0131n da karde\u015flik duygusuyla birbirine ba\u011fl\u0131 oldu\u011funu s\u00f6yledi.<\/p>\n<p style=\"text-align: justify;\">T\u00fcrkiye&#8217;nin Libya&#8217;da ya\u015fanan olaylara ilk andan itibaren en y\u00fcksek duyarl\u0131l\u0131kla tepki verdi\u011fini ve meseleye insani perspektifle ve karde\u015flik hukukuyla bakt\u0131\u011f\u0131n\u0131 ifade eden Ba\u015fbakan Erdo\u011fan, \u015funlar\u0131 kaydetti:<\/p>\n<p style=\"text-align: justify;\">&#8221;T\u00fcrkiye b\u00f6lgesinde ve d\u00fcnyada hi\u00e7bir soruna bigane kalmad\u0131\u011f\u0131 gibi karde\u015flerinin ya\u015fad\u0131\u011f\u0131 s\u0131k\u0131nt\u0131l\u0131 duruma da asla duyars\u0131z kalmam\u0131\u015ft\u0131r. En ba\u015f\u0131ndan itibaren \u00fczerine d\u00fc\u015fen g\u00f6revi, vazifeyi en duyarl\u0131 \u015fekilde ortaya koymaya \u00e7al\u0131\u015fm\u0131\u015ft\u0131r. T\u00fcrkiye olarak Libya&#8217;da 17 \u015eubat 2011 tarihinden bu yana ya\u015fanan geli\u015fmeler kar\u015f\u0131s\u0131nda asla ve asla bekle g\u00f6r tavr\u0131 i\u00e7inde olmad\u0131k. \u0130nand\u0131\u011f\u0131m\u0131z ilke ve de\u011ferlerin bir gere\u011fi olarak meseleye \u00e7\u0131kar odakl\u0131 de\u011fil, hak ve adalet odakl\u0131 yakla\u015ft\u0131k. T\u00fcm taraflarla diyalog halinde yap\u0131c\u0131 ve uzla\u015ft\u0131r\u0131c\u0131 bir tav\u0131r sergilemeye \u00e7al\u0131\u015ft\u0131k. Bizim Libya politikam\u0131z\u0131n temel amac\u0131 halk\u0131n me\u015fru talepleri kar\u015f\u0131s\u0131nda anayasal demokrasiye ge\u00e7i\u015fi sa\u011flayacak gerekli \u015fartlar\u0131n olu\u015fturulmas\u0131 ve Libya&#8217;n\u0131n toprak b\u00fct\u00fcnl\u00fc\u011f\u00fcn\u00fcn ve egemenli\u011finin korunmas\u0131d\u0131r. Bu \u00e7er\u00e7evede halka y\u00f6nelik sald\u0131r\u0131lar\u0131n, bunun alt\u0131n\u0131 \u00e7iziyorum, halka y\u00f6nelik sald\u0131r\u0131lar\u0131n durdurulmas\u0131 ve ge\u00e7i\u015f s\u00fcrecinin halk\u0131n genel kabul\u00fcne uygun bir \u015fekilde ger\u00e7ekle\u015fmesi \u00f6nem ta\u015f\u0131maktad\u0131r. Bu ama\u00e7la en ba\u015f\u0131ndan itibaren yap\u0131lmas\u0131 gereken neyse hi\u00e7 teredd\u00fct etmeden onu yapmaya \u00e7al\u0131\u015ft\u0131k. Bir kez daha alt\u0131n\u0131 \u00e7iziyorum, bunu yaparken hi\u00e7bir zaman gizli ajandam\u0131z, gizli g\u00fcndemimiz olmad\u0131, olmam\u0131\u015ft\u0131r ve olmayacakt\u0131r. Tek g\u00fcndemimiz Libya&#8217;n\u0131n birlik ve esenli\u011finin teminat alt\u0131na al\u0131nmas\u0131d\u0131r. Bize g\u00f6re bir damla Libya&#8217;l\u0131n\u0131n kan\u0131 milyarlarca dolarl\u0131k petrol kuyular\u0131ndan daha de\u011ferlidir. Libya&#8217;n\u0131n her neresinde ya\u015f\u0131yor olursa olsun her bir karde\u015fimizin can\u0131, hakk\u0131, hukuku her t\u00fcrl\u00fc \u00e7\u0131kar hesab\u0131n\u0131n \u00fczerindedir. \u00d6yle de olmal\u0131d\u0131r.&#8221;<\/p>\n<p style=\"text-align: justify;\">Hak ve hukukun bir l\u00fctuf de\u011fil, her insan\u0131n sahip olmas\u0131 gereken kutsal de\u011ferler oldu\u011funu belirten Ba\u015fbakan Erdo\u011fan, &#8221;Siyasi hesaplarla bir defa \u015funu \u00e7ok iyi bilmemiz laz\u0131md\u0131r ki bunlar yok edilemez, yok say\u0131lamaz, bast\u0131r\u0131lamazlar. Bizler en temel haklar\u0131n yok say\u0131lmas\u0131na, bast\u0131r\u0131lmas\u0131na nas\u0131l tahamm\u00fcl g\u00f6steremezsek kan\u0131n ak\u0131p gitmesine, canlar\u0131n yitip gitmesine de sessiz kalamay\u0131z&#8221; dedi.<\/p>\n<p style=\"text-align: center;\"><a href=\"http:\/\/www.korhanyilmaz.com\/wp-content\/uploads\/2011\/04\/103.jpg\"  class=\"lightview\"><img loading=\"lazy\" decoding=\"async\" class=\"aligncenter size-full wp-image-30289\" src=\"http:\/\/www.korhanyilmaz.com\/wp-content\/uploads\/2011\/04\/103.jpg\" alt=\"\" width=\"463\" height=\"238\" \/><\/a><\/p>\n<p style=\"text-align: justify;\"><strong>&#8220;DERHAL ATE\u015eKES SA\u011eLANMALI&#8221;<\/strong><\/p>\n<p style=\"text-align: justify;\">Ba\u015fbakan Recep Tayyip Erdo\u011fan, Libya&#8217;daki durumla ilgili olarak T\u00fcrkiye&#8217;nin haz\u0131rlad\u0131\u011f\u0131 yol haritas\u0131n\u0131n ana unsurlar\u0131n\u0131 a\u00e7\u0131klayarak, &#8221;Derhal ger\u00e7ek bir ate\u015fkes sa\u011flanmal\u0131 ve Kaddafi&#8217;ye ba\u011fl\u0131 askeri unsurlar baz\u0131 \u015fehirlere uygulad\u0131\u011f\u0131 ku\u015fatmalar\u0131 kald\u0131rmal\u0131 ve \u015fehirlerden \u00e7ekilmelidir&#8221; dedi.<\/p>\n<p style=\"text-align: justify;\">Hi\u00e7bir ayr\u0131m g\u00f6zetmeksizin b\u00fct\u00fcn Libyal\u0131lara kesintisiz insani yard\u0131m ak\u0131\u015f\u0131 sa\u011flayacak, g\u00fcvenli insani b\u00f6lgeler olu\u015fturulmas\u0131 gerekti\u011fini ifade eden Ba\u015fbakan Erdo\u011fan, t\u00fcm Libya halk\u0131n\u0131n me\u015fru \u00e7\u0131karlar\u0131n\u0131 dikkate alan, kapsay\u0131c\u0131 bir demokratik de\u011fi\u015fim ve d\u00f6n\u00fc\u015f\u00fcm s\u00fcrecinin derhal, ivedilikle ba\u015flat\u0131lmas\u0131 gerekti\u011fine i\u015faret etti.<\/p>\n<p style=\"text-align: justify;\">Erdo\u011fan, Libya&#8217;daki geli\u015fmelerle ilgili olarak AK Parti Genel Merkezi&#8217;nde d\u00fczenledi\u011fi bas\u0131n toplant\u0131s\u0131nda, T\u00fcrkiye&#8217;nin temaslar\u0131 hakk\u0131nda bilgi verdi ve &#8221;Libya&#8217;n\u0131n toprak b\u00fct\u00fcnl\u00fc\u011f\u00fcn\u00fc ve egemenli\u011fini koruyan ve bar\u0131\u015f\u00e7\u0131l de\u011fi\u015fim s\u00fcrecini \u00f6ng\u00f6ren bir yol haritas\u0131 i\u00e7in \u00e7al\u0131\u015ft\u0131klar\u0131n\u0131&#8221; s\u00f6yledi.<\/p>\n<p style=\"text-align: justify;\">Ba\u015fbakan Erdo\u011fan, \u00f6nerdikleri bu yol haritas\u0131n\u0131n ana unsurlar\u0131n\u0131 \u015f\u00f6yle anlatt\u0131:<\/p>\n<p style=\"text-align: justify;\">&#8221;1- Derhal ger\u00e7ek bir ate\u015fkes sa\u011flanmal\u0131 ve Kaddafi&#8217;ye ba\u011fl\u0131 askeri unsurlar baz\u0131 \u015fehirlere uygulad\u0131\u011f\u0131 ku\u015fatmalar\u0131 kald\u0131rmal\u0131 ve \u015fehirlerden \u00e7ekilmelidir.<\/p>\n<p style=\"text-align: justify;\">2- Hi\u00e7bir ayr\u0131m g\u00f6zetmeksizin b\u00fct\u00fcn Libyal\u0131 karde\u015flerimize kesintisiz insani yard\u0131m ak\u0131\u015f\u0131 sa\u011flayacak, g\u00fcvenli insani b\u00f6lgeler olu\u015fturulmal\u0131d\u0131r.<\/p>\n<p style=\"text-align: justify;\">3- T\u00fcm Libya halk\u0131n\u0131n me\u015fru \u00e7\u0131karlar\u0131n\u0131 dikkate alan, kapsay\u0131c\u0131 bir demokratik de\u011fi\u015fim ve d\u00f6n\u00fc\u015f\u00fcm s\u00fcreci derhal, ivedilikle ba\u015flat\u0131lmal\u0131d\u0131r. Bu s\u00fcrecin hedefi de halk\u0131n \u00f6zg\u00fcr iradesiyle y\u00f6neticilerini se\u00e7ece\u011fi anayasal demokrasi nizam\u0131n\u0131n tesisi olmal\u0131d\u0131r.<\/p>\n<p style=\"text-align: justify;\">Bu \u00e7er\u00e7evede, Libya&#8217;da ger\u00e7ek bir ate\u015fkes sa\u011flanmas\u0131na ve siyasi d\u00f6n\u00fc\u015f\u00fcm s\u00fcrecinin ba\u015flat\u0131lmas\u0131na y\u00f6nelik olarak bu yol haritas\u0131n\u0131n detaylar\u0131 \u00fczerinde \u00e7al\u0131\u015f\u0131yoruz. Bu yol haritas\u0131n\u0131 detayl\u0131 bir \u015fekilde g\u00f6r\u00fc\u015fmek \u00fczere taraflarla temaslar\u0131m\u0131z\u0131 s\u00fcrd\u00fcrece\u011fiz.<\/p>\n<p style=\"text-align: justify;\">Uluslararas\u0131 toplumun \u00f6nde gelen \u00fcyeleriyle \u015fekillendirmekte oldu\u011fumuz bu plan\u0131, Katar&#8217;da yap\u0131lacak Libya Temas Grubu toplant\u0131s\u0131 \u00f6ncesinde Birle\u015fmi\u015f Milletler, Avrupa Birli\u011fi, Afrika Birli\u011fi, Arap Ligi ve \u0130slam Konferans\u0131 \u00d6rg\u00fct\u00fc gibi b\u00f6lgesel ve uluslararas\u0131 \u00f6rg\u00fctlerin de aras\u0131nda yer ald\u0131\u011f\u0131 ortaklar\u0131m\u0131zla payla\u015fmay\u0131 \u00f6ng\u00f6r\u00fcyoruz.<\/p>\n<p style=\"text-align: justify;\">T\u00fcm bu \u00e7al\u0131\u015fmalarda BM Libya \u00d6zel Temsilcisi El Hatip&#8217;in temel bir rol oynamas\u0131 gerekti\u011fini d\u00fc\u015f\u00fcn\u00fcyor ve kendisiyle yak\u0131n e\u015fg\u00fcd\u00fcm ve isti\u015fare i\u00e7inde \u00e7abalar\u0131m\u0131z\u0131 s\u00fcrd\u00fcr\u00fcyoruz.<\/p>\n<p style=\"text-align: justify;\">Halk\u0131m\u0131z, karde\u015f Libya halk\u0131n\u0131n her zaman yan\u0131nda olacak ve Libya&#8217;n\u0131n gelece\u011fi i\u00e7in Libyal\u0131 karde\u015flerimizle birlikte \u00e7al\u0131\u015facakt\u0131r.&#8221;<\/p>\n<p style=\"text-align: justify;\"><strong>&#8220;\u00dcZ\u00dcNT\u00dc VER\u0130C\u0130D\u0130R&#8221;<\/strong><\/p>\n<p style=\"text-align: justify;\">Ba\u015fbakan Recep Tayyip Erdo\u011fan, &#8221;B\u00f6lgede ya\u015fanan insanl\u0131k dramlar\u0131na seyirci kalan ve demokrasiyi Libya halk\u0131na \u00e7ok g\u00f6ren bir k\u0131s\u0131m g\u00fc\u00e7 odaklar\u0131n\u0131n bug\u00fcn hakk\u0131 ve hukuku savunan T\u00fcrkiye;ye kar\u015f\u0131 karalama kampanyalar\u0131 ba\u015flatmas\u0131 \u00fcz\u00fcnt\u00fc vericidir&#8221; dedi. Erdo\u011fan, &#8221;Bu karalama kampanyalar\u0131n\u0131n ard\u0131nda hangi odaklar\u0131n oldu\u011funu biliyoruz, dikkatle izliyoruz ve bunlar\u0131 da not ediyoruz&#8221; diye konu\u015ftu.<\/p>\n<p style=\"text-align: justify;\">Erdo\u011fan, AK Parti Genel Merkezi&#8217;nde d\u00fczenledi\u011fi bas\u0131n toplant\u0131s\u0131nda, Libya&#8217;daki son geli\u015fmeleri de\u011ferlendirdi.<\/p>\n<p style=\"text-align: justify;\">Ba\u015fbakan Erdo\u011fan, Misrata&#8217;daki yo\u011fun \u00e7at\u0131\u015fmalar sonucunda yaralanan Libyal\u0131lar\u0131 tedavi etmek amac\u0131yla hastane gemisine \u00e7evrilen Ankara Feribotunu g\u00f6nderdiklerini an\u0131msatarak, \u015funlar\u0131 s\u00f6yledi:<\/p>\n<p style=\"text-align: justify;\">&#8221;Bingazi&#8217;ye u\u011fray\u0131p, oradaki yaral\u0131lar\u0131 da alan gemimiz, 321&#8217;i yaral\u0131 olmak \u00fczere toplam 475 ki\u015fiyi \u0130zmir \u00c7e\u015fme Liman\u0131&#8217;na getirdi. Bu operasyonu, hi\u00e7 kimsenin kolayl\u0131kla g\u00f6ze alamayaca\u011f\u0131 \u015fartlarda, b\u00fcy\u00fck g\u00fcvenlik risklerini alarak, askeri ve sivil unsurlar\u0131m\u0131z\u0131 kullanarak ger\u00e7ekle\u015ftirdik. Yaral\u0131lar\u0131n tedavisini halen hastanelerimizde s\u00fcrd\u00fcr\u00fcyoruz. Onlar\u0131n tamam\u0131 sa\u011fl\u0131\u011f\u0131na kavu\u015fana kadar bizim misafirimiz olarak \u00fclkemizde kalacakt\u0131r. Bu yard\u0131m operasyonlar\u0131na bundan sonra da devam edece\u011fiz.&#8221;<\/p>\n<p style=\"text-align: justify;\">T\u00fcrkiye olarak Birle\u015fmi\u015f Milletler G\u00fcvenlik Konseyi&#8217;nin Libya konusunda ald\u0131\u011f\u0131 ve 1970 ve 1973 say\u0131l\u0131 kararlar\u0131n uygulanmas\u0131na tam destek verdiklerini belirten Ba\u015fbakan Erdo\u011fan, \u015f\u00f6yle devam etti:<\/p>\n<p style=\"text-align: justify;\">&#8221;Bu \u00e7er\u00e7evede, NATO harekat\u0131n\u0131n, Birle\u015fmi\u015f Milletler G\u00fcvenlik Konseyi kararlar\u0131 taraf\u0131ndan belirlenen ve NATO Konseyi taraf\u0131ndan uzla\u015fmayla kabul edilen g\u00f6rev y\u00f6nergesi \u00e7er\u00e7evesinde etkin bir \u015fekilde y\u00fcr\u00fct\u00fclmesini istiyoruz. Di\u011fer taraftan, bu harekat\u0131n silah ambargosunun uygulanmas\u0131 ve Libya halk\u0131na insani yard\u0131m sa\u011flanmas\u0131 boyutlar\u0131na aktif olarak kat\u0131l\u0131yoruz.<\/p>\n<p style=\"text-align: justify;\">Libya&#8217;da ger\u00e7ek bir ate\u015fkesin sa\u011flanmas\u0131n\u0131n ard\u0131ndan anayasal demokrasi hedefi do\u011frultusunda siyasi de\u011fi\u015fim s\u00fcreci ivedilikle ba\u015flat\u0131lmal\u0131d\u0131r. Halk\u0131n me\u015fru beklenti ve taleplerini kar\u015f\u0131layacak bir siyasi s\u00fcrecin ba\u015flat\u0131lmas\u0131, Libya&#8217;n\u0131n gelece\u011fi i\u00e7in b\u00fcy\u00fck \u00f6nem ta\u015f\u0131maktad\u0131r. Bu s\u00fcre\u00e7ten Libya halk\u0131n\u0131n en az zarar g\u00f6recek \u015fekilde \u00e7\u0131kmas\u0131, T\u00fcrkiye olarak bizim yegane temennimizdir.&#8221;<\/p>\n<p style=\"text-align: justify;\"><strong>&#8221;&#8230;.NOT ED\u0130YORUZ&#8221;<\/strong><\/p>\n<p style=\"text-align: justify;\">&#8221;Bingazili karde\u015flerime seslenmek istiyorum&#8221; diyen Ba\u015fbakan Erdo\u011fan, s\u00f6zlerini \u015f\u00f6yle s\u00fcrd\u00fcrd\u00fc:<\/p>\n<p style=\"text-align: justify;\">&#8221;Karde\u015f T\u00fcrkiye halk\u0131, hak ve \u00f6zg\u00fcrl\u00fck \u00e7a\u011fr\u0131n\u0131z\u0131 y\u00fcre\u011finin derinliklerinde hissetmekte, ya\u015fad\u0131\u011f\u0131n\u0131z s\u0131k\u0131nt\u0131lar\u0131n son bulmas\u0131 ve taleplerinizin s\u00fcre\u00e7lere yans\u0131mas\u0131 i\u00e7in b\u00fcy\u00fck bir duyarl\u0131l\u0131k sergilemektedir.<\/p>\n<p style=\"text-align: justify;\">Ba\u015f\u0131ndan itibaren hakk\u0131n\u0131, hukukunu isteyen insanlara kar\u015f\u0131 yap\u0131lan m\u00fcdahaleleri bizler \u015fiddetle  ele\u015ftirdik, maruz kald\u0131\u011f\u0131n\u0131z zorluklar\u0131n a\u015f\u0131lmas\u0131 i\u00e7in samimi bir gayret i\u00e7inde olduk. Bundan sonra da hakl\u0131 taleplerinizi desteklemeye, maruz kald\u0131\u011f\u0131n\u0131z yanl\u0131\u015fl\u0131klar\u0131 engellemek i\u00e7in \u00e7aba g\u00f6stermeye devam edece\u011fiz. B\u00f6lgede ya\u015fanan insanl\u0131k dramlar\u0131na seyirci kalan ve demokrasiyi Libya halk\u0131na \u00e7ok g\u00f6ren bir k\u0131s\u0131m g\u00fc\u00e7 odaklar\u0131n\u0131n bug\u00fcn hakk\u0131 ve hukuku savunan T\u00fcrkiye&#8217;ye kar\u015f\u0131 karalama kampanyalar\u0131 ba\u015flatmas\u0131 \u00fcz\u00fcnt\u00fc vericidir. Bu karalama kampanyalar\u0131n\u0131n ard\u0131nda hangi odaklar\u0131n oldu\u011funu biliyoruz, dikkatle izliyoruz ve bunlar\u0131 da not ediyoruz. Sizlerin de T\u00fcrk karde\u015flerinize y\u00f6nelik maksatl\u0131 propaganda faaliyetlerine prim vermeyece\u011finize y\u00fcrekten inan\u0131yorum.&#8221;<\/p>\n<p style=\"text-align: justify;\"><strong>&#8221;\u00f6MER MUHTAR;IN RUHUNU \u015eAD EDECEK \u015eEK\u0130LDE&#8230;&#8221;<\/strong><\/p>\n<p style=\"text-align: justify;\">Ba\u015fbakan Erdo\u011fan, &#8221;\u00d6zellikle NATO harekat\u0131n\u0131 engellemeye veya g\u00f6rev y\u00f6nergesini k\u0131s\u0131tlamaya \u00e7al\u0131\u015ft\u0131\u011f\u0131m\u0131z \u015feklindeki as\u0131ls\u0131z iddialar\u0131n, maksatl\u0131 \u015fekilde \u00fcretilen kara propaganda yalanlar\u0131 oldu\u011funu vurgulamak istiyorum. Bunu \u00f6zellikle ifade ediyorum. Bilin ki T\u00fcrk halk\u0131 her zaman hakk\u0131n ve hakl\u0131n\u0131n yan\u0131ndad\u0131r, yan\u0131nda olacakt\u0131r&#8221; diye konu\u015ftu.<\/p>\n<p style=\"text-align: justify;\">Trabluslulara da seslenen Ba\u015fbakan Erdo\u011fan, \u015funlar\u0131 s\u00f6yledi:<\/p>\n<p style=\"text-align: justify;\">&#8221;T\u00fcrkiye, Libya;da ya\u015fanan olumsuzluklar\u0131n bir an \u00f6nce son bularak i\u00e7 bar\u0131\u015f\u0131n sa\u011flanmas\u0131na, birlik ve beraberli\u011fin tesis edilmesine b\u00fcy\u00fck \u00f6nem vermektedir. Libya;n\u0131n toprak b\u00fct\u00fcnl\u00fc\u011f\u00fc ve egemenli\u011fi mutlaka korunmal\u0131d\u0131r. Akan karde\u015f kan\u0131n\u0131n durmas\u0131 i\u00e7in \u00f6zellikle sizlerin tavr\u0131 \u00f6nem ta\u015f\u0131maktad\u0131r. \u0130nan\u0131yorum ki medeniyet de\u011ferlerimizden ald\u0131\u011f\u0131n\u0131z ilhamla bu olumsuz gidi\u015fata dur diyeceksiniz. Trabluslu, Bingazili, Misratal\u0131, Tobruklu, Ecdebiyeli, Zintanl\u0131, Zaviyeli, Sebhal\u0131, Bregal\u0131 karde\u015flerimden rica ediyorum. Bizim de b\u00fcy\u00fck de\u011fer verdi\u011fimiz Libya&#8217;n\u0131n sembol \u015fahsiyeti \u00d6mer Muhtar;\u0131n ruhunu \u015fad edecek \u015fekilde bir ve beraber olun.&#8221;<\/p>\n<p style=\"text-align: justify;\"><strong>L\u0130BYA Y\u00d6NET\u0130M\u0130NE<\/strong><\/p>\n<p style=\"text-align: justify;\">Libya y\u00f6netimine de seslenen Ba\u015fbakan Erdo\u011fan, \u015funlar\u0131 kaydetti:<\/p>\n<p style=\"text-align: justify;\">&#8221;Ba\u015f\u0131ndan beri bizzat s\u00f6yledi\u011fim \u00fczere, tarihi bir sorumluluk \u00fcstlenerek, halk\u0131n \u00f6zg\u00fcr iradesiyle y\u00f6neticilerini se\u00e7ece\u011fi anayasal demokrasiye ge\u00e7i\u015f s\u00fcrecinin \u00f6n\u00fcn\u00fc l\u00fctfen a\u00e7\u0131n.<\/p>\n<p style=\"text-align: justify;\">Kendi halk\u0131n\u0131z\u0131n ve uluslararas\u0131 toplumun \u00e7a\u011fr\u0131lar\u0131na olumlu kar\u015f\u0131l\u0131k vermeniz, \u00fclkenizin selameti a\u00e7\u0131s\u0131ndan hayati derecede \u00f6nemlidir. Yap\u0131lan \u00e7a\u011fr\u0131lara ivedilikle kulak verin ve gereken ad\u0131mlar\u0131 at\u0131n.&#8221;<\/p>\n<p style=\"text-align: justify;\"><a href=\"http:\/\/www.gazeteport.com.tr\/SIYASET\/NEWS\/GP_883538\" target=\"_blank\">Kaynak : GAZETEPORT<\/a><\/p>\n","protected":false},"excerpt":{"rendered":"<p style=\"text-align: justify;\">\n<p style=\"text-align: justify;\">Ba\u015fbakan Recep Tayyip Erdo\u011fan, Libya&#8217;daki durumla ilgili olarak T\u00fcrkiye&#8217;nin haz\u0131rlad\u0131\u011f\u0131 yol haritas\u0131n\u0131n ana unsurlar\u0131n\u0131 a\u00e7\u0131klayarak, &#8221;Derhal ger\u00e7ek bir ate\u015fkes sa\u011flanmal\u0131 ve Kaddafi&#8217;ye ba\u011fl\u0131 askeri unsurlar baz\u0131 \u015fehirlere uygulad\u0131\u011f\u0131 ku\u015fatmalar\u0131 kald\u0131rmal\u0131 ve \u015fehirlerden \u00e7ekilmelidir&#8221; dedi.<\/p>\n","protected":false},"author":1,"featured_media":0,"comment_status":"open","ping_status":"closed","sticky":false,"template":"","format":"standard","meta":{"footnotes":""},"categories":[105],"tags":[],"class_list":["post-30287","post","type-post","status-publish","format-standard","hentry","category-gundem","odd"],"_links":{"self":[{"href":"http:\/\/www.korhanyilmaz.com\/index.php?rest_route=\/wp\/v2\/posts\/30287","targetHints":{"allow":["GET"]}}],"collection":[{"href":"http:\/\/www.korhanyilmaz.com\/index.php?rest_route=\/wp\/v2\/posts"}],"about":[{"href":"http:\/\/www.korhanyilmaz.com\/index.php?rest_route=\/wp\/v2\/types\/post"}],"author":[{"embeddable":true,"href":"http:\/\/www.korhanyilmaz.com\/index.php?rest_route=\/wp\/v2\/users\/1"}],"replies":[{"embeddable":true,"href":"http:\/\/www.korhanyilmaz.com\/index.php?rest_route=%2Fwp%2Fv2%2Fcomments&post=30287"}],"version-history":[{"count":0,"href":"http:\/\/www.korhanyilmaz.com\/index.php?rest_route=\/wp\/v2\/posts\/30287\/revisions"}],"wp:attachment":[{"href":"http:\/\/www.korhanyilmaz.com\/index.php?rest_route=%2Fwp%2Fv2%2Fmedia&parent=30287"}],"wp:term":[{"taxonomy":"category","embeddable":true,"href":"http:\/\/www.korhanyilmaz.com\/index.php?rest_route=%2Fwp%2Fv2%2Fcategories&post=30287"},{"taxonomy":"post_tag","embeddable":true,"href":"http:\/\/www.korhanyilmaz.com\/index.php?rest_route=%2Fwp%2Fv2%2Ftags&post=30287"}],"curies":[{"name":"wp","href":"https:\/\/api.w.org\/{rel}","templated":true}]}}