{"id":30283,"date":"2011-04-07T08:06:44","date_gmt":"2011-04-07T05:06:44","guid":{"rendered":"http:\/\/www.korhanyilmaz.com\/?p=30283"},"modified":"2011-04-07T08:06:44","modified_gmt":"2011-04-07T05:06:44","slug":"bassavciya-yaka-paca-gozalti","status":"publish","type":"post","link":"http:\/\/www.korhanyilmaz.com\/?p=30283","title":{"rendered":"Ba\u015fsavc\u0131ya yaka pa\u00e7a g\u00f6zalt\u0131"},"content":{"rendered":"<p style=\"text-align: justify;\"><a href=\"http:\/\/www.korhanyilmaz.com\/wp-content\/uploads\/2011\/04\/101.jpg\"  class=\"lightview\"><img loading=\"lazy\" decoding=\"async\" class=\"aligncenter size-full wp-image-30284\" src=\"http:\/\/www.korhanyilmaz.com\/wp-content\/uploads\/2011\/04\/101.jpg\" alt=\"\" width=\"324\" height=\"243\" \/><\/a><\/p>\n<p style=\"text-align: justify;\">Eski Erzincan Ba\u015fsavc\u0131s\u0131 \u0130lhan Cihaner\u2019in adliyedeki makam odas\u0131nda g\u00f6zalt\u0131na al\u0131nmas\u0131yla ilgili yeni g\u00f6r\u00fcnt\u00fcler ortaya \u00e7\u0131kt\u0131.<\/p>\n<p style=\"text-align: justify;\">\u0130lhan Cihaner bas\u0131na yans\u0131yan g\u00f6r\u00fcnt\u00fclerle ilgili &#8220;Bizim elimizde olmayan bu g\u00f6r\u00fcnt\u00fcler nas\u0131l baz\u0131 yazarlara servis edildi? G\u00f6r\u00fcnt\u00fcler tam bir al\u00e7akl\u0131kt\u0131r. Se\u00e7im \u00f6ncesi beni y\u0131pratmaya \u00e7al\u0131\u015f\u0131yorlar. \u015e\u00f6yle diyelim: \u0130mam\u0131n Ordusu sald\u0131r\u0131yor herhalde&#8221; dedi.<!--more--><\/p>\n<p style=\"text-align: justify;\">Gazeteci Kemal \u00d6zdemir\u2019in Tima\u015f yay\u0131nlar\u0131ndan \u00e7\u0131kacak olan \u201cErgenekon Fay Hatt\u0131nda Erzincan\u201d adl\u0131 kitab\u0131nda Cihaner\u2019in 16 \u015eubat 2010\u2019da Erzincan Adliyesi\u2019ndeki makam odas\u0131nda, Erzurum A\u011f\u0131r Ceza Mahkemesi\u2019nin karar\u0131yla g\u00f6zalt\u0131na al\u0131nmas\u0131na dair daha \u00f6nce yay\u0131mlanmam\u0131\u015f foto\u011fraflar da yer ald\u0131.  Kitapta anlat\u0131ld\u0131\u011f\u0131na g\u00f6re \u0130lhan Cihaner, g\u00f6zalt\u0131na al\u0131naca\u011f\u0131n\u0131 \u00f6\u011frenince Savc\u0131 \u015eanal\u2019a bu karara direnece\u011fini, g\u00f6zalt\u0131na al\u0131nmay\u0131 kabul etmeyece\u011fini s\u00f6yl\u00fcyor.<\/p>\n<p style=\"text-align: justify;\"><strong>G\u00f6t\u00fcremeyeceksiniz, direnirim<\/strong><\/p>\n<p style=\"text-align: justify;\">Kitapta Cihaner\u2019in g\u00f6zalt\u0131na al\u0131nd\u0131\u011f\u0131 s\u0131rada \u00d6zel Yetkili Erzurum Savc\u0131s\u0131 Osman \u015eanal\u2019la girdi\u011fi diyaloglar da yer al\u0131yor.<\/p>\n<p style=\"text-align: justify;\">&#8211;  \u015eanal: Sizi de yan\u0131m\u0131zda g\u00f6t\u00fcrece\u011fiz.<\/p>\n<p style=\"text-align: justify;\">&#8211;  Cihaner: G\u00f6t\u00fcremeyeceksiniz, direnece\u011fim, zor kullanacaks\u0131n\u0131z.<\/p>\n<p style=\"text-align: justify;\">&#8211;  \u015eanal: Bu do\u011fru bir davran\u0131\u015f olmaz sizin a\u00e7\u0131n\u0131zdan.<\/p>\n<p style=\"text-align: justify;\">&#8211;  Cihaner: \u00c7ok do\u011fru olur.<\/p>\n<p style=\"text-align: justify;\">&#8211;  \u015eanal: Mahkeme karar\u0131 ile geldik buraya.<\/p>\n<p style=\"text-align: justify;\">&#8211;  Cihaner: O karar da yanl\u0131\u015f, uygulanamaz.<\/p>\n<p style=\"text-align: justify;\">&#8211;  \u015eanal: D\u00fc\u015f\u00fcnceniz b\u00f6yle olabilir, onu de\u011fi\u015ftirme durumunda de\u011filiz, o d\u00fc\u015f\u00fcnce i\u00e7inde olabilirsiniz, isterseniz okuyun, siz de inceleyin.<\/p>\n<p style=\"text-align: justify;\">&#8211;  Cihaner: Evrakta sahtecilik, iftira ve tehdit&#8230; Ne i\u00e7in bunlar?<\/p>\n<p style=\"text-align: justify;\">&#8211;  \u015eanal: Anlataca\u011f\u0131z.<\/p>\n<p style=\"text-align: justify;\">&#8211;  Cihaner: Hukuk d\u0131\u015f\u0131 bu, fiziken direnece\u011fim. Bunu yapamazs\u0131n\u0131z, ne yapt\u0131\u011f\u0131n\u0131z\u0131n fark\u0131nda de\u011filsiniz.<\/p>\n<p style=\"text-align: justify;\">&#8211;  \u015eanal: Mahkeme karar\u0131n\u0131 uyguluyoruz.<\/p>\n<p style=\"text-align: justify;\">&#8211;  Cihaner: E\u015fk\u0131ya gibi davran\u0131yorsunuz.<\/p>\n<p style=\"text-align: justify;\">&#8211;  \u015eanal: E\u015fk\u0131ya gibi davranm\u0131yoruz, \u015fu anda oturuyoruz, bak\u0131n kar\u015f\u0131l\u0131kl\u0131.<\/p>\n<p style=\"text-align: justify;\">&#8211;  Cihaner: E\u015fk\u0131ya illa ki elindeki k\u0131l\u0131\u00e7la, silahla olmaz. E\u015fk\u0131yan\u0131n de\u011fi\u015fik \u015fekilleri vard\u0131r.<\/p>\n<p style=\"text-align: justify;\">&#8211;  \u015eanal: Fark\u0131ndaysan\u0131z az \u00f6nce ifade ettim, polemik yapmak do\u011fru de\u011fil. Biz hukukun gere\u011fi neyse onu yapmak i\u00e7in buraday\u0131z. Ki\u015fisel bir \u015fey s\u00f6z konusu bile olamaz.<\/p>\n<p style=\"text-align: justify;\">&#8211;  Cihaner: Kesinlikle \u00f6yle bir\u015fey var.<\/p>\n<p style=\"text-align: justify;\">&#8211;  \u015eanal: Biz i\u015fimizi yapaca\u011f\u0131z, sizi de yan\u0131m\u0131zda g\u00f6t\u00fcrece\u011fiz.<\/p>\n<p style=\"text-align: justify;\">&#8211;  Cihaner: G\u00f6t\u00fcremeyeceksiniz, direnece\u011fim, zor kullanacaks\u0131n\u0131z.<\/p>\n<p style=\"text-align: justify;\"><strong>\u0130K\u0130S\u0130 DE ADAY ADAYI<\/strong><\/p>\n<p style=\"text-align: justify;\">Milliyet&#8217;in haberine g\u00f6re, Cihaner\u2019in makam odas\u0131nda yap\u0131lan aramaya ve g\u00f6zalt\u0131 i\u015flemlerine nezaret eden Erzincan Emniyet M\u00fcd\u00fcrl\u00fc\u011f\u00fc Ter\u00f6rle M\u00fccadele \u015eube M\u00fcd\u00fcr\u00fc Murat G\u00fcnbey, g\u00f6revinden istifa ederek Ak Parti\u2019den Erzurum milletvekili aday aday\u0131 oldu. \u0130lhan Cihaner ise CHP\u2019den milletvekili aday aday\u0131 olmu\u015ftu.<\/p>\n<p style=\"text-align: justify;\"><strong>C\u0130HANER: BU B\u0130R AL\u00c7AKLIKTIR<\/strong><\/p>\n<p style=\"text-align: justify;\">Cihaner, &#8220;Bizim elimizde olmayan bu g\u00f6r\u00fcnt\u00fclerin nas\u0131l belli yazarlara servis edildi. \u00dczerinde durulmas\u0131 gereken bu. Ben orada sokak kabaday\u0131s\u0131 de\u011filim. Hukuk d\u0131\u015f\u0131 sald\u0131r\u0131 var diye kontrol\u00fcm\u00fc kaybedecek de\u011fildim&#8221; diye konu\u015ftu.<\/p>\n<p style=\"text-align: justify;\">\u0130lhan Cihaner, &#8220;Bu g\u00f6r\u00fcnt\u00fclerin i\u00e7eri\u011fi hi\u00e7bir\u015fey ifade etmiyor. Beni sevenleri \u00fcz\u00fcyor sadece. Yay\u0131nlanma zaman\u0131 \u00e7ok belli&#8221; ifadelerini kulland\u0131.<\/p>\n<p style=\"text-align: justify;\"><strong>B\u0130LSEYD\u0130M SERT KAR\u015eILIK VER\u0130RD\u0130M<\/strong><\/p>\n<p style=\"text-align: justify;\">&#8220;Bana m\u00fcdahale edenlerden biri Cumhuriyet Savc\u0131s\u0131ym\u0131\u015f. Bunu bilseydim maliyeti ne olursa olsun ben de ona sert kar\u015f\u0131l\u0131k verirdim. Yoksa polislerin ideolojisi belli&#8221; dedi.<\/p>\n<p style=\"text-align: justify;\">CNN T\u00fcrk&#8217;e konu\u015fan Cihaner ayr\u0131ca, g\u00f6r\u00fcnt\u00fclerin yay\u0131nlanma zaman\u0131n\u0131n ve yay\u0131nland\u0131\u011f\u0131 yerlerin &#8216;malum&#8217; oldu\u011funu belirtti.<\/p>\n<p style=\"text-align: justify;\"><strong>\u00d6ZEL SORGU ODASI VAR MI?<\/strong><\/p>\n<p style=\"text-align: justify;\">Cihaner, &#8216;\u00f6zel bir sorgu&#8217; odas\u0131 oldu\u011funa ili\u015fkin iddialara da yan\u0131t verdi ve &#8220;En komik ve en aptalca iddialardan biri bu. O adliye benim tapulu malum de\u011fil. O sorgu odas\u0131 hala orada. \u0130fade alma y\u00f6netmeli\u011fine g\u00f6re, savc\u0131l\u0131k kat\u0131nda bir gizli oda olmaz. O odan\u0131n anahtar\u0131 da bende de\u011fil&#8221; dedi.<\/p>\n<p style=\"text-align: justify;\">&#8220;\u015eu ana kadar hi\u00e7bir gizli belge saklamad\u0131m. Bunlar maksatl\u0131 slad\u0131r\u0131lar, dikkate al\u0131nacak \u015feyler de\u011fil&#8221; diyen \u0130lhan Cihaner,  \u015e\u00f6yle diyelim: \u0130mam\u0131n Ordusu sald\u0131r\u0131yor herhalde. Yak\u0131nda Cihaner&#8217;in g\u00f6z\u00fc ela de\u011fil, kahverengi gibi \u015feyler \u00e7\u0131kacak, ilkokulda yapt\u0131klar\u0131m\u0131z \u00e7\u0131kacak galiba&#8230;&#8221; ifadelerini kulland\u0131.<\/p>\n<p style=\"text-align: justify;\"><a href=\"http:\/\/www.gazeteport.com.tr\/GUNCEL\/NEWS\/GP_882932\" target=\"_blank\">Kaynak : GAZETEPORT<\/a><\/p>\n","protected":false},"excerpt":{"rendered":"<p style=\"text-align: justify;\">\n<p style=\"text-align: justify;\">Eski Erzincan Ba\u015fsavc\u0131s\u0131 \u0130lhan Cihaner\u2019in adliyedeki makam odas\u0131nda g\u00f6zalt\u0131na al\u0131nmas\u0131yla ilgili yeni g\u00f6r\u00fcnt\u00fcler ortaya \u00e7\u0131kt\u0131.<\/p>\n<p style=\"text-align: justify;\">\u0130lhan Cihaner bas\u0131na yans\u0131yan g\u00f6r\u00fcnt\u00fclerle ilgili &#8220;Bizim elimizde olmayan bu g\u00f6r\u00fcnt\u00fcler nas\u0131l baz\u0131 yazarlara servis edildi? G\u00f6r\u00fcnt\u00fcler tam bir al\u00e7akl\u0131kt\u0131r. Se\u00e7im \u00f6ncesi beni y\u0131pratmaya \u00e7al\u0131\u015f\u0131yorlar. \u015e\u00f6yle diyelim: \u0130mam\u0131n Ordusu sald\u0131r\u0131yor herhalde&#8221; dedi.<\/p>\n","protected":false},"author":1,"featured_media":0,"comment_status":"open","ping_status":"closed","sticky":false,"template":"","format":"standard","meta":{"footnotes":""},"categories":[105],"tags":[],"class_list":["post-30283","post","type-post","status-publish","format-standard","hentry","category-gundem","odd"],"_links":{"self":[{"href":"http:\/\/www.korhanyilmaz.com\/index.php?rest_route=\/wp\/v2\/posts\/30283","targetHints":{"allow":["GET"]}}],"collection":[{"href":"http:\/\/www.korhanyilmaz.com\/index.php?rest_route=\/wp\/v2\/posts"}],"about":[{"href":"http:\/\/www.korhanyilmaz.com\/index.php?rest_route=\/wp\/v2\/types\/post"}],"author":[{"embeddable":true,"href":"http:\/\/www.korhanyilmaz.com\/index.php?rest_route=\/wp\/v2\/users\/1"}],"replies":[{"embeddable":true,"href":"http:\/\/www.korhanyilmaz.com\/index.php?rest_route=%2Fwp%2Fv2%2Fcomments&post=30283"}],"version-history":[{"count":0,"href":"http:\/\/www.korhanyilmaz.com\/index.php?rest_route=\/wp\/v2\/posts\/30283\/revisions"}],"wp:attachment":[{"href":"http:\/\/www.korhanyilmaz.com\/index.php?rest_route=%2Fwp%2Fv2%2Fmedia&parent=30283"}],"wp:term":[{"taxonomy":"category","embeddable":true,"href":"http:\/\/www.korhanyilmaz.com\/index.php?rest_route=%2Fwp%2Fv2%2Fcategories&post=30283"},{"taxonomy":"post_tag","embeddable":true,"href":"http:\/\/www.korhanyilmaz.com\/index.php?rest_route=%2Fwp%2Fv2%2Ftags&post=30283"}],"curies":[{"name":"wp","href":"https:\/\/api.w.org\/{rel}","templated":true}]}}