{"id":30279,"date":"2011-04-07T18:11:42","date_gmt":"2011-04-07T15:11:42","guid":{"rendered":"http:\/\/www.korhanyilmaz.com\/?p=30279"},"modified":"2011-04-07T18:11:42","modified_gmt":"2011-04-07T15:11:42","slug":"zekeriya-ozden-sikayetci-oldu","status":"publish","type":"post","link":"http:\/\/www.korhanyilmaz.com\/?p=30279","title":{"rendered":"Zekeriya \u00d6z&#8217;den \u015fikayet\u00e7i oldu"},"content":{"rendered":"<p style=\"text-align: justify;\"><a href=\"http:\/\/www.korhanyilmaz.com\/wp-content\/uploads\/2011\/04\/100.jpg\"  class=\"lightview\"><img loading=\"lazy\" decoding=\"async\" class=\"aligncenter size-full wp-image-30280\" src=\"http:\/\/www.korhanyilmaz.com\/wp-content\/uploads\/2011\/04\/100.jpg\" alt=\"\" width=\"329\" height=\"246\" \/><\/a><\/p>\n<p style=\"text-align: justify;\">Tutuklu Emniyet M\u00fcd\u00fcr\u00fc Hanefi Avc\u0131, daha \u00f6nce &#8220;Ergenekon&#8221; soru\u015fturmas\u0131n\u0131 y\u00fcr\u00fcten Cumhuriyet Savc\u0131s\u0131 Zekeriya \u00d6z ile \u0130stanbul 11. A\u011f\u0131r Ceza Mahkemesi hakimleri Metin \u00d6z\u00e7elik, Mehmet Ekinci ve Birol Bilen hakk\u0131nda, &#8220;g\u00f6revlerini k\u00f6t\u00fcye kulland\u0131klar\u0131&#8221; iddias\u0131yla Hakimler ve Savc\u0131lar Y\u00fcksek Kuruluna (HSYK) \u015fikayette bulundu.<!--more--><\/p>\n<p style=\"text-align: justify;\">ANKARA- Edinilen bilgiye g\u00f6re Avc\u0131, avukat\u0131 Fidel Okan arac\u0131l\u0131\u011f\u0131yla \u015fikayet dilek\u00e7esini HSYK\u2019ya verdi.<\/p>\n<p style=\"text-align: justify;\">Dilek\u00e7ede, Ergenekon soru\u015fturmas\u0131 kapsam\u0131nda da tutuklanan Avc\u0131\u2019n\u0131n tutuklulu\u011funa yap\u0131lan itiraz\u0131n \u0130stanbul 11. A\u011f\u0131r Ceza Mahkemesince oy \u00e7oklu\u011fuyla reddedildi\u011fi hat\u0131rlat\u0131ld\u0131. \u0130tiraz\u0131n reddi karar\u0131na muhalefet \u015ferhi koyan Mahkeme Ba\u015fkan\u0131 \u015eeref Ak\u00e7ay\u2019\u0131n kar\u015f\u0131 oy gerek\u00e7esinden al\u0131nt\u0131lar yap\u0131lan dilek\u00e7ede, kar\u015f\u0131 oy g\u00f6r\u00fc\u015f\u00fcn\u00fcn, &#8220;Cumhuriyet Savc\u0131s\u0131 Zekeriya \u00d6z\u2019\u00fcn, Avc\u0131\u2019ya y\u00f6nelik olarak ba\u011f\u0131ms\u0131z, tarafs\u0131z, adil ve insan vicdan\u0131na uygun soru\u015fturma yapmad\u0131\u011f\u0131n\u0131 ortaya \u00e7\u0131kard\u0131\u011f\u0131&#8221; iddia edildi.<\/p>\n<p style=\"text-align: justify;\">\u00d6z\u2019\u00fcn tutuklama talebinin ard\u0131ndan Avc\u0131\u2019y\u0131 sorgulayan \u0130stanbul 11. A\u011f\u0131r Ceza Mahkemesi hakimi Birol Bilen\u2019in &#8220;ge\u00e7ersiz sebeplerle&#8221; tutuklama karar\u0131 verdi\u011fi ileri s\u00fcr\u00fclen dilek\u00e7ede, &#8220;tutuklama karar\u0131n\u0131n birer c\u00fcmlelik gerek\u00e7elerinin <span style=\"text-decoration: underline;\">Avrupa \u0130nsan Haklar\u0131 Mahkemesi kararlar\u0131<\/span> ile <span style=\"text-decoration: underline;\">Bangalor Yarg\u0131 Eti\u011fi \u0130lkelerine<\/span> ayk\u0131r\u0131 oldu\u011fu&#8221; savunuldu.<\/p>\n<p style=\"text-align: justify;\">Dilek\u00e7ede, Avc\u0131\u2019n\u0131n tutuklulu\u011funa yap\u0131lan itiraz\u0131 reddeden \u0130stanbul 11. A\u011f\u0131r Ceza Mahkemesi \u00fcyeleri Metin \u00d6z\u00e7elik ve Mehmet Ekinci\u2019nin de bu kararlar\u0131na &#8220;herhangi bir a\u00e7\u0131klay\u0131c\u0131 ve teyit edici gerek\u00e7e koymad\u0131klar\u0131&#8221; kaydedildi ve ayn\u0131 ilkeleri ihlal ettikleri ileri s\u00fcr\u00fcld\u00fc. Dilek\u00e7ede, bu sebeplerle, \u00d6z, \u00d6z\u00e7elik, Ekinci ve Bilen\u2019in g\u00f6revde yetkiyi k\u00f6t\u00fcye kulland\u0131klar\u0131 ileri s\u00fcr\u00fcld\u00fc ve haklar\u0131nda bu su\u00e7lamayla soru\u015fturma a\u00e7\u0131lmas\u0131 talep edildi.<\/p>\n<p style=\"text-align: justify;\"><a href=\"http:\/\/www.gazeteport.com.tr\/GUNCEL\/NEWS\/GP_883465\" target=\"_blank\">Kaynak : GAZETEPORT<\/a><\/p>\n","protected":false},"excerpt":{"rendered":"<p style=\"text-align: justify;\">\n<p style=\"text-align: justify;\">Tutuklu Emniyet M\u00fcd\u00fcr\u00fc Hanefi Avc\u0131, daha \u00f6nce &#8220;Ergenekon&#8221; soru\u015fturmas\u0131n\u0131 y\u00fcr\u00fcten Cumhuriyet Savc\u0131s\u0131 Zekeriya \u00d6z ile \u0130stanbul 11. A\u011f\u0131r Ceza Mahkemesi hakimleri Metin \u00d6z\u00e7elik, Mehmet Ekinci ve Birol Bilen hakk\u0131nda, &#8220;g\u00f6revlerini k\u00f6t\u00fcye kulland\u0131klar\u0131&#8221; iddias\u0131yla Hakimler ve Savc\u0131lar Y\u00fcksek Kuruluna (HSYK) \u015fikayette bulundu.<\/p>\n","protected":false},"author":1,"featured_media":0,"comment_status":"open","ping_status":"closed","sticky":false,"template":"","format":"standard","meta":{"footnotes":""},"categories":[105],"tags":[],"class_list":["post-30279","post","type-post","status-publish","format-standard","hentry","category-gundem","odd"],"_links":{"self":[{"href":"http:\/\/www.korhanyilmaz.com\/index.php?rest_route=\/wp\/v2\/posts\/30279","targetHints":{"allow":["GET"]}}],"collection":[{"href":"http:\/\/www.korhanyilmaz.com\/index.php?rest_route=\/wp\/v2\/posts"}],"about":[{"href":"http:\/\/www.korhanyilmaz.com\/index.php?rest_route=\/wp\/v2\/types\/post"}],"author":[{"embeddable":true,"href":"http:\/\/www.korhanyilmaz.com\/index.php?rest_route=\/wp\/v2\/users\/1"}],"replies":[{"embeddable":true,"href":"http:\/\/www.korhanyilmaz.com\/index.php?rest_route=%2Fwp%2Fv2%2Fcomments&post=30279"}],"version-history":[{"count":0,"href":"http:\/\/www.korhanyilmaz.com\/index.php?rest_route=\/wp\/v2\/posts\/30279\/revisions"}],"wp:attachment":[{"href":"http:\/\/www.korhanyilmaz.com\/index.php?rest_route=%2Fwp%2Fv2%2Fmedia&parent=30279"}],"wp:term":[{"taxonomy":"category","embeddable":true,"href":"http:\/\/www.korhanyilmaz.com\/index.php?rest_route=%2Fwp%2Fv2%2Fcategories&post=30279"},{"taxonomy":"post_tag","embeddable":true,"href":"http:\/\/www.korhanyilmaz.com\/index.php?rest_route=%2Fwp%2Fv2%2Ftags&post=30279"}],"curies":[{"name":"wp","href":"https:\/\/api.w.org\/{rel}","templated":true}]}}