{"id":30272,"date":"2011-04-06T23:22:27","date_gmt":"2011-04-06T20:22:27","guid":{"rendered":"http:\/\/www.korhanyilmaz.com\/?p=30272"},"modified":"2011-04-06T23:22:27","modified_gmt":"2011-04-06T20:22:27","slug":"%e2%80%98plandan-haberim-yoktu-ben-de-gazetede-okudum%e2%80%99","status":"publish","type":"post","link":"http:\/\/www.korhanyilmaz.com\/?p=30272","title":{"rendered":"\u2018Plandan haberim yoktu ben de gazetede okudum\u2019"},"content":{"rendered":"<p style=\"text-align: justify;\"><a href=\"http:\/\/www.korhanyilmaz.com\/wp-content\/uploads\/2011\/04\/460.jpg\"  class=\"lightview\"><img loading=\"lazy\" decoding=\"async\" class=\"aligncenter size-full wp-image-30273\" src=\"http:\/\/www.korhanyilmaz.com\/wp-content\/uploads\/2011\/04\/460.jpg\" alt=\"\" width=\"344\" height=\"220\" \/><\/a><\/p>\n<p style=\"text-align: justify;\">D\u00f6nemin Adalet Bakan\u0131 Hikmet Sami T\u00fcrk konu\u015ftu.<\/p>\n<p style=\"text-align: justify;\">F tipi cezaevlerine ge\u00e7i\u015f amac\u0131yla yap\u0131lan ve 30\u2019u mahkum, 2\u2019si asker, 32 ki\u015finin hayat\u0131n\u0131 kaybetti\u011fi operasyona ili\u015fkin jandarman\u0131n \u201cTufan\u201d ad\u0131n\u0131 verdi\u011fi plan\u0131n ortaya \u00e7\u0131kmas\u0131 b\u00fcy\u00fck bir tart\u0131\u015fma ba\u015flatt\u0131. D\u00f6nemin Adalet Bakan\u0131 Hikmet Sami T\u00fcrk ve Ceza ve Tevkif Evleri Genel M\u00fcd\u00fcr\u00fc Ali Suat Ertosun, plandan haberdar olmad\u0131klar\u0131n\u0131 \u00f6ne s\u00fcrd\u00fc. <!--more--><\/p>\n<p style=\"text-align: justify;\">T\u00fcrk, operasyondan 10 g\u00fcn \u00f6nce, F tipi cezaevlerine ge\u00e7i\u015fi engellemek i\u00e7in yap\u0131lan \u00f6l\u00fcm oru\u00e7lar\u0131n\u0131n sona erdilmesi kayd\u0131yla F tipi cezaavlerinin a\u00e7\u0131l\u0131\u015f\u0131n\u0131n ertelenece\u011fini a\u00e7\u0131klad\u0131\u011f\u0131n\u0131 hat\u0131rlatarak \u015funlar\u0131 s\u00f6yledi:<\/p>\n<p style=\"text-align: justify;\"><strong>\u2018Biz arama yap\u0131n dedik\u2019 <\/strong><\/p>\n<p style=\"text-align: justify;\">\u201cBizim b\u00f6yle bir plandan haberimiz yoktu. Adalet Bakanl\u0131\u011f\u0131, cezaevinin sadece i\u00e7 g\u00fcvenli\u011finden, infaz koruma memurlar\u0131 vas\u0131tas\u0131yla sorumludur. Onlar da silahs\u0131zd\u0131r. D\u0131\u015f g\u00fcvenlik jandarma taraf\u0131ndan sa\u011flan\u0131r. 19-20 aral\u0131k gecesi yap\u0131lan asl\u0131nda genel bir arama niteli\u011findeydi. 20 ilde savc\u0131lar genel arama yap\u0131lmas\u0131n\u0131 istedi. Bu aramay\u0131 cezaevlerinin d\u0131\u015f g\u00fcvenli\u011finden sorumlu jandarma y\u00fcr\u00fctt\u00fc. Uygulamada amac\u0131 a\u015fan g\u00fc\u00e7 kullan\u0131m\u0131 oldu\u011fu iddia ediliyor. Bunun daha \u00f6nceki planlamas\u0131 ile bizim ili\u015fkimiz yok. Onlardan istenen bir genel aramayd\u0131. Biliyorsunuz jandarma ve polisin te\u015fkilat kanunlar\u0131nda ne zaman silah kullanaca\u011f\u0131 g\u00f6sterilmi\u015ftir. \u00d6yle anla\u015f\u0131l\u0131\u015fyor ki \u00f6yle bir olas\u0131l\u0131\u011fa kar\u015f\u0131 plan yap\u0131lm\u0131\u015f. Zaten planda da cezaevinde 70 silah oldu\u011fu istihbarat\u0131 var. \u00d6n tedbir olmas\u0131 anla\u015f\u0131l\u0131r bir \u015fey. Ama amac\u0131 a\u015fan bir g\u00fc\u00e7 kullan\u0131m\u0131 varsa bunu yarg\u0131 ortaya \u00e7\u0131karacak.\u201d<\/p>\n<p style=\"text-align: justify;\"><strong>\u2018MGK karar\u0131yla yap\u0131ld\u0131\u2019 <\/strong><\/p>\n<p style=\"text-align: justify;\">\u201cCezaevlerinde genel arama yap\u0131lmas\u0131 MGK karar\u0131na dayan\u0131yordu. MGK \u2018bu eylemler sonland\u0131r\u0131ls\u0131n\u2019 diye bir tavsiye karar\u0131 alm\u0131\u015ft\u0131. O tarihte Adalet Bakan\u0131\u2019n\u0131n MGK\u2019ya kat\u0131lmas\u0131 s\u00f6z konusu olmad\u0131\u011f\u0131 i\u00e7in ben o toplant\u0131da yoktum. Cezaevlerinde 1997 y\u0131l\u0131nda yap\u0131lan \u00f6l\u00fcm orucunda da \u00f6l\u00fcmler 60. g\u00fcnden sonra ba\u015flam\u0131\u015f ve 12 ki\u015fi \u00f6lm\u00fc\u015ft\u00fc. Zaten buradaki m\u00fcdahale de \u00f6l\u00fcm orucunun 60. g\u00fcn\u00fc yap\u0131lm\u0131\u015ft\u0131. Bu operasyonu jandarma taraf\u0131ndan \u2018Hayata D\u00f6n\u00fc\u015f\u2019 ad\u0131 verilmi\u015fti. Ama bunun ba\u015fka bir isim (Tufan) ta\u015f\u0131d\u0131\u011f\u0131n\u0131 gazetede okudum.Cezaevinde direni\u015fle kar\u015f\u0131la\u015f\u0131ld\u0131\u011f\u0131 i\u00e7in operasyon yap\u0131ld\u0131. \u015eimdi b\u00f6yle bir plan oldu\u011funu g\u00f6r\u00fcyorum. Asl\u0131nda uygulanan plan\u0131n bu oldu\u011fundan da \u015f\u00fcpheliyim. Bizim istedi\u011fimiz bu de\u011fildi. Biz sadece genel arama yap\u0131lmas\u0131n\u0131 istedik.\u201d T\u00fcrk, \u201cGenel arama istedik diyorsunuz ama bir yandan da MGK\u2019n\u0131n \u00f6l\u00fcm orucuna m\u00fcdahele karar\u0131 oldu\u011funu s\u00f6yl\u00fcyorsunuz. Bu \u00e7eli\u015fmiyor mu?\u201d sorusuna ise, \u201cJandarmaya kar\u015f\u0131 silahl\u0131 direni\u015f olursa jandarman\u0131n kar\u015f\u0131l\u0131k verme hakk\u0131 var. O \u00e7er\u00e7eve i\u00e7erisinde&#8230; \u015eimdi bu konu yarg\u0131n\u0131n \u00f6n\u00fcnde. Jandarma g\u00f6rev s\u0131n\u0131rlar\u0131 i\u00e7inde mi hareket etti, yoksa g\u00f6rev gereklerini a\u015ft\u0131 m\u0131, buna yarg\u0131 karar verecek\u201d kar\u015f\u0131l\u0131\u011f\u0131n\u0131 verdi. \u201cBen o zaman da insan kayb\u0131ndan \u00fcz\u00fcnt\u00fc duydu\u011fumu s\u00f6yledim. Hem tutuklu ve h\u00fck\u00fcml\u00fclerin hem de askerlerin \u00f6lmesinden duydu\u011fum \u00fcz\u00fcnt\u00fcy\u00fc o tarihte de a\u00e7\u0131klam\u0131\u015ft\u0131m\u201d diyen T\u00fcrk, \u015f\u00f6yle devam etti: \u201cAma\u00e7 b\u00f6yle bir \u015fey de\u011fildi. Genel aramayd\u0131 ama\u00e7. Orada \u00f6l\u00fcm orucundaki gen\u00e7ler bu eylemde zorlan\u0131yordu. \u00d6rg\u00fct\u00fcn ele ba\u015flar\u0131n\u0131n hi\u00e7birinin \u00f6l\u00fcm orucunda olmad\u0131\u011f\u0131 ortaya \u00e7\u0131kt\u0131. Ama\u00e7 \u00f6l\u00fcm orucundakileri kurtarmakt\u0131. Ama\u00e7la \u00e7eli\u015fen sonu\u00e7lar \u00e7\u0131kmas\u0131 uygulamad\u0131r. O uygulamada da g\u00f6rev s\u0131n\u0131rlar\u0131n\u0131n a\u015f\u0131l\u0131p a\u015f\u0131lmad\u0131\u011f\u0131na yarg\u0131 karar verecek.\u201d<\/p>\n<p style=\"text-align: justify;\"><strong>SUAT ERTOSUN : Direni\u015f oludu\u011fu i\u00e7in bu noktaya geldi<\/strong><\/p>\n<p style=\"text-align: justify;\">D\u00f6nemin Ceza ve Tevkif Evleri Genel M\u00fcd\u00fcr\u00fc olan HSYK \u00fcyesi Ali Suat Ertosun: \u201cCezaevlerinin devreye girece\u011fi ortaya \u00e7\u0131k\u0131nca 2000 y\u0131l\u0131n\u0131n ba\u015flar\u0131ndan itibaren eylemler ba\u015flad\u0131. Afi\u015f, pankart asmalar ba\u015flad\u0131. Adalet Bakanl\u0131\u011f\u0131 da F tiplerinin tan\u0131t\u0131m\u0131na ba\u015flad\u0131. Bunlar yap\u0131l\u0131rken cezaevleri eylemleri oldu. Bunlar \u00f6nce a\u00e7l\u0131k grevi sonra da \u00f6l\u00fcm orucuna d\u00f6n\u00fc\u015ft\u00fc. Devletin, kendisine kar\u015f\u0131 direni\u015f olaca\u011f\u0131n\u0131 \u00f6ng\u00f6r\u00fcyorsa plan yapmas\u0131 kadar do\u011fal bir \u015fey var m\u0131? Hangileri hangi cezaevine gidecek diye plan yap\u0131lmayacak m\u0131? Plandan haberdar de\u011fildim. Ama bu operasyon s\u0131f\u0131r zayiat amac\u0131yla ba\u015flat\u0131lm\u0131\u015ft\u0131r. Direni\u015f oldu\u011fu i\u00e7in bu noktaya gelmi\u015ftir.\u201d<\/p>\n<p style=\"text-align: justify;\"><strong>Y\u00dcCEL SAYMAN : Uzla\u015fma m\u00fcmk\u00fcnd\u00fc<\/strong><\/p>\n<p style=\"text-align: justify;\">Tutuklu ve h\u00fck\u00fcml\u00fc temsilcileri ile Adalet Bakanl\u0131\u011f\u0131 aras\u0131nda arabuluculuk yapan ekipte yer alan d\u00f6nemin \u0130stanbul Barosu Ba\u015fkan\u0131 Y\u00fccel Sayman: \u201cOrada bir uzla\u015fma olsayd\u0131 operasyon yap\u0131lmayacakt\u0131. Asl\u0131nda \u00f6l\u00fcm orucunda olanlar\u0131n kabul edebilece\u011fi bir metin \u00fczerinde anla\u015fma zemini de vard\u0131. Adalet Bakan\u0131 da onay vermi\u015fti. \u0130\u00e7erideki h\u00fck\u00fcml\u00fcler Ankara\u2019dan meslek kurulu\u015flar\u0131 T\u00fcrk Tabipleri Birli\u011fi ile T\u00fcrkiye Mimar ve M\u00fchendis Odalar\u0131 Birli\u011fi temsilcilerinin de gelmesini istedi. Ben de o arkada\u015flara \u2018gelin\u2019 diye telefon ettim. Ama arkada\u015flar \u2018i\u015fleri oldu\u011funu, ertesi g\u00fcn sabah gelebileceklerini\u2019 s\u00f6ylediler. Durumu Bakan\u2019a aktard\u0131\u011f\u0131mda, \u2018Bitiyorsa bitsin, sabaha kalmaz bu i\u015f\u2019 dedi. Belki sabah beklense idi, g\u00f6r\u00fc\u015fmelerde daha olumlu bir noktaya gelinebilirdi.\u201d<\/p>\n<p style=\"text-align: justify;\"><a href=\"http:\/\/haber.gazetevatan.com\/plandan-haberim-yoktu-ben-de-gazetede-okudum\/369612\/1\/Gundem\" target=\"_blank\">Kaynak : Kemal G\u00f6kta\u015f &#8211; VATAN Gazetesi<\/a><\/p>\n","protected":false},"excerpt":{"rendered":"<p style=\"text-align: justify;\">\n<p style=\"text-align: justify;\">D\u00f6nemin Adalet Bakan\u0131 Hikmet Sami T\u00fcrk konu\u015ftu.<\/p>\n<p style=\"text-align: justify;\">F tipi cezaevlerine ge\u00e7i\u015f amac\u0131yla yap\u0131lan ve 30\u2019u mahkum, 2\u2019si asker, 32 ki\u015finin hayat\u0131n\u0131 kaybetti\u011fi operasyona ili\u015fkin jandarman\u0131n \u201cTufan\u201d ad\u0131n\u0131 verdi\u011fi plan\u0131n ortaya \u00e7\u0131kmas\u0131 b\u00fcy\u00fck bir tart\u0131\u015fma ba\u015flatt\u0131. D\u00f6nemin Adalet Bakan\u0131 Hikmet Sami T\u00fcrk ve Ceza ve Tevkif Evleri Genel M\u00fcd\u00fcr\u00fc <\/p>\n","protected":false},"author":1,"featured_media":0,"comment_status":"open","ping_status":"closed","sticky":false,"template":"","format":"standard","meta":{"footnotes":""},"categories":[105],"tags":[],"class_list":["post-30272","post","type-post","status-publish","format-standard","hentry","category-gundem","odd"],"_links":{"self":[{"href":"http:\/\/www.korhanyilmaz.com\/index.php?rest_route=\/wp\/v2\/posts\/30272","targetHints":{"allow":["GET"]}}],"collection":[{"href":"http:\/\/www.korhanyilmaz.com\/index.php?rest_route=\/wp\/v2\/posts"}],"about":[{"href":"http:\/\/www.korhanyilmaz.com\/index.php?rest_route=\/wp\/v2\/types\/post"}],"author":[{"embeddable":true,"href":"http:\/\/www.korhanyilmaz.com\/index.php?rest_route=\/wp\/v2\/users\/1"}],"replies":[{"embeddable":true,"href":"http:\/\/www.korhanyilmaz.com\/index.php?rest_route=%2Fwp%2Fv2%2Fcomments&post=30272"}],"version-history":[{"count":0,"href":"http:\/\/www.korhanyilmaz.com\/index.php?rest_route=\/wp\/v2\/posts\/30272\/revisions"}],"wp:attachment":[{"href":"http:\/\/www.korhanyilmaz.com\/index.php?rest_route=%2Fwp%2Fv2%2Fmedia&parent=30272"}],"wp:term":[{"taxonomy":"category","embeddable":true,"href":"http:\/\/www.korhanyilmaz.com\/index.php?rest_route=%2Fwp%2Fv2%2Fcategories&post=30272"},{"taxonomy":"post_tag","embeddable":true,"href":"http:\/\/www.korhanyilmaz.com\/index.php?rest_route=%2Fwp%2Fv2%2Ftags&post=30272"}],"curies":[{"name":"wp","href":"https:\/\/api.w.org\/{rel}","templated":true}]}}