{"id":30268,"date":"2011-04-07T09:33:29","date_gmt":"2011-04-07T06:33:29","guid":{"rendered":"http:\/\/www.korhanyilmaz.com\/?p=30268"},"modified":"2011-04-07T09:33:29","modified_gmt":"2011-04-07T06:33:29","slug":"arinc-ne-olur-ey-mahkemeler","status":"publish","type":"post","link":"http:\/\/www.korhanyilmaz.com\/?p=30268","title":{"rendered":"Ar\u0131n\u00e7: &#8220;Ne olur ey mahkemeler&#8230;&#8221;"},"content":{"rendered":"<p style=\"text-align: justify;\"><a href=\"http:\/\/www.korhanyilmaz.com\/wp-content\/uploads\/2011\/04\/459.jpg\"  class=\"lightview\"><img loading=\"lazy\" decoding=\"async\" class=\"aligncenter size-full wp-image-30269\" title=\"459\" src=\"http:\/\/www.korhanyilmaz.com\/wp-content\/uploads\/2011\/04\/459.jpg\" alt=\"\" width=\"307\" height=\"236\" \/><\/a><\/p>\n<p style=\"text-align: justify;\">Devlet Bakan\u0131 ve Ba\u015fbakan Yard\u0131mc\u0131s\u0131 B\u00fclent Ar\u0131n\u00e7, tutuklaman\u0131n bir tedbir oldu\u011funu, cezaya d\u00f6n\u00fc\u015fmemesi gerekti\u011fini s\u00f6yledi. ABD temaslar\u0131na Washington&#8217;da devam eden Ar\u0131n\u00e7, tutuklu gazetecilerle ilgili bir soruya verdi\u011fi yan\u0131tta &#8220;Ne olur ey mahkemeler karar\u0131n\u0131z\u0131 s\u00fcratle verin. Tek arzumuz bu mahkemenin bitmesi&#8221; dedi. <!--more--><\/p>\n<p style=\"text-align: justify;\">Ar\u0131n\u00e7, ABD&#8217;deki d\u00fc\u015f\u00fcnce kurulu\u015fu German Marshall Fund&#8217;da sorular\u0131 yan\u0131tlad\u0131.<\/p>\n<p style=\"text-align: justify;\">Bir T\u00fcrk gazetecinin T\u00fcrkiye&#8217;deki bas\u0131n \u00f6zg\u00fcrl\u00fc\u011f\u00fcne y\u00f6nelik sorusu \u00fczerine Ar\u0131n\u00e7, &#8220;Buna \u00e7ok memnun oldum, bu soruyu siz sordunuz. Demek ki Amerikal\u0131 bas\u0131n mensuplar\u0131n\u0131n b\u00f6yle bir g\u00fcndemden endi\u015feleri yok&#8221; dedi.<\/p>\n<p style=\"text-align: justify;\">T\u00fcrkiye&#8217;de bas\u0131n \u00f6zg\u00fcrl\u00fc\u011f\u00fcn\u00fcn bir ifade \u00f6zg\u00fcrl\u00fc\u011f\u00fc olarak b\u00fct\u00fcn \u00f6zg\u00fcrl\u00fcklerin \u00fczerinde \u00f6neme sahip oldu\u011funu belirten Ar\u0131n\u00e7, T\u00fcrkiye&#8217;de bir gazetecinin hi\u00e7bir zaman mesleki faaliyetlerinden dolay\u0131 su\u00e7lanmayaca\u011f\u0131n\u0131, aksi y\u00f6ndeki geli\u015fmelerin kendilerini de \u00fczece\u011fini ifade etti.<\/p>\n<p style=\"text-align: justify;\">Ar\u0131n\u00e7, &#8220;T\u00fcrkiye&#8217;de \u015fu anda gazeteci s\u0131fat\u0131n\u0131 ta\u015f\u0131yan, ancak cezaevinde bulunan 25-26 ki\u015fi oldu\u011funu&#8221; belirterek, &#8220;Bunlar\u0131n meslek olarak kar\u015f\u0131l\u0131\u011f\u0131nda gazeteci yaz\u0131yor. Ama su\u00e7land\u0131klar\u0131 konu ve mahkeme kararlar\u0131 \u015fudur: Ter\u00f6r \u00f6rg\u00fct\u00fcn\u00fcn \u00fcyesi olmak, ter\u00f6r \u00f6rg\u00fct\u00fcn\u00fcn propagandas\u0131n\u0131 yapmak, ter\u00f6r \u00f6rg\u00fct\u00fcyle ba\u011flant\u0131l\u0131 destekte bulunmak. Bir ba\u015fka y\u00f6n\u00fc de \u015fudur; gazetecidir ama adi su\u00e7 i\u015flemi\u015ftir. Herhalde tart\u0131\u015ft\u0131\u011f\u0131m\u0131z konu bu de\u011fil. Yani gazeteci olmak demek, melek olmak demek de\u011fil. Gazeteci de su\u00e7 i\u015fleyebilir, h\u0131rs\u0131zl\u0131k yapabilir, trafi\u011fe \u00e7\u0131kar canavar olabilir, o da bizim gibi insan. Avukat, m\u00fchendis neysegazeteci de o&#8221; diye konu\u015ftu.<\/p>\n<p style=\"text-align: justify;\">\u00d6nemli olan\u0131n, gazetecilerin kendi gazetecilik faaliyetlerini yaparken g\u00f6zalt\u0131na al\u0131nmamas\u0131, su\u00e7lanmamas\u0131 ve ceza verilmemesi oldu\u011funu belirten Ar\u0131n\u00e7,&#8221;T\u00fcrkiye&#8217;de baz\u0131 internet haber portallar\u0131, baz\u0131 gazeteci olarak bilinen \u015fah\u0131slar 3-4 y\u0131ldan bu yana yarg\u0131lamas\u0131 devam eden ve her g\u00fcn yeni baz\u0131 delillerle de yeni davalar a\u00e7\u0131lan bir \u00f6rg\u00fctle ba\u011flant\u0131l\u0131 olarak g\u00f6r\u00fcl\u00fcyor. Siz bunu daha \u00e7ok belki Ergenekon olarak biliyorsunuz. Ama Ergenekon ter\u00f6r \u00f6rg\u00fct\u00fc ise, ba\u015fkalar\u0131 da var. Dolay\u0131s\u0131yla yarg\u0131n\u0131n bir faaliyetinden bahsediyoruz. Gazetecidir, hatta bas\u0131n kart\u0131 sahibidir, ama gazetecilik faaliyetinden dolay\u0131 de\u011fil, bir \u00f6rg\u00fctleba\u011flant\u0131l\u0131 i\u015f yapt\u0131\u011f\u0131ndan dolay\u0131 savc\u0131n\u0131n talebi, hakimin karar\u0131yla tutuklanabilmektedir&#8221; dedi.<\/p>\n<p style=\"text-align: justify;\"><strong>&#8220;Ey mahkemeler karar\u0131n\u0131z\u0131 s\u00fcratle verin&#8221; <\/strong><\/p>\n<p style=\"text-align: justify;\">Ar\u0131n\u00e7, T\u00fcrkiye&#8217;de savc\u0131 ve hakimlerin kararlar\u0131nda ba\u011f\u0131ms\u0131z oldu\u011funu, bu kararlara kar\u015f\u0131 ancak yarg\u0131 i\u00e7erisinde itiraz edilebilece\u011fini belirterek, bu kararlara yasama ve y\u00fcr\u00fctmenin kar\u0131\u015famayaca\u011f\u0131n\u0131 ifade etti ve &#8220;T\u00fcrkiye demokratik bir \u00fclkedir, biz muz cumhuriyeti de\u011filiz&#8221; dedi.<\/p>\n<p style=\"text-align: justify;\">Ar\u0131n\u00e7, s\u00f6zlerini \u015f\u00f6yle s\u00fcrd\u00fcrd\u00fc:<\/p>\n<p style=\"text-align: justify;\">&#8220;Bu gazeteci arkada\u015flar\u0131m\u0131z, yani gazeteci s\u0131fat\u0131yla bilinen arkada\u015flar\u0131m\u0131zla ilgili bir yarg\u0131 s\u00fcreci var. Bizim tek arzumuz ve temennimiz \u015fudur; ne olur bir an evvel deliller mahkemelerde de\u011ferlendirilsin, bu mahkemebitsin ve sonucunda da su\u00e7suz olan d\u0131\u015far\u0131ya \u00e7\u0131ks\u0131n, su\u00e7lu olan varsa onlar dacezalar\u0131n\u0131 \u00e7eksinler. Yani benim yarg\u0131dan isteyebilece\u011fim tek \u015fey; ne olur ey mahkemeler karar\u0131n\u0131z\u0131 s\u00fcratle verin, insanlar i\u00e7eride tutuklu kalmas\u0131nlar demekten ibarettir. \u00c7\u00fcnk\u00fc tutuklama bir tedbirdir, tedbirin cezaya d\u00f6n\u00fc\u015fmemesi gerekir&#8221; dedi.<\/p>\n<p style=\"text-align: justify;\">Ar\u0131n\u00e7, uluslararas\u0131 baz\u0131 kurulu\u015flar\u0131n bas\u0131n \u00f6zg\u00fcrl\u00fc\u011f\u00fcnde T\u00fcrkiye&#8217;nin daha gerilere gitti\u011fine y\u00f6nelik raporlar\u0131n\u0131 sormas\u0131 \u00fczerine, &#8220;E\u011fer (bu kurulu\u015flar\u0131n raporlar\u0131n\u0131n i\u00e7erisinde adi su\u00e7lar gibi su\u00e7lar i\u015flemi\u015f gazeteciler de varsa) siz o zaman \u015funu d\u00fc\u015f\u00fcn\u00fcyor olmal\u0131s\u0131n\u0131z: Ter\u00f6r \u00f6rg\u00fct\u00fcn\u00fcn propagandas\u0131n\u0131 da yapsa ,ter\u00f6r eylemleriyle i\u015fbirli\u011fi i\u00e7inde olsa bile gazeteci yarg\u0131lanmamal\u0131,sorgulanmamal\u0131 ve su\u00e7lanmamal\u0131. Herhalde demokratik bir \u00fclke bunu d\u00fc\u015f\u00fcnmez. Hi\u00e7bir yerde ter\u00f6r \u00f6rg\u00fct\u00fcne lojistik destek sa\u011flayan insan, s\u0131fat\u0131 ne olursa olsun, isterse gazeteci bile su\u00e7 i\u015fleme imtiyaz\u0131na sahip de\u011fildir. Bana tek sorunuz \u015fu olmal\u0131, &#8216;gazetecilik faaliyetlerinden dolay\u0131 ka\u00e7 ki\u015fi yarg\u0131lan\u0131yor, ka\u00e7 ki\u015fi tutukland\u0131?&#8217;. E\u011fer burada bir rakam verirseniz ben kar\u015f\u0131l\u0131\u011f\u0131n\u0131 s\u00f6ylerim,ama bu rakam hemen hemen hi\u00e7 denecek kadar azd\u0131r.&#8221;<\/p>\n<p style=\"text-align: justify;\"><a href=\"http:\/\/www.cnnturk.com\/2011\/dunya\/04\/07\/arinc.ne.olur.ey.mahkemeler\/612450.0\/index.html\" target=\"_blank\">Kaynak : CNN T\u00dcRK<\/a><\/p>\n","protected":false},"excerpt":{"rendered":"<p style=\"text-align: justify;\">\n<p style=\"text-align: justify;\">Devlet Bakan\u0131 ve Ba\u015fbakan Yard\u0131mc\u0131s\u0131 B\u00fclent Ar\u0131n\u00e7, tutuklaman\u0131n bir tedbir oldu\u011funu, cezaya d\u00f6n\u00fc\u015fmemesi gerekti\u011fini s\u00f6yledi. ABD temaslar\u0131na Washington&#8217;da devam eden Ar\u0131n\u00e7, tutuklu gazetecilerle ilgili bir soruya verdi\u011fi yan\u0131tta &#8220;Ne olur ey mahkemeler karar\u0131n\u0131z\u0131 s\u00fcratle verin. Tek arzumuz bu mahkemenin bitmesi&#8221; dedi. <\/p>\n","protected":false},"author":1,"featured_media":0,"comment_status":"open","ping_status":"closed","sticky":false,"template":"","format":"standard","meta":{"footnotes":""},"categories":[105],"tags":[],"class_list":["post-30268","post","type-post","status-publish","format-standard","hentry","category-gundem","odd"],"_links":{"self":[{"href":"http:\/\/www.korhanyilmaz.com\/index.php?rest_route=\/wp\/v2\/posts\/30268","targetHints":{"allow":["GET"]}}],"collection":[{"href":"http:\/\/www.korhanyilmaz.com\/index.php?rest_route=\/wp\/v2\/posts"}],"about":[{"href":"http:\/\/www.korhanyilmaz.com\/index.php?rest_route=\/wp\/v2\/types\/post"}],"author":[{"embeddable":true,"href":"http:\/\/www.korhanyilmaz.com\/index.php?rest_route=\/wp\/v2\/users\/1"}],"replies":[{"embeddable":true,"href":"http:\/\/www.korhanyilmaz.com\/index.php?rest_route=%2Fwp%2Fv2%2Fcomments&post=30268"}],"version-history":[{"count":0,"href":"http:\/\/www.korhanyilmaz.com\/index.php?rest_route=\/wp\/v2\/posts\/30268\/revisions"}],"wp:attachment":[{"href":"http:\/\/www.korhanyilmaz.com\/index.php?rest_route=%2Fwp%2Fv2%2Fmedia&parent=30268"}],"wp:term":[{"taxonomy":"category","embeddable":true,"href":"http:\/\/www.korhanyilmaz.com\/index.php?rest_route=%2Fwp%2Fv2%2Fcategories&post=30268"},{"taxonomy":"post_tag","embeddable":true,"href":"http:\/\/www.korhanyilmaz.com\/index.php?rest_route=%2Fwp%2Fv2%2Ftags&post=30268"}],"curies":[{"name":"wp","href":"https:\/\/api.w.org\/{rel}","templated":true}]}}