{"id":30257,"date":"2011-04-06T18:45:33","date_gmt":"2011-04-06T15:45:33","guid":{"rendered":"http:\/\/www.korhanyilmaz.com\/?p=30257"},"modified":"2011-04-06T18:45:33","modified_gmt":"2011-04-06T15:45:33","slug":"pkk-cenazeleri-kisanak-erdogana-sert-cikti","status":"publish","type":"post","link":"http:\/\/www.korhanyilmaz.com\/?p=30257","title":{"rendered":"PKK cenazeleri: K\u0131\u015fanak Erdo\u011fan&#8217;a sert \u00e7\u0131kt\u0131"},"content":{"rendered":"<p style=\"text-align: justify;\"><a href=\"http:\/\/www.korhanyilmaz.com\/wp-content\/uploads\/2011\/04\/455.jpg\"  class=\"lightview\"><img loading=\"lazy\" decoding=\"async\" class=\"aligncenter size-full wp-image-30259\" src=\"http:\/\/www.korhanyilmaz.com\/wp-content\/uploads\/2011\/04\/455.jpg\" alt=\"\" width=\"307\" height=\"236\" \/><\/a><\/p>\n<p style=\"text-align: justify;\">Hatay&#8217;\u0131n Hassa il\u00e7esinde g\u00fcvenlik g\u00fc\u00e7leri ile girdi\u011fi \u00e7at\u0131\u015fmada \u00f6ld\u00fcr\u00fclen PKK&#8217;l\u0131 Ayd\u0131n Baran i\u00e7in k\u00f6y\u00fcnde d\u00fczenlenen cenaze t\u00f6reninde, korucu kul\u00fcbeleri ate\u015fe verildi. T\u00fcrk bayra\u011f\u0131n\u0131 yakan grup, yerine PKK bayraklar\u0131 ast\u0131. BDP Genel Ba\u015fkan Yard\u0131mc\u0131s\u0131 G\u00fcltan K\u0131\u015fanak, &#8220;Erdo\u011fan&#8217;\u0131n sonu Silivridekiler gibi olacak&#8221; dedi.<!--more--><\/p>\n<p style=\"text-align: justify;\">Hatay&#8217;\u0131n Hassa il\u00e7esinde g\u00fcvenlik g\u00fc\u00e7leriyle girdi\u011fi \u00e7at\u0131\u015fmada \u00f6ld\u00fcr\u00fclen 7 PKK&#8217;l\u0131 aras\u0131nda bulunan &#8216;Mazlum Amed&#8217; kod adl\u0131 Ayd\u0131n Baran i\u00e7in Diyarbak\u0131r&#8217;\u0131n Ergani il\u00e7esine ba\u011fl\u0131 Kesenta\u015f K\u00f6y\u00fc&#8217;nde t\u00f6ren d\u00fczenlendi.<\/p>\n<p style=\"text-align: justify;\">Diyarbak\u0131r&#8217;dan 225 ara\u00e7l\u0131k konvoyla Ergani&#8217;ye g\u00f6t\u00fcr\u00fclen cenaze nedeniyle, il\u00e7ede esnaf kepenk a\u00e7mad\u0131.<\/p>\n<p style=\"text-align: justify;\">BDP Genel Ba\u015fkan Yard\u0131mc\u0131s\u0131 G\u00fclten K\u0131\u015fanak ile kapat\u0131lan DTP d\u00f6neminde kurulan &#8216;Demokratik Toplum Kongresi&#8217;nin Genel Ba\u015fkan Yard\u0131mc\u0131s\u0131 Aysel Tu\u011fluk&#8217;un da aralar\u0131nda bulundu\u011fu grup, PKK&#8217;y\u0131 simgeleyen bezleri a\u00e7arak, Kesenta\u015f K\u00f6y\u00fc&#8217;ne do\u011fru y\u00fcr\u00fcy\u00fc\u015fe ge\u00e7ti.<\/p>\n<p style=\"text-align: justify;\">\u00c7at\u0131\u015fmada \u00f6ld\u00fcr\u00fclen PKK&#8217;l\u0131lar\u0131n foto\u011fraflar\u0131n\u0131 ta\u015f\u0131yan ve &#8216;\u0130ntikam&#8217; sloganlar\u0131 atan y\u00fczleri kapal\u0131 grup, \u00e7evrede g\u00fcvenlik \u00f6nlemi alan polise havai fi\u015fekler ve ta\u015flarla sald\u0131rmaya ba\u015flad\u0131.<\/p>\n<p style=\"text-align: justify;\">Ergani \u0130l\u00e7e Jandarma Komutanl\u0131\u011f\u0131 binas\u0131na da havai fi\u015feklerle sald\u0131ran gruba, polis, gaz bombas\u0131 kullanarak m\u00fcdahale etti.<\/p>\n<p style=\"text-align: justify;\"><strong>T\u00fcrk bayra\u011f\u0131n\u0131 yakt\u0131lar <\/strong><\/p>\n<p style=\"text-align: justify;\">Polis m\u00fcdahalesi ard\u0131ndan, &#8216;K\u00fcrdistan \u015fehitleri \u00f6l\u00fcms\u00fczd\u00fcr&#8217; pankart\u0131 a\u00e7an ve PKK&#8217;l\u0131n\u0131n cenazesinin ta\u015f\u0131nd\u0131\u011f\u0131 ara\u00e7la birlikte y\u00fcr\u00fcy\u00fc\u015fe devam eden grup, bir s\u00fcre sonra ara\u00e7lara binerek Kesenta\u015f K\u00f6y\u00fc&#8217;ne gitti.<\/p>\n<p style=\"text-align: justify;\">K\u00f6y mezarl\u0131\u011f\u0131nda d\u00fczenlenen t\u00f6ren s\u00fcrerken, y\u00fczlerini bez par\u00e7alar\u0131yla kapatan bir grup, k\u00f6y\u00fcn giri\u015f ve \u00e7\u0131k\u0131\u015f\u0131nda bulunan 2 korucu kul\u00fcbesini ate\u015fe verdi.<\/p>\n<p style=\"text-align: justify;\">T\u00fcrk bayraklar\u0131n\u0131 indirip yakan grup, daha sonra PKK flamalar\u0131n\u0131 kul\u00fcbenin \u00f6n\u00fcndeki direklere ast\u0131.<\/p>\n<p style=\"text-align: justify;\">K\u00f6y mezarl\u0131\u011f\u0131nda k\u0131l\u0131nan cenaze namaz\u0131 ard\u0131ndan PKK bayra\u011f\u0131na sar\u0131l\u0131 Baran&#8217;\u0131n cenazesi, &#8216;\u0130ntikam&#8217; sloganlar\u0131 e\u015fli\u011finde topra\u011fa verildi.<\/p>\n<p style=\"text-align: justify;\">DTK Genel Ba\u015fkan Yard\u0131mc\u0131s\u0131 Aysel Tu\u011fluk, defin i\u015fleminin ard\u0131ndan bir konu\u015fma yapt\u0131.<\/p>\n<p style=\"text-align: justify;\">Tu\u011fluk, &#8220;Can\u0131m\u0131zdan bir par\u00e7a daha kaybettik. Hepimizin ba\u015f\u0131 sa\u011folsun. Yine bize d\u00fc\u015fen \u00f6l\u00fcm oldu. Bize reva g\u00f6r\u00fclen, kur\u015fun, zul\u00fcm, inkar ve bask\u0131 politikalar\u0131 oluyor. Sonuna kadar bu isyan\u0131n\u0131zda hakl\u0131s\u0131n\u0131z&#8221; dedi.<\/p>\n<p style=\"text-align: justify;\">BDP Genel Ba\u015fkan\u0131 G\u00fcltan K\u0131\u015fanak ise, Ba\u015fbakan Erdo\u011fan&#8217;\u0131 sert s\u00f6zlerle ele\u015ftirdi.<\/p>\n<p style=\"text-align: justify;\">Kay\u0131plar\u0131n\u0131n ve \u00fcz\u00fcnt\u00fclerinin b\u00fcy\u00fck oldu\u011funu s\u00f6yleyen K\u0131\u015fanak \u015f\u00f6yle dedi: &#8220;Tayyip Erdo\u011fan \u00f6ld\u00fcrerek bitirece\u011fini san\u0131yorsa, \u015fimdiden kaybetti. Gidece\u011fi yer Kenan Evren&#8217;in yeridir. Onlarca, y\u00fczlerce MGK toplant\u0131lar\u0131 yapt\u0131lar. H\u00fck\u00fcmetleri, ordular\u0131 istihbarat \u00f6rg\u00fctleri yan yana geldi tasfiye planlar\u0131 yapt\u0131lar. Bug\u00fcn geldikleri nokta neresi. \u0130\u015fte hepsi Silivri&#8217;de, hepsi utanc\u0131ndan konu\u015fam\u0131yor. Tayyip Erdo\u011fan sonun b\u00f6yle olacak. T\u0131pk\u0131 konu\u015famayanlar gibi, haf\u0131zam\u0131 yitirdik diye adaletten ka\u00e7arlar\u0131n durumuna d\u00fc\u015fersin. \u00d6l\u00fcmde \u0131srar etmek, kendini \u00f6l\u00fcme s\u00fcr\u00fcklemektir.&#8221;<\/p>\n<p style=\"text-align: justify;\"><a href=\"http:\/\/www.cnnturk.com\/2011\/turkiye\/04\/06\/pkk.cenazeleri.kisanak.erdogana.sert.cikti\/612428.0\/index.html\" target=\"_blank\">Kaynak : CNN T\u00dcRK<\/a><\/p>\n","protected":false},"excerpt":{"rendered":"<p style=\"text-align: justify;\">\n<p style=\"text-align: justify;\">Hatay&#8217;\u0131n Hassa il\u00e7esinde g\u00fcvenlik g\u00fc\u00e7leri ile girdi\u011fi \u00e7at\u0131\u015fmada \u00f6ld\u00fcr\u00fclen PKK&#8217;l\u0131 Ayd\u0131n Baran i\u00e7in k\u00f6y\u00fcnde d\u00fczenlenen cenaze t\u00f6reninde, korucu kul\u00fcbeleri ate\u015fe verildi. T\u00fcrk bayra\u011f\u0131n\u0131 yakan grup, yerine PKK bayraklar\u0131 ast\u0131. BDP Genel Ba\u015fkan Yard\u0131mc\u0131s\u0131 G\u00fcltan K\u0131\u015fanak, &#8220;Erdo\u011fan&#8217;\u0131n sonu Silivridekiler gibi olacak&#8221; dedi.<\/p>\n","protected":false},"author":1,"featured_media":0,"comment_status":"open","ping_status":"closed","sticky":false,"template":"","format":"standard","meta":{"footnotes":""},"categories":[105],"tags":[],"class_list":["post-30257","post","type-post","status-publish","format-standard","hentry","category-gundem","odd"],"_links":{"self":[{"href":"http:\/\/www.korhanyilmaz.com\/index.php?rest_route=\/wp\/v2\/posts\/30257","targetHints":{"allow":["GET"]}}],"collection":[{"href":"http:\/\/www.korhanyilmaz.com\/index.php?rest_route=\/wp\/v2\/posts"}],"about":[{"href":"http:\/\/www.korhanyilmaz.com\/index.php?rest_route=\/wp\/v2\/types\/post"}],"author":[{"embeddable":true,"href":"http:\/\/www.korhanyilmaz.com\/index.php?rest_route=\/wp\/v2\/users\/1"}],"replies":[{"embeddable":true,"href":"http:\/\/www.korhanyilmaz.com\/index.php?rest_route=%2Fwp%2Fv2%2Fcomments&post=30257"}],"version-history":[{"count":0,"href":"http:\/\/www.korhanyilmaz.com\/index.php?rest_route=\/wp\/v2\/posts\/30257\/revisions"}],"wp:attachment":[{"href":"http:\/\/www.korhanyilmaz.com\/index.php?rest_route=%2Fwp%2Fv2%2Fmedia&parent=30257"}],"wp:term":[{"taxonomy":"category","embeddable":true,"href":"http:\/\/www.korhanyilmaz.com\/index.php?rest_route=%2Fwp%2Fv2%2Fcategories&post=30257"},{"taxonomy":"post_tag","embeddable":true,"href":"http:\/\/www.korhanyilmaz.com\/index.php?rest_route=%2Fwp%2Fv2%2Ftags&post=30257"}],"curies":[{"name":"wp","href":"https:\/\/api.w.org\/{rel}","templated":true}]}}