{"id":30254,"date":"2011-04-06T15:18:47","date_gmt":"2011-04-06T12:18:47","guid":{"rendered":"http:\/\/www.korhanyilmaz.com\/?p=30254"},"modified":"2011-04-06T15:18:47","modified_gmt":"2011-04-06T12:18:47","slug":"lysde-sifre-protestosu","status":"publish","type":"post","link":"http:\/\/www.korhanyilmaz.com\/?p=30254","title":{"rendered":"LYS&#8217;de \u015fifre protestosu!"},"content":{"rendered":"<p style=\"text-align: justify;\"><a href=\"http:\/\/www.korhanyilmaz.com\/wp-content\/uploads\/2011\/04\/457.jpg\"  class=\"lightview\"><img loading=\"lazy\" decoding=\"async\" class=\"aligncenter size-full wp-image-30255\" src=\"http:\/\/www.korhanyilmaz.com\/wp-content\/uploads\/2011\/04\/457.jpg\" alt=\"\" width=\"420\" height=\"210\" \/><\/a><\/p>\n<p style=\"text-align: justify;\">Y\u00dcKSEK \u00d6\u011fretime Ge\u00e7i\u015f S\u0131nav\u0131\u2019ndaki (YGS) \u015fifre iddialar\u0131n\u0131n yank\u0131lar\u0131 s\u00fcrerken, Van\u2019da dersane \u00f6\u011frencileri \u00d6SYM\u2019yi k\u0131namak i\u00e7in bas\u0131n a\u00e7\u0131klamas\u0131 yap\u0131p, kalemlerini k\u0131rd\u0131. Eylemde Fethullah G\u00fclen ve \u00d6SYM aleyhine at\u0131lan sloganlar at\u0131ld\u0131.<!--more--><\/p>\n<p style=\"text-align: justify;\">Hac\u0131bekir Caddesi\u2019nde toplanan \u00e7e\u015fitli dersanelerde \u00fcniversite s\u0131navlar\u0131na haz\u0131rlanan yakla\u015f\u0131k 1000 \u00f6\u011frenci, ellerindeki defter, pankart ve kalemler oldu\u011fu halde y\u00fcr\u00fcy\u00fc\u015fe ge\u00e7ti. \u00d6\u011frenciler, y\u00fcr\u00fc\u015f boyunca \u2019\u00d6SYM\u2019nin Demir\u2019i Fetullah\u2019\u0131n emiri\u2019, \u2019\u00d6SYM\u2019yi Zaman aklar\u2019, \u2019Soruyu bir bilene, bir de G\u00fclen\u2019e sor\u2019 yaz\u0131l\u0131 d\u00f6vizler ta\u015f\u0131y\u0131p, sloganlar atarken, y\u00fcr\u00fcy\u00fc\u015f boyunca da &#8220;\u00d6SYM\u2019de S\u0131z\u0131nt\u0131 var&#8221; pankart\u0131 ta\u015f\u0131nd\u0131. Cumhuriyet Caddesi \u00fczerindeki Sanat Sokak\u2019a kadar y\u00fcr\u00fcyen \u00f6\u011frenciler burada bas\u0131n a\u00e7\u0131klamas\u0131 yapt\u0131. \u00d6\u011frenciler ad\u0131na konu\u015fan bir lise \u00f6\u011frencisi, yap\u0131lan haks\u0131zl\u0131\u011fa kar\u015f\u0131 eylemlerini s\u00fcrd\u00fcreceklerini s\u00f6yledi.<\/p>\n<p style=\"text-align: justify;\">\u00d6SYM\u2019nin 1.5 milyon gencin hayat\u0131yla oynad\u0131\u011f\u0131n\u0131 s\u00f6yleyen \u00f6\u011frenci, &#8220;Ki\u015fiye \u00f6zel kitap\u00e7\u0131k basarak de\u011fil kopyay\u0131 \u00f6nlemek, aksine istenilen ki\u015filere kopyay\u0131 a\u00e7\u0131k a\u00e7\u0131k vermektir. \u00d6SYM\u2019ye g\u00fcvenmiyoruz. \u00c7\u00fcnk\u00fc sicili bozuktur. Bu skandallar\u0131n hesab\u0131 sorulmal\u0131 ve \u00d6SYM Ba\u015fkan\u0131 istifa etmelidir. Ayr\u0131ca s\u0131nav g\u00fcvenli\u011fini sa\u011flayamayan h\u00fck\u00fcmet de istifa etmelidir. Bu skandallara boyun e\u011fers, g\u00f6rmezden gelirsek, herg\u00fcn yeni bir skadalla ya\u015famak zorunda kal\u0131r\u0131z. Bu haks\u0131zl\u0131\u011fa boyun e\u011fmeyece\u011fiz&#8221; dedi.<\/p>\n<p style=\"text-align: justify;\">A\u00e7\u0131klama ard\u0131ndan \u00f6\u011frenciler kalemlerini k\u0131r\u0131p, YGS cevap kitap\u00e7\u0131\u011f\u0131n\u0131 yakt\u0131. Yine slogan atarak y\u00fcr\u00fcyen \u00f6\u011frenciler k\u0131sa s\u00fcreli oturma eyleminden sonra Valili\u011fin bulundu\u011fu Be\u015fyol\u2019a y\u00fcr\u00fcmek istedi. Ancak polisin izin vermemesi \u00fczerine \u00f6\u011frenciler sessizce da\u011f\u0131ld\u0131.<\/p>\n<p style=\"text-align: justify;\"><a href=\"http:\/\/haber.gazetevatan.com\/lysde-sifre-protestosu\/369547\/1\/Gundem\" target=\"_blank\">Kaynak : VATAN Gazetesi<\/a><\/p>\n","protected":false},"excerpt":{"rendered":"<p style=\"text-align: justify;\">\n<p style=\"text-align: justify;\">Y\u00dcKSEK \u00d6\u011fretime Ge\u00e7i\u015f S\u0131nav\u0131\u2019ndaki (YGS) \u015fifre iddialar\u0131n\u0131n yank\u0131lar\u0131 s\u00fcrerken, Van\u2019da dersane \u00f6\u011frencileri \u00d6SYM\u2019yi k\u0131namak i\u00e7in bas\u0131n a\u00e7\u0131klamas\u0131 yap\u0131p, kalemlerini k\u0131rd\u0131. Eylemde Fethullah G\u00fclen ve \u00d6SYM aleyhine at\u0131lan sloganlar at\u0131ld\u0131.<\/p>\n","protected":false},"author":1,"featured_media":0,"comment_status":"open","ping_status":"closed","sticky":false,"template":"","format":"standard","meta":{"footnotes":""},"categories":[105],"tags":[],"class_list":["post-30254","post","type-post","status-publish","format-standard","hentry","category-gundem","odd"],"_links":{"self":[{"href":"http:\/\/www.korhanyilmaz.com\/index.php?rest_route=\/wp\/v2\/posts\/30254","targetHints":{"allow":["GET"]}}],"collection":[{"href":"http:\/\/www.korhanyilmaz.com\/index.php?rest_route=\/wp\/v2\/posts"}],"about":[{"href":"http:\/\/www.korhanyilmaz.com\/index.php?rest_route=\/wp\/v2\/types\/post"}],"author":[{"embeddable":true,"href":"http:\/\/www.korhanyilmaz.com\/index.php?rest_route=\/wp\/v2\/users\/1"}],"replies":[{"embeddable":true,"href":"http:\/\/www.korhanyilmaz.com\/index.php?rest_route=%2Fwp%2Fv2%2Fcomments&post=30254"}],"version-history":[{"count":0,"href":"http:\/\/www.korhanyilmaz.com\/index.php?rest_route=\/wp\/v2\/posts\/30254\/revisions"}],"wp:attachment":[{"href":"http:\/\/www.korhanyilmaz.com\/index.php?rest_route=%2Fwp%2Fv2%2Fmedia&parent=30254"}],"wp:term":[{"taxonomy":"category","embeddable":true,"href":"http:\/\/www.korhanyilmaz.com\/index.php?rest_route=%2Fwp%2Fv2%2Fcategories&post=30254"},{"taxonomy":"post_tag","embeddable":true,"href":"http:\/\/www.korhanyilmaz.com\/index.php?rest_route=%2Fwp%2Fv2%2Ftags&post=30254"}],"curies":[{"name":"wp","href":"https:\/\/api.w.org\/{rel}","templated":true}]}}