{"id":30250,"date":"2011-04-06T15:37:33","date_gmt":"2011-04-06T12:37:33","guid":{"rendered":"http:\/\/www.korhanyilmaz.com\/?p=30250"},"modified":"2011-04-06T15:37:33","modified_gmt":"2011-04-06T12:37:33","slug":"esin-oldu-bana-kaldin-diyerek-taciz-etti","status":"publish","type":"post","link":"http:\/\/www.korhanyilmaz.com\/?p=30250","title":{"rendered":"&#8216;E\u015fin \u00f6ld\u00fc bana kald\u0131n&#8217; diyerek taciz etti"},"content":{"rendered":"<p style=\"text-align: center;\"><a href=\"http:\/\/www.korhanyilmaz.com\/wp-content\/uploads\/2011\/04\/456.jpg\"  class=\"lightview\"><img loading=\"lazy\" decoding=\"async\" class=\"aligncenter size-full wp-image-30251\" src=\"http:\/\/www.korhanyilmaz.com\/wp-content\/uploads\/2011\/04\/456.jpg\" alt=\"\" width=\"414\" height=\"220\" \/><\/a><\/p>\n<p style=\"text-align: justify;\">Zonguldak\u2019ta 17 May\u0131s 2010\u2019daki grizu patlamas\u0131nda ya\u015fam\u0131n\u0131 yitiren 30 madenci aras\u0131ndaki Kadir \u00d6tg\u00fc\u00e7\u2019\u00fcn e\u015fini taciz etti\u011fi \u00f6ne s\u00fcr\u00fclen kay\u0131npederi tutukland\u0131.<\/p>\n<p style=\"text-align: justify;\">ZONGULDAK- Al\u0131nan bilgiye g\u00f6re, T\u00fcrkiye Ta\u015fk\u00f6m\u00fcr\u00fc Kurumu (TTK) Karadon M\u00fcessese M\u00fcd\u00fcrl\u00fc\u011f\u00fc maden oca\u011f\u0131nda 17 May\u0131s 2010\u2019da meydana gelen grizu patlamas\u0131nda hayat\u0131n\u0131 kaybeden madencilerden Kadir \u00d6tg\u00fc\u00e7\u2019\u00fcn (32), 23 ya\u015f\u0131ndaki e\u015fi F. \u00d6tg\u00fc\u00e7, \u00c7aycuma il\u00e7esinde birlikte ya\u015fad\u0131\u011f\u0131 kay\u0131npederi hakk\u0131nda cinsel taciz iddias\u0131yla \u015fikayette bulundu. <!--more--><\/p>\n<p style=\"text-align: justify;\">Patlamadan 17 g\u00fcn sonra \u00c7aycuma Devlet Hastanesi&#8217;nde erkek \u00e7ocu\u011fu d\u00fcnyaya getiren \u00d6tg\u00fc\u00e7\u2019\u00fcn \u015fikayeti \u00fczerine g\u00f6zalt\u0131na al\u0131nan e\u015finin babas\u0131 M. \u00d6tg\u00fc\u00e7 (65), jandarma taraf\u0131ndan sorgulanmas\u0131n\u0131n ard\u0131ndan \u00e7\u0131kar\u0131ld\u0131\u011f\u0131 mahkemece tutukland\u0131.<\/p>\n<p style=\"text-align: justify;\">\u0130kinci \u00e7ocu\u011funu g\u00f6remeden \u00f6len e\u015finin ad\u0131n\u0131 verdi\u011fi o\u011flu ve 5 ya\u015f\u0131ndaki \u00e7ocu\u011fuyla kay\u0131npederinin evinde ya\u015famay\u0131 s\u00fcrd\u00fcren F. \u00d6tg\u00fc\u00e7, yapt\u0131\u011f\u0131 a\u00e7\u0131klamada, ailesinin kendisini kabul etmedi\u011finden \u00e7ocuklar\u0131yla birlikte kay\u0131npederinin evinde ya\u015famaya devam etti\u011fini s\u00f6yledi.<\/p>\n<p style=\"text-align: justify;\">Ailesinin &#8220;\u00e7ocuklar\u0131n\u0131 b\u0131rak \u00f6yle gel&#8221; dedi\u011fini ve kendisine sahip \u00e7\u0131kmad\u0131klar\u0131n\u0131 savunan F. \u00d6tg\u00fc\u00e7, &#8220;E\u015fimin \u00f6l\u00fcm\u00fcn\u00fcn ard\u0131ndan kay\u0131npederim \u2019bana kald\u0131n\u2019 diyerek beni taciz etmeye ba\u015flad\u0131&#8221; dedi.<\/p>\n<p style=\"text-align: justify;\">Daha sonra kay\u0131npederinin tacizlerini s\u00fcrd\u00fcrd\u00fc\u011f\u00fcn\u00fc ve kendisine tecav\u00fcz etmeye kalk\u0131\u015ft\u0131\u011f\u0131n\u0131 \u00f6ne s\u00fcren F. \u00d6tg\u00fc\u00e7, &#8220;Bunun \u00fczerine kavga ettik. Kay\u0131nvalidem o d\u00f6nem bana destek oldu. Tacizler nedeniyle jandarmaya \u015fikayetimin ard\u0131ndan kay\u0131npederim tutukland\u0131. \u015eu anda kay\u0131npederimin evinde ya\u015famay\u0131 s\u00fcrd\u00fcr\u00fcyorum.<\/p>\n<p style=\"text-align: justify;\">\u00c7\u00fcnk\u00fc ailem bana destek olmuyor. Benden \u00e7ocuklar\u0131m\u0131 yan\u0131mda getirmememi istiyorlar. Babalar\u0131 \u00f6len evlatlar\u0131m\u0131 bir de annesiz b\u0131rakamam&#8221; diye konu\u015ftu.<\/p>\n<p style=\"text-align: justify;\">E\u015finin \u00f6l\u00fcm\u00fcn\u00fcn ard\u0131ndan devletin kendilerine verdi\u011fi yard\u0131m paralar\u0131n\u0131 da kay\u0131npederinin ald\u0131\u011f\u0131n\u0131 iddia eden \u00d6tg\u00fc\u00e7, &#8220;Sadece 5 bin lira ald\u0131. \u00c7ocuklar\u0131m\u0131n hi\u00e7bir ihtiyac\u0131n\u0131 da kar\u015f\u0131lamad\u0131&#8221; dedi.<\/p>\n<p style=\"text-align: justify;\"><strong>BABALAR G\u00dcN\u00dc\u2019NDE KONU\u015eMU\u015eTU<\/strong><\/p>\n<p style=\"text-align: justify;\">Ge\u00e7en y\u0131l Babalar G\u00fcn\u00fc \u00f6ncesi gelini, e\u015fi ve torunlar\u0131yla, o\u011flunun mezar\u0131n\u0131 ziyaret ederek dua eden emekli maden i\u015f\u00e7isi M. \u00d6tg\u00fc\u00e7, Babalar G\u00fcn\u00fc\u2019nde o\u011flunun yan\u0131nda olamamas\u0131n\u0131n \u00fcz\u00fcnt\u00fcs\u00fcn\u00fc ya\u015fad\u0131\u011f\u0131n\u0131 ifade ederek, &#8220;Her Babalar G\u00fcn\u00fc\u2019nde elimi \u00f6perdi. \u015eimdi g\u00f6n\u00fcller k\u0131r\u0131k, moralimiz bozuk. \u00c7ocu\u011fum k\u00f6r\u00fc k\u00f6r\u00fcne \u00f6ld\u00fc. Torunlar\u0131m babalar\u0131 yerine benim elimi \u00f6pecekler&#8221; demi\u015fti.<\/p>\n<p style=\"text-align: justify;\"><a href=\"http:\/\/www.gazeteport.com.tr\/GUNCEL\/NEWS\/GP_882607\" target=\"_blank\">Kaynak : GAZETEPORT<\/a><\/p>\n","protected":false},"excerpt":{"rendered":"<p style=\"text-align: center;\">\n<p style=\"text-align: justify;\">Zonguldak\u2019ta 17 May\u0131s 2010\u2019daki grizu patlamas\u0131nda ya\u015fam\u0131n\u0131 yitiren 30 madenci aras\u0131ndaki Kadir \u00d6tg\u00fc\u00e7\u2019\u00fcn e\u015fini taciz etti\u011fi \u00f6ne s\u00fcr\u00fclen kay\u0131npederi tutukland\u0131.<\/p>\n<p style=\"text-align: justify;\">ZONGULDAK- Al\u0131nan bilgiye g\u00f6re, T\u00fcrkiye Ta\u015fk\u00f6m\u00fcr\u00fc Kurumu (TTK) Karadon M\u00fcessese M\u00fcd\u00fcrl\u00fc\u011f\u00fc maden oca\u011f\u0131nda 17 May\u0131s 2010\u2019da meydana gelen grizu patlamas\u0131nda hayat\u0131n\u0131 kaybeden madencilerden Kadir \u00d6tg\u00fc\u00e7\u2019\u00fcn (32), 23 ya\u015f\u0131ndaki <\/p>\n","protected":false},"author":1,"featured_media":0,"comment_status":"open","ping_status":"closed","sticky":false,"template":"","format":"standard","meta":{"footnotes":""},"categories":[105],"tags":[],"class_list":["post-30250","post","type-post","status-publish","format-standard","hentry","category-gundem","odd"],"_links":{"self":[{"href":"http:\/\/www.korhanyilmaz.com\/index.php?rest_route=\/wp\/v2\/posts\/30250","targetHints":{"allow":["GET"]}}],"collection":[{"href":"http:\/\/www.korhanyilmaz.com\/index.php?rest_route=\/wp\/v2\/posts"}],"about":[{"href":"http:\/\/www.korhanyilmaz.com\/index.php?rest_route=\/wp\/v2\/types\/post"}],"author":[{"embeddable":true,"href":"http:\/\/www.korhanyilmaz.com\/index.php?rest_route=\/wp\/v2\/users\/1"}],"replies":[{"embeddable":true,"href":"http:\/\/www.korhanyilmaz.com\/index.php?rest_route=%2Fwp%2Fv2%2Fcomments&post=30250"}],"version-history":[{"count":0,"href":"http:\/\/www.korhanyilmaz.com\/index.php?rest_route=\/wp\/v2\/posts\/30250\/revisions"}],"wp:attachment":[{"href":"http:\/\/www.korhanyilmaz.com\/index.php?rest_route=%2Fwp%2Fv2%2Fmedia&parent=30250"}],"wp:term":[{"taxonomy":"category","embeddable":true,"href":"http:\/\/www.korhanyilmaz.com\/index.php?rest_route=%2Fwp%2Fv2%2Fcategories&post=30250"},{"taxonomy":"post_tag","embeddable":true,"href":"http:\/\/www.korhanyilmaz.com\/index.php?rest_route=%2Fwp%2Fv2%2Ftags&post=30250"}],"curies":[{"name":"wp","href":"https:\/\/api.w.org\/{rel}","templated":true}]}}