{"id":30246,"date":"2011-04-06T17:29:23","date_gmt":"2011-04-06T14:29:23","guid":{"rendered":"http:\/\/www.korhanyilmaz.com\/?p=30246"},"modified":"2011-04-06T17:29:23","modified_gmt":"2011-04-06T14:29:23","slug":"vali-jilet-parasini-da-devlete-odetmis","status":"publish","type":"post","link":"http:\/\/www.korhanyilmaz.com\/?p=30246","title":{"rendered":"Vali jilet paras\u0131n\u0131 da devlete \u00f6detmi\u015f!.."},"content":{"rendered":"<p style=\"text-align: justify;\"><a href=\"http:\/\/www.korhanyilmaz.com\/wp-content\/uploads\/2011\/04\/454.jpg\"  class=\"lightview\"><img loading=\"lazy\" decoding=\"async\" class=\"aligncenter size-full wp-image-30247\" src=\"http:\/\/www.korhanyilmaz.com\/wp-content\/uploads\/2011\/04\/454.jpg\" alt=\"\" width=\"312\" height=\"228\" \/><\/a><\/p>\n<p style=\"text-align: justify;\">Tunceli Valisi oldu\u011fu d\u00f6nemde da\u011f\u0131tt\u0131\u011f\u0131 beyaz e\u015fya ile g\u00fcndeme gelen K\u0131rklareli Valisi Mustafa Yaman&#8217;\u0131n, Tunceli&#8217;de g\u00f6rev yapt\u0131\u011f\u0131 d\u00f6nemle ilgili Say\u0131\u015ftay denet\u00e7ilerinin haz\u0131rlad\u0131\u011f\u0131 raporda, t\u0131ra\u015f i\u00e7in kulland\u0131\u011f\u0131 jilet dahil olmak \u00fczere, du\u015f jeli, di\u015f macunu, banyo sabunu gibi ki\u015fisel bak\u0131m malzemelerin paras\u0131n\u0131 devlete \u00f6detti\u011fi ileri s\u00fcr\u00fcld\u00fc. <!--more--><\/p>\n<p style=\"text-align: justify;\">Raporda, ayn\u0131 d\u00f6nemde anaokulu yap\u0131m\u0131 s\u0131ras\u0131nda ihalede us\u00fcls\u00fczl\u00fck yap\u0131ld\u0131\u011f\u0131 ve devletin 570 bin lira zarara u\u011frad\u0131\u011f\u0131 belirtildi.<\/p>\n<p style=\"text-align: justify;\">Tunceli&#8217;de g\u00f6rev yaparken, 2009 y\u0131l\u0131nda yap\u0131lan yerel se\u00e7imler \u00f6ncesinde beyaz e\u015fya da\u011f\u0131t\u0131m\u0131yla g\u00fcndeme gelen K\u0131rklareli Valisi Mustafa Yaman&#8217;\u0131n, Tunceli&#8217;de g\u00f6rev yapt\u0131\u011f\u0131 2009 y\u0131l\u0131na ait \u00d6zel \u0130dare Genel Sekterli\u011fi hesaplar\u0131 \u00fczerine Say\u0131\u015ftay denet\u00e7ileri taraf\u0131ndan denetleme tamamland\u0131.<\/p>\n<p style=\"text-align: justify;\">Denet\u00e7ilerin Valilik ve \u00d6zel \u0130dare Genel Sekreterli\u011fi&#8217;ne g\u00f6nderdi\u011fi rapora g\u00f6re, Tunceli&#8217;de g\u00f6rev yapt\u0131\u011f\u0131 2.5 y\u0131l i\u00e7inde e\u015fi Ankara&#8217;da bulunan ve Valilik Konutu&#8217;nda yaln\u0131z kalan Yaman&#8217;\u0131n talebi \u00fczerine valilik konutunda kullan\u0131lmak \u00fczere bir\u00e7ok ki\u015fisel malzemenin \u00d6zel \u0130dare Genel Sekreterli\u011fi taraf\u0131ndan al\u0131nd\u0131\u011f\u0131 tespit edildi.<\/p>\n<p style=\"text-align: justify;\">T\u0131ra\u015f jileti ve el kreminin dahi al\u0131nd\u0131\u011f\u0131 belirleyen Say\u0131\u015ftan denet\u00e7ilerinin haz\u0131rlad\u0131\u011f\u0131 raporda, \u015f\u00f6yle denildi:<\/p>\n<p style=\"text-align: justify;\">&#8220;Jilet, el kremi, \u015fampuan, el kremi, di\u015f macunu, banyo sabunu, tra\u015f jeli, bornoz ve du\u015f jeli gibi temizlik \u00fcr\u00fcnlerinin al\u0131nd\u0131\u011f\u0131 ve bedelinin de \u00f6zel idare b\u00fct\u00e7esinden kar\u015f\u0131land\u0131\u011f\u0131 tespit edilmi\u015ftir. Y\u00f6netmelik h\u00fck\u00fcmleri gere\u011fince vali kona\u011f\u0131n\u0131n temizlik giderleri ilgili kurumca kar\u015f\u0131lanacakt\u0131r. Ancak bu temizlik giderleri aras\u0131nda ki\u015fisel temizlik malzemeleri yer almamaktad\u0131r.<\/p>\n<p style=\"text-align: justify;\">A\u00e7\u0131klanan nedenlerle valilik kona\u011f\u0131nda kullan\u0131lmak \u00fczere al\u0131nan temizlik malzemeleri aras\u0131nda yer alan ki\u015fisel temizlik ihtiya\u00e7lar\u0131n\u0131 i\u00e7eren \u00fcr\u00fcnlerin bulunmas\u0131 nedeniyle a\u015fa\u011f\u0131da hesaplar\u0131 \u00e7\u0131kar\u0131lan temizlik malzemelerinden dolay\u0131 toplam 1865 lira 40 kuru\u015f kamu zarar\u0131na sebebiyet verildi\u011fi i\u00e7in bu paralar\u0131n zarara sebebiyet veren ki\u015filerden tahsil edilmesi karar\u0131na var\u0131lm\u0131\u015ft\u0131r.&#8221;<\/p>\n<p style=\"text-align: justify;\">Say\u0131\u015ftay denet\u00e7ilerinin raporunda, Vali Mustafa Yaman&#8217;\u0131n ki\u015fisel temizlik malzemelerinin maliyeti olan 1865 lira 40 kuru\u015fun al\u0131m\u0131 yapan d\u00f6nemin \u00d6zel \u0130dare Genel Sekreteri Mehmet Tun\u00e7, \u0130nsan Kaynaklar\u0131 ve E\u011fitim \u015eube M\u00fcd\u00fcr\u00fc Ruhi \u0130pek G\u00fcrb\u00fcz taraf\u0131ndan tahsil edilmesi istendi.<\/p>\n<p style=\"text-align: justify;\"><a href=\"http:\/\/www.cnnturk.com\/2011\/turkiye\/04\/06\/vali.jilet.parasini.da.devlete.odetmis\/612416.0\/index.html\" target=\"_blank\">Kaynak : CNN T\u00dcRK<\/a><\/p>\n","protected":false},"excerpt":{"rendered":"<p style=\"text-align: justify;\">\n<p style=\"text-align: justify;\">Tunceli Valisi oldu\u011fu d\u00f6nemde da\u011f\u0131tt\u0131\u011f\u0131 beyaz e\u015fya ile g\u00fcndeme gelen K\u0131rklareli Valisi Mustafa Yaman&#8217;\u0131n, Tunceli&#8217;de g\u00f6rev yapt\u0131\u011f\u0131 d\u00f6nemle ilgili Say\u0131\u015ftay denet\u00e7ilerinin haz\u0131rlad\u0131\u011f\u0131 raporda, t\u0131ra\u015f i\u00e7in kulland\u0131\u011f\u0131 jilet dahil olmak \u00fczere, du\u015f jeli, di\u015f macunu, banyo sabunu gibi ki\u015fisel bak\u0131m malzemelerin paras\u0131n\u0131 devlete \u00f6detti\u011fi ileri s\u00fcr\u00fcld\u00fc. <\/p>\n","protected":false},"author":1,"featured_media":0,"comment_status":"open","ping_status":"closed","sticky":false,"template":"","format":"standard","meta":{"footnotes":""},"categories":[105],"tags":[],"class_list":["post-30246","post","type-post","status-publish","format-standard","hentry","category-gundem","odd"],"_links":{"self":[{"href":"http:\/\/www.korhanyilmaz.com\/index.php?rest_route=\/wp\/v2\/posts\/30246","targetHints":{"allow":["GET"]}}],"collection":[{"href":"http:\/\/www.korhanyilmaz.com\/index.php?rest_route=\/wp\/v2\/posts"}],"about":[{"href":"http:\/\/www.korhanyilmaz.com\/index.php?rest_route=\/wp\/v2\/types\/post"}],"author":[{"embeddable":true,"href":"http:\/\/www.korhanyilmaz.com\/index.php?rest_route=\/wp\/v2\/users\/1"}],"replies":[{"embeddable":true,"href":"http:\/\/www.korhanyilmaz.com\/index.php?rest_route=%2Fwp%2Fv2%2Fcomments&post=30246"}],"version-history":[{"count":0,"href":"http:\/\/www.korhanyilmaz.com\/index.php?rest_route=\/wp\/v2\/posts\/30246\/revisions"}],"wp:attachment":[{"href":"http:\/\/www.korhanyilmaz.com\/index.php?rest_route=%2Fwp%2Fv2%2Fmedia&parent=30246"}],"wp:term":[{"taxonomy":"category","embeddable":true,"href":"http:\/\/www.korhanyilmaz.com\/index.php?rest_route=%2Fwp%2Fv2%2Fcategories&post=30246"},{"taxonomy":"post_tag","embeddable":true,"href":"http:\/\/www.korhanyilmaz.com\/index.php?rest_route=%2Fwp%2Fv2%2Ftags&post=30246"}],"curies":[{"name":"wp","href":"https:\/\/api.w.org\/{rel}","templated":true}]}}