{"id":30240,"date":"2011-04-06T15:32:52","date_gmt":"2011-04-06T12:32:52","guid":{"rendered":"http:\/\/www.korhanyilmaz.com\/?p=30240"},"modified":"2011-04-06T15:32:52","modified_gmt":"2011-04-06T12:32:52","slug":"tskdan-mahkemeye-sitem-tutukluluklari-anlamakta-gucluk-cekiyoruz","status":"publish","type":"post","link":"http:\/\/www.korhanyilmaz.com\/?p=30240","title":{"rendered":"TSK&#8217;dan mahkemeye sitem: Tutukluluklar\u0131 anlamakta g\u00fc\u00e7l\u00fck \u00e7ekiyoruz"},"content":{"rendered":"<p style=\"text-align: justify;\"><a href=\"http:\/\/www.korhanyilmaz.com\/wp-content\/uploads\/2011\/04\/452.jpg\"  class=\"lightview\"><img loading=\"lazy\" decoding=\"async\" class=\"aligncenter size-full wp-image-30241\" src=\"http:\/\/www.korhanyilmaz.com\/wp-content\/uploads\/2011\/04\/452.jpg\" alt=\"\" width=\"384\" height=\"254\" \/><\/a><\/p>\n<p style=\"text-align: justify;\">Genelkurmay Ba\u015fkanl\u0131\u011f\u0131, Balyoz davas\u0131nda yarg\u0131lanan 163 askerin neden hala tutuklu oldu\u011funu anlamad\u0131klar\u0131n\u0131 s\u00f6yleyen bir a\u00e7\u0131klama yay\u0131nlad\u0131.<a href=\"http:\/\/www.tsk.tr\/10_ARSIV\/10_1_Basin_Yayin_Faaliyetleri\/10_1_Basin_Aciklamalari\/2011\/BA_05.htm\" target=\"_blank\"> <span style=\"background-color: #ffcc99;\"><strong>&gt;&gt;<\/strong><\/span><\/a><\/p>\n<p style=\"text-align: justify;\">Balyoz plan\u0131 davas\u0131n\u0131n d\u00fcn g\u00f6r\u00fclen duru\u015fmas\u0131nda haklar\u0131nda yakalama ve tutuklama karar\u0131 verilen, eski 1. Ordu Komutan\u0131 emekli Orgeneral \u00c7etin Do\u011fan, emekli Koramiral Kadir Sa\u011fd\u0131\u00e7 ve Deniz Kurmay Albay Dursun \u00c7i\u00e7ek&#8217;in de aralar\u0131nda bulundu\u011fu 47 san\u0131kla ilgili yap\u0131lan \u201ctutuklama ve tutukluluk hallerinin devam\u0131 kararlar\u0131n\u0131n kald\u0131r\u0131lmas\u0131\u201dna y\u00f6nelik talepler reddedilmi\u015fti. <!--more--><\/p>\n<p style=\"text-align: justify;\">\u0130stanbul 11. A\u011f\u0131r Ceza Mahkemesi heyeti, tahliye taleplerinin oy \u00e7oklu\u011fuyla reddedilmesini kararla\u015ft\u0131rm\u0131\u015f, Heyet Ba\u015fkan\u0131 \u015eeref Ak\u00e7ay karara \u201cmuhalefet \u015ferhi\u201d koymu\u015ftu.<\/p>\n<p style=\"text-align: justify;\">Genelkurmay Ba\u015fkanl\u0131\u011f\u0131 da, bug\u00fcn yapt\u0131\u011f\u0131 a\u00e7\u0131klamada konuyu hat\u0131rlatarak mahkeme heyetine \u2018tutukluluk nedenlerini anlamad\u0131\u011f\u0131n\u0131\u2019 iletti. \u0130\u015fte TSK\u2019n\u0131n internet sitesinden yap\u0131lan o a\u00e7\u0131klama:<\/p>\n<p style=\"text-align: justify;\">5-7 Mart 2003 tarihinde 1\u2019inci Ordu Komutanl\u0131\u011f\u0131nda yap\u0131lan bir plan semineri ve bu seminerle ili\u015fkilendirilmeye \u00e7al\u0131\u015f\u0131lan ve bir darbe plan\u0131 oldu\u011fu iddia edilen planla ilgili olarak ba\u015flat\u0131lan kovu\u015fturma i\u015flemi devam etmektedir.<\/p>\n<p style=\"text-align: justify;\">Halen tutuklu bulunan 163 askeri personelin, tutuksuz yarg\u0131lanmak \u00fczere yapt\u0131klar\u0131 m\u00fcracaat 5 Nisan 2011 tarihinde itiraz mahkemesi taraf\u0131ndan ikinci kez reddedilerek, tutukluluk hallerinin devam\u0131na karar verilmi\u015ftir.<\/p>\n<p style=\"text-align: justify;\">Devam eden yarg\u0131 s\u00fcrecine m\u00fcdahale anlam\u0131na gelebilecek davran\u0131\u015flardan \u00f6zellikle ka\u00e7\u0131nan T\u00fcrk Silahl\u0131 Kuvvetleri, yarg\u0131lamay\u0131 etkilemeyecek \u015fekilde, \u00e7e\u015fitli defalar a\u00e7\u0131klamalar yaparak, ilgili makamlar\u0131 bilgilendirerek, yap\u0131lan seminerin ne oldu\u011funu, nas\u0131l yap\u0131ld\u0131\u011f\u0131n\u0131, neleri kapsad\u0131\u011f\u0131n\u0131 ve kimlerin hangi emirlerle kat\u0131ld\u0131\u011f\u0131n\u0131 teredd\u00fcte yer b\u0131rakmayacak \u015fekilde izah etmi\u015ftir. Benzer hususlar, savc\u0131l\u0131k makamlar\u0131nca g\u00f6revlendirilen bilirki\u015fi raporlar\u0131nda da a\u00e7\u0131k bir \u015fekilde yer almaktad\u0131r.<\/p>\n<p style=\"text-align: justify;\">Hal b\u00f6yle iken, T\u00fcrk Silahl\u0131 Kuvvetlerinin g\u00f6revli ve emekli 163 personelinin tutukluluk halinin devam\u0131n\u0131 anlamakta g\u00fc\u00e7l\u00fck \u00e7ekilmektedir.<\/p>\n<p style=\"text-align: justify;\"><a href=\"http:\/\/www.radikal.com.tr\/Radikal.aspx?aType=RadikalDetayV3&amp;ArticleID=1045316&amp;Date=06.04.2011&amp;CategoryID=77\" target=\"_blank\">Kaynak : Radikal<\/a><\/p>\n","protected":false},"excerpt":{"rendered":"<p style=\"text-align: justify;\">\n<p style=\"text-align: justify;\">Genelkurmay Ba\u015fkanl\u0131\u011f\u0131, Balyoz davas\u0131nda yarg\u0131lanan 163 askerin neden hala tutuklu oldu\u011funu anlamad\u0131klar\u0131n\u0131 s\u00f6yleyen bir a\u00e7\u0131klama yay\u0131nlad\u0131. &gt;&gt;<\/p>\n<p style=\"text-align: justify;\">Balyoz plan\u0131 davas\u0131n\u0131n d\u00fcn g\u00f6r\u00fclen duru\u015fmas\u0131nda haklar\u0131nda yakalama ve tutuklama karar\u0131 verilen, eski 1. Ordu Komutan\u0131 emekli Orgeneral \u00c7etin Do\u011fan, emekli Koramiral Kadir Sa\u011fd\u0131\u00e7 ve Deniz Kurmay Albay Dursun \u00c7i\u00e7ek&#8217;in de <\/p>\n","protected":false},"author":1,"featured_media":0,"comment_status":"open","ping_status":"closed","sticky":false,"template":"","format":"standard","meta":{"footnotes":""},"categories":[105],"tags":[],"class_list":["post-30240","post","type-post","status-publish","format-standard","hentry","category-gundem","odd"],"_links":{"self":[{"href":"http:\/\/www.korhanyilmaz.com\/index.php?rest_route=\/wp\/v2\/posts\/30240","targetHints":{"allow":["GET"]}}],"collection":[{"href":"http:\/\/www.korhanyilmaz.com\/index.php?rest_route=\/wp\/v2\/posts"}],"about":[{"href":"http:\/\/www.korhanyilmaz.com\/index.php?rest_route=\/wp\/v2\/types\/post"}],"author":[{"embeddable":true,"href":"http:\/\/www.korhanyilmaz.com\/index.php?rest_route=\/wp\/v2\/users\/1"}],"replies":[{"embeddable":true,"href":"http:\/\/www.korhanyilmaz.com\/index.php?rest_route=%2Fwp%2Fv2%2Fcomments&post=30240"}],"version-history":[{"count":0,"href":"http:\/\/www.korhanyilmaz.com\/index.php?rest_route=\/wp\/v2\/posts\/30240\/revisions"}],"wp:attachment":[{"href":"http:\/\/www.korhanyilmaz.com\/index.php?rest_route=%2Fwp%2Fv2%2Fmedia&parent=30240"}],"wp:term":[{"taxonomy":"category","embeddable":true,"href":"http:\/\/www.korhanyilmaz.com\/index.php?rest_route=%2Fwp%2Fv2%2Fcategories&post=30240"},{"taxonomy":"post_tag","embeddable":true,"href":"http:\/\/www.korhanyilmaz.com\/index.php?rest_route=%2Fwp%2Fv2%2Ftags&post=30240"}],"curies":[{"name":"wp","href":"https:\/\/api.w.org\/{rel}","templated":true}]}}