{"id":30236,"date":"2011-04-06T12:33:36","date_gmt":"2011-04-06T09:33:36","guid":{"rendered":"http:\/\/www.korhanyilmaz.com\/?p=30236"},"modified":"2011-04-06T12:33:36","modified_gmt":"2011-04-06T09:33:36","slug":"osym-baskanindan-bir-garip-savunma","status":"publish","type":"post","link":"http:\/\/www.korhanyilmaz.com\/?p=30236","title":{"rendered":"\u00d6SYM Ba\u015fkan\u0131&#8217;ndan bir &#8216;garip&#8217; savunma!"},"content":{"rendered":"<p style=\"text-align: justify;\"><a href=\"http:\/\/www.korhanyilmaz.com\/wp-content\/uploads\/2011\/04\/451.jpg\"  class=\"lightview\"><img loading=\"lazy\" decoding=\"async\" class=\"aligncenter size-full wp-image-30237\" src=\"http:\/\/www.korhanyilmaz.com\/wp-content\/uploads\/2011\/04\/451.jpg\" alt=\"\" width=\"307\" height=\"236\" \/><\/a><\/p>\n<p style=\"text-align: justify;\">\u00d6SYM Ba\u015fkan\u0131 Ali Demir YGS&#8217;deki \u015fifre iddialar\u0131yla ilgili olarak bas\u0131nla bulu\u015ftu; &#8220;Bas\u0131na verilen kitap\u00e7\u0131klar biraz acemilikle haz\u0131rland\u0131, bunlar\u0131 \u00f6ng\u00f6remedik&#8221; dedi. Demir bir daha bas\u0131na kitap\u00e7\u0131k da\u011f\u0131tmayacaklar\u0131n\u0131 da a\u00e7\u0131klad\u0131, &#8220;Bas\u0131n kitap\u00e7\u0131\u011f\u0131ndaki \u015fifre i\u015fg\u00fczarl\u0131\u011f\u0131 matbaan\u0131n&#8221; diyerek su\u00e7luyu ilan etti. Milli E\u011fitim Bakan\u0131 Nimet \u00c7ubuk\u00e7u da, s\u0131nav\u0131n iptal edilmesini gerektiren bir durumun olmad\u0131\u011f\u0131n\u0131 s\u00f6yledi.<!--more--><\/p>\n<p style=\"text-align: justify;\">Demir, bas\u0131n kurulu\u015flar\u0131n\u0131n Ankara temsilcileri ile Rixos Otel&#8217;de bir araya geldi; g\u00fcndemdeki YGS&#8217;deki \u015fifre iddialar\u0131na ili\u015fkin a\u00e7\u0131klamalarda bulundu.<\/p>\n<p style=\"text-align: justify;\">Demir, YGS&#8217;den sonra matbaadaki kapal\u0131 d\u00f6nem sona erece\u011fi i\u00e7in matbaadan bas\u0131na verilecek bir kopya istendi\u011fini ifade ederek, \u015funlar\u0131 s\u00f6yledi:<\/p>\n<p style=\"text-align: justify;\">&#8220;Matbaada \u00e7al\u0131\u015fan arkada\u015flar\u0131 bas\u0131na verilecek bir soru kitap\u00e7\u0131\u011f\u0131 haz\u0131rlamalar\u0131n\u0131 s\u00f6yledik. bu talimat \u00fczerine matbaada \u00e7al\u0131\u015fan arkada\u015flar bas\u0131na verdi\u011fimiz soru kitap\u00e7\u0131\u011f\u0131n\u0131 d\u00fczenlemi\u015fler. bu soru kitap\u00e7\u0131\u011f\u0131 master soru kitap\u00e7\u0131\u011f\u0131 de\u011fil, adaylara verilen soru kitap\u00e7\u0131\u011f\u0131 de\u011fil. Gereksiz bir \u015fekilde, bir miktar acemilikle do\u011fru cevap se\u00e7ene\u011fini yerinde tutarak yanl\u0131\u015flar\u0131 kar\u0131\u015ft\u0131rarak masterdan t\u00fcretilmi\u015f yeni bir soru kitap\u00e7\u0131\u011f\u0131n\u0131 biz bas\u0131na verdik, internet sayfam\u0131za koyduk ve t\u00fcm kamuoyunun bunu incelemesine izin verdik. b\u00f6yle bir soru kitap\u00e7\u0131\u011f\u0131 bizim \u00f6ng\u00f6remedi\u011fimiz sonu\u00e7lar olu\u015fturdu. Bu ger\u00e7ekten bizim \u00f6ng\u00f6remedi\u011fimiz bir sonu\u00e7tu. kontrol\u00fcm\u00fcz\u00fcn d\u0131\u015f\u0131nda ger\u00e7ekle\u015fen bir sonu\u00e7tu&#8221;<\/p>\n<p style=\"text-align: justify;\">Demir s\u00f6zlerine, &#8220;Ama \u015fundan emindik; bu soru kitap\u00e7\u0131\u011f\u0131 hi\u00e7bir adaya verilmemi\u015ftir o nedenle kamuoyunu tatmin etmek ad\u0131na t\u00fcm soru kitap\u00e7\u0131klar\u0131n\u0131, soru kitap\u00e7\u0131k numaralar\u0131yla ili\u015fkilendirilecek bi\u00e7imde internet sayfam\u0131za koyduk. Bug\u00fcn itibariyle 530 bin kitap\u00e7\u0131\u011f\u0131 bitirmi\u015f durumday\u0131z&#8221; diye devam etti.<\/p>\n<p style=\"text-align: justify;\">\u00d6SYM Ba\u015fkan\u0131, &#8220;Gizledi\u011fimiz herhangi bir \u015fey yok. \u0130stenen her bilgiyi vermeye haz\u0131r\u0131z&#8221; diye konu\u015ftu.<\/p>\n<p style=\"text-align: justify;\">&#8220;Yanl\u0131\u015f cevaplar\u0131n yerle\u015fmesinde eksiklik var&#8221; diyen Demir, &#8220;Ama adaya avantaj yok&#8221; s\u00f6zleriyle kurumu savundu.<\/p>\n<p style=\"text-align: justify;\">Demir, bir daha bas\u0131na kitap\u00e7\u0131k da\u011f\u0131tmayacaklar\u0131n\u0131 da a\u00e7\u0131klad\u0131, &#8220;Bas\u0131n kitap\u00e7\u0131\u011f\u0131ndaki \u015fifre i\u015fg\u00fczarl\u0131\u011f\u0131 matbaan\u0131n&#8221; ifadesini kulland\u0131.<\/p>\n<p style=\"text-align: justify;\"><strong>&#8220;S\u0131nav\u0131n iptaline gerek yok&#8221;<\/strong><\/p>\n<p style=\"text-align: justify;\">S\u0131nav\u0131n iptal edilmesini gerektirecek bir olgu olmad\u0131\u011f\u0131n\u0131 s\u00f6yleyen Ali Demir, &#8220;Bu s\u00fcreci anlatan ve \u00f6\u011frencilerden 18 Haziran&#8217;a odaklanmalar\u0131n\u0131 isteyen bir mektup yazaca\u011f\u0131m&#8221; \u015feklinde konu\u015ftu.<\/p>\n<p style=\"text-align: justify;\">\u00d6SYM Ba\u015fkan\u0131, &#8220;Tam yapan adaylar\u0131n kitap\u00e7\u0131klar\u0131nda \u015f\u00fcpheli bir\u015fey yok&#8221; ifadesini de kulland\u0131.<\/p>\n<p style=\"text-align: justify;\"><strong>&#8220;2010 ile mukayese ettik&#8221;<\/strong><\/p>\n<p style=\"text-align: justify;\">Demir, YGS&#8217;ye giren adaylardan 1 milyon 400 bine yak\u0131n\u0131n\u0131n cevap ka\u011f\u0131tlar\u0131n\u0131n okundu\u011funu belirterek, &#8220;Adaylar\u0131n cevap ka\u011f\u0131tlar\u0131n\u0131 de\u011ferlendirdik. Okudu\u011fumuz ka\u011f\u0131tlar\u0131 bu adaylar\u0131n sonu\u00e7lar\u0131n\u0131 2010 YGS ile mukayese ettik. Ola\u011fan d\u0131\u015f\u0131 hi\u00e7bir olu\u015fum s\u00f6z konusu de\u011fil&#8221; dedi.<\/p>\n<p style=\"text-align: justify;\">\u00d6SYM Ba\u015fkan\u0131 s\u00f6zlerine, &#8220;Matematik sorular\u0131 ge\u00e7en seneden daha zor. Test genelde ge\u00e7en seneden daha zor. Bundan mutluyuz. \u00c7\u00fcnk\u00fc \u00d6SYM \u00e7ok nitelikli s\u0131navlar ger\u00e7ekle\u015ftiriyor. \u015eunu \u00e7ok rahat bir \u015fekilde s\u00f6yl\u00fcyorum; ola\u011fand\u0131\u015f\u0131 hi\u00e7bir durum s\u00f6z konusu de\u011fil. Bir grubu, bir ki\u015fiyi \u00f6ne \u00e7\u0131kar\u0131c\u0131 hi\u00e7bir sonu\u00e7 g\u00f6r\u00fclm\u00fcyor. S\u0131nav\u0131n iptalini gerektirecek hi\u00e7bir durum s\u00f6z konusu de\u011fil&#8221; diye devam etti.<\/p>\n<p style=\"text-align: justify;\"><strong>&#8220;\u0130ptal karar\u0131 \u00e7\u0131karsa&#8221; <\/strong><\/p>\n<p style=\"text-align: justify;\">\u00d6SYM Ba\u015fkan\u0131, ancak Dan\u0131\u015ftay&#8217;\u0131n YGS&#8217;yi iptal etmesi halinde buna sayg\u0131 duyacaklar\u0131n\u0131 ve s\u0131nav\u0131 en k\u0131sa s\u00fcrede yapacaklar\u0131n\u0131 bildirdi.<\/p>\n<p style=\"text-align: justify;\"><strong>&#8220;Oyunlar\u0131 bozduk&#8221; <\/strong><\/p>\n<p style=\"text-align: justify;\">Demir, &#8220;5 Ekim&#8217;den itibaren t\u00fcm s\u0131navlarda oyunlar\u0131 bozduk&#8221; \u015feklinde konu\u015ftu.<\/p>\n<p style=\"text-align: justify;\">&#8220;Yar\u0131ma\u011fan&#8217;\u0131n bilgilerinden yararlanmak istiyorum&#8221;<\/p>\n<p style=\"text-align: justify;\">Ali Demir, Eski \u00d6SYM Ba\u015fkan\u0131 \u00dcnal Yar\u0131ma\u011fan&#8217;\u0131n bilgilerinden yararlanmak istedi\u011fini de ifade etti.<\/p>\n<p style=\"text-align: justify;\"><strong>&#8220;K\u0131yafetlerde k\u0131s\u0131tlama istemiyoruz&#8221; <\/strong><\/p>\n<p style=\"text-align: justify;\">\u00d6SYM Ba\u015fkan\u0131, \u00f6\u011frencilerin k\u0131yafetlerinde k\u0131s\u0131tlama istemediklerinin de alt\u0131n\u0131 \u00e7izdi; &#8220;\u00d6ncelik s\u0131nav g\u00fcvenli\u011fi, gerekirse kontrol edilir&#8221; dedi.<\/p>\n<p style=\"text-align: justify;\">Demir, s\u0131navlarda kap\u0131larda el dedekt\u00f6r\u00fcyle de arama ba\u015flayaca\u011f\u0131n\u0131 a\u00e7\u0131klad\u0131.<\/p>\n<p style=\"text-align: justify;\"><a href=\"http:\/\/www.cnnturk.com\/2011\/turkiye\/04\/06\/osym.baskanindan.bir.garip.savunma\/612346.0\/index.html\" target=\"_blank\">Kaynak : CNN T\u00dcRK<\/a><\/p>\n","protected":false},"excerpt":{"rendered":"<p style=\"text-align: justify;\">\n<p style=\"text-align: justify;\">\u00d6SYM Ba\u015fkan\u0131 Ali Demir YGS&#8217;deki \u015fifre iddialar\u0131yla ilgili olarak bas\u0131nla bulu\u015ftu; &#8220;Bas\u0131na verilen kitap\u00e7\u0131klar biraz acemilikle haz\u0131rland\u0131, bunlar\u0131 \u00f6ng\u00f6remedik&#8221; dedi. Demir bir daha bas\u0131na kitap\u00e7\u0131k da\u011f\u0131tmayacaklar\u0131n\u0131 da a\u00e7\u0131klad\u0131, &#8220;Bas\u0131n kitap\u00e7\u0131\u011f\u0131ndaki \u015fifre i\u015fg\u00fczarl\u0131\u011f\u0131 matbaan\u0131n&#8221; diyerek su\u00e7luyu ilan etti. Milli E\u011fitim Bakan\u0131 Nimet \u00c7ubuk\u00e7u da, s\u0131nav\u0131n iptal edilmesini gerektiren bir durumun olmad\u0131\u011f\u0131n\u0131 <\/p>\n","protected":false},"author":1,"featured_media":0,"comment_status":"open","ping_status":"closed","sticky":false,"template":"","format":"standard","meta":{"footnotes":""},"categories":[105],"tags":[],"class_list":["post-30236","post","type-post","status-publish","format-standard","hentry","category-gundem","odd"],"_links":{"self":[{"href":"http:\/\/www.korhanyilmaz.com\/index.php?rest_route=\/wp\/v2\/posts\/30236","targetHints":{"allow":["GET"]}}],"collection":[{"href":"http:\/\/www.korhanyilmaz.com\/index.php?rest_route=\/wp\/v2\/posts"}],"about":[{"href":"http:\/\/www.korhanyilmaz.com\/index.php?rest_route=\/wp\/v2\/types\/post"}],"author":[{"embeddable":true,"href":"http:\/\/www.korhanyilmaz.com\/index.php?rest_route=\/wp\/v2\/users\/1"}],"replies":[{"embeddable":true,"href":"http:\/\/www.korhanyilmaz.com\/index.php?rest_route=%2Fwp%2Fv2%2Fcomments&post=30236"}],"version-history":[{"count":0,"href":"http:\/\/www.korhanyilmaz.com\/index.php?rest_route=\/wp\/v2\/posts\/30236\/revisions"}],"wp:attachment":[{"href":"http:\/\/www.korhanyilmaz.com\/index.php?rest_route=%2Fwp%2Fv2%2Fmedia&parent=30236"}],"wp:term":[{"taxonomy":"category","embeddable":true,"href":"http:\/\/www.korhanyilmaz.com\/index.php?rest_route=%2Fwp%2Fv2%2Fcategories&post=30236"},{"taxonomy":"post_tag","embeddable":true,"href":"http:\/\/www.korhanyilmaz.com\/index.php?rest_route=%2Fwp%2Fv2%2Ftags&post=30236"}],"curies":[{"name":"wp","href":"https:\/\/api.w.org\/{rel}","templated":true}]}}