{"id":30225,"date":"2011-04-06T12:38:15","date_gmt":"2011-04-06T09:38:15","guid":{"rendered":"http:\/\/www.korhanyilmaz.com\/?p=30225"},"modified":"2011-04-06T12:38:15","modified_gmt":"2011-04-06T09:38:15","slug":"demirtastan-tehlikeli-cagri","status":"publish","type":"post","link":"http:\/\/www.korhanyilmaz.com\/?p=30225","title":{"rendered":"Demirta\u015f&#8217;tan tehlikeli \u00e7a\u011fr\u0131"},"content":{"rendered":"<p><a href=\"http:\/\/www.korhanyilmaz.com\/wp-content\/uploads\/2011\/04\/449.jpg\"  class=\"lightview\"><img loading=\"lazy\" decoding=\"async\" class=\"aligncenter size-full wp-image-30226\" src=\"http:\/\/www.korhanyilmaz.com\/wp-content\/uploads\/2011\/04\/449.jpg\" alt=\"\" width=\"414\" height=\"222\" \/><\/a><\/p>\n<p style=\"text-align: justify;\">BDP lideri Selahattin Demirta\u015f, h\u00fck\u00fcmet taraf\u0131ndan G\u00fcneydo\u011fu\u2019ya g\u00f6nderilen kadrolu imamlar\u0131n arkas\u0131nda namaz k\u0131l\u0131nmamas\u0131 \u00e7a\u011fr\u0131s\u0131 yapt\u0131. Demirta\u015f, CHP&#8217;nin Ergenekon san\u0131klar\u0131n\u0131 milletvekili aday aday\u0131 yapmas\u0131n\u0131n ard\u0131ndan kendilerinin de KCK davas\u0131 tutuklusu 3 veya 5 ki\u015fiyi se\u00e7imde aday g\u00f6stereceklerini a\u00e7\u0131klad\u0131.<!--more--><\/p>\n<p style=\"text-align: justify;\">ANKARA &#8211; BDP Genel Ba\u015fkan\u0131 Selahattin Demirta\u015f, MGK\u2019da karara ba\u011flanan ve ter\u00f6rle m\u00fccadele kapsam\u0131nda h\u00fck\u00fcmet taraf\u0131ndan G\u00fcneydo\u011fu\u2019ya g\u00f6nderilen kadrolu imamlar\u0131n arkas\u0131nda namaz k\u0131l\u0131nmamas\u0131 \u00e7a\u011fr\u0131s\u0131 yapt\u0131. Demirta\u015f \u015fu g\u00f6r\u00fc\u015fleri ortaya koydu:<\/p>\n<p style=\"text-align: justify;\">\u201cHalk T\u00fcrk\u00e7\u00fc, Fethullah\u00e7\u0131 ve devlet\u00e7i imamlar\u0131n etraf\u0131nda, arkas\u0131nda saf tutmas\u0131n. \u00c7\u00fcnk\u00fc dinimizde bu kavramlar\u0131n hi\u00e7biri yoktur. Bu misyonla g\u00f6revlendirilmi\u015f \u00f6zel ve siyasi g\u00f6revlilerdir. Din kisvesi alt\u0131nda halka T\u00fcrk\u00e7\u00fcl\u00fc\u011f\u00fc, devlet\u00e7ili\u011fi, cemaat\u00e7ili\u011fi dayatan imamlard\u0131r. \u2018Irk\u00e7\u0131, devlet\u00e7i, Fethullah\u00e7\u0131 imamlar\u0131n arkas\u0131nda kimse saf tutmas\u0131n\u2019 diyoruz.<\/p>\n<p style=\"text-align: justify;\">MGK\u2019da \u00f6zel olarak, b\u00f6lgeye \u00f6zel imamlar\u0131n g\u00f6nderilmesi kararla\u015ft\u0131r\u0131lm\u0131\u015ft\u0131r ki bu durum b\u00f6lgeye \u00f6zel bir istihbarat\u00e7\u0131 g\u00f6ndermenin bir ba\u015fka \u015fekli. Dini ter\u00f6rle m\u00fccadelede ara\u00e7 olarak kullanmak utan\u00e7 verici bir durumudur. Devletin bu \u015fekilde g\u00f6revlendirdi\u011fi imamlar \u00f6zel tim, korucu, kontra, J\u0130TEM\u2019den farkl\u0131 bir ama\u00e7 g\u00fctm\u00fcyor. Bunlar\u0131n 2011 versiyonu.\u201d<\/p>\n<p style=\"text-align: justify;\"><strong>&#8220;CAM\u0130LERDE N\u0130YE K\u00dcRT\u00c7E HUTBEYE \u0130Z\u0130N VER\u0130LM\u0130YOR?&#8221;<\/strong><\/p>\n<p style=\"text-align: justify;\">Milliyet gazetesine a\u00e7\u0131klamalar yapan Demirta\u015f, sivil itaatsizlik eylemleri kapsam\u0131nda BDP taraf\u0131ndan yap\u0131lan \u201csivil cuma\u201d eylemini, \u201cDinimize b\u00f6l\u00fcc\u00fcl\u00fck katt\u0131lar, sivil itaatsizlik de\u011fil sivil iradesizlik eylemi\u201d diye ele\u015ftiren Ba\u015fbakan Recep Tayyip Erdo\u011fan\u2019a, \u201cCamilerde niye K\u00fcrt\u00e7e hutbeye izin verilmiyor\u201d sorusu ile yan\u0131t verdi.<\/p>\n<p style=\"text-align: justify;\">\u201cSivil cuma\u201d eylemlerinin BDP ya da DTK taraf\u0131ndan de\u011fil halk\u0131n kendi inisiyatifi ile yap\u0131ld\u0131\u011f\u0131n\u0131 belirten Demirta\u015f, \u201cSay\u0131n Ba\u015fbakan \u015funun cevab\u0131n\u0131 verebiliyor mu? Niye K\u00fcrt\u00e7e hutbe okutulmuyor? Ya da imam kendi bildi\u011fi \u015fekilde hutbesini okuma hakk\u0131na sahip de\u011fil midir ki, hutbe Ankara\u2019dan, devletin a\u011fz\u0131yla yaz\u0131l\u0131p g\u00f6nderiliyor. Bu nedenle halk\u0131n da kendi inisiyatifi ile imamlar\u0131n arkas\u0131nda saf tutmamas\u0131 da do\u011fald\u0131r.<\/p>\n<p style=\"text-align: justify;\">Bu BDP\u2019nin \u00e7a\u011fr\u0131s\u0131 da de\u011fildir, halk kendili\u011finden bunu yap\u0131yor. \u0130slamiyeti kendi \u00e7\u0131karlar\u0131 i\u00e7in kullanan Ba\u015fbakan\u2019\u0131n kendisi ayr\u0131mc\u0131d\u0131r. Dinimiz ayr\u0131mc\u0131 de\u011fildir, b\u00fct\u00fcnle\u015ftiricidir. Bizim halk\u0131m\u0131z AKP\u2019li de\u011fil, Allah\u2019a inan\u0131yor. Tayyip\u2019e de\u011fil peygambere g\u00fcveniyor. Bu nedenle Tayyip\u2019in imamlar\u0131n\u0131n arkas\u0131nda saf tutmak zorunda de\u011fil\u201d dedi.<\/p>\n<p style=\"text-align: justify;\"><strong>K\u00dcRT\u00c7E VAAZA \u0130Z\u0130N VER\u0130LS\u0130N<\/strong><\/p>\n<p style=\"text-align: justify;\">Camilerdeki d\u00fczenin devlete de\u011fil cemaate b\u0131rak\u0131lmas\u0131n\u0131 ve K\u00fcrt\u00e7e vaaz okutulmas\u0131na izin verilmesini isteyen Demirta\u015f, \u201cMeydanlarda k\u0131l\u0131nan namazlarda herkes K\u00fcrt\u00e7e vaaz dinliyor. Camiler devletin de\u011fil Allah\u2019\u0131n evidir. Camilerin i\u00e7indeki d\u00fczen de cemaate ait olmal\u0131d\u0131r, devlete de\u011fil. Camilerde bile hangi dille konu\u015fulaca\u011f\u0131n\u0131 devlet belirliyorsa bunun dinle alakas\u0131 yoktur. B\u0131rak\u0131n cemaat nas\u0131l ibadet etmek istiyorsa \u00f6yle ibadet etsin\u201d diye konu\u015ftu.<\/p>\n<p style=\"text-align: justify;\"><strong>KCK&#8217;DAN VEK\u0130L ADAYLARI<\/strong><\/p>\n<p style=\"text-align: justify;\">Demirta\u015f ayr\u0131ca KCK davas\u0131 dolay\u0131s\u0131yla cezaevinde bulunan 3 ya da 5 ki\u015finin partilerince desteklenecek milletvekili adaylar\u0131 aras\u0131nda olabilece\u011fini s\u00f6yledi.<\/p>\n<p style=\"text-align: justify;\"><a href=\"http:\/\/www.gazeteport.com.tr\/SIYASET\/NEWS\/GP_882462\" target=\"_blank\">Kaynak : GAZETEPORT<\/a><\/p>\n","protected":false},"excerpt":{"rendered":"<\/p>\n<p style=\"text-align: justify;\">BDP lideri Selahattin Demirta\u015f, h\u00fck\u00fcmet taraf\u0131ndan G\u00fcneydo\u011fu\u2019ya g\u00f6nderilen kadrolu imamlar\u0131n arkas\u0131nda namaz k\u0131l\u0131nmamas\u0131 \u00e7a\u011fr\u0131s\u0131 yapt\u0131. Demirta\u015f, CHP&#8217;nin Ergenekon san\u0131klar\u0131n\u0131 milletvekili aday aday\u0131 yapmas\u0131n\u0131n ard\u0131ndan kendilerinin de KCK davas\u0131 tutuklusu 3 veya 5 ki\u015fiyi se\u00e7imde aday g\u00f6stereceklerini a\u00e7\u0131klad\u0131.<\/p>\n","protected":false},"author":1,"featured_media":0,"comment_status":"open","ping_status":"closed","sticky":false,"template":"","format":"standard","meta":{"footnotes":""},"categories":[105],"tags":[],"class_list":["post-30225","post","type-post","status-publish","format-standard","hentry","category-gundem","odd"],"_links":{"self":[{"href":"http:\/\/www.korhanyilmaz.com\/index.php?rest_route=\/wp\/v2\/posts\/30225","targetHints":{"allow":["GET"]}}],"collection":[{"href":"http:\/\/www.korhanyilmaz.com\/index.php?rest_route=\/wp\/v2\/posts"}],"about":[{"href":"http:\/\/www.korhanyilmaz.com\/index.php?rest_route=\/wp\/v2\/types\/post"}],"author":[{"embeddable":true,"href":"http:\/\/www.korhanyilmaz.com\/index.php?rest_route=\/wp\/v2\/users\/1"}],"replies":[{"embeddable":true,"href":"http:\/\/www.korhanyilmaz.com\/index.php?rest_route=%2Fwp%2Fv2%2Fcomments&post=30225"}],"version-history":[{"count":0,"href":"http:\/\/www.korhanyilmaz.com\/index.php?rest_route=\/wp\/v2\/posts\/30225\/revisions"}],"wp:attachment":[{"href":"http:\/\/www.korhanyilmaz.com\/index.php?rest_route=%2Fwp%2Fv2%2Fmedia&parent=30225"}],"wp:term":[{"taxonomy":"category","embeddable":true,"href":"http:\/\/www.korhanyilmaz.com\/index.php?rest_route=%2Fwp%2Fv2%2Fcategories&post=30225"},{"taxonomy":"post_tag","embeddable":true,"href":"http:\/\/www.korhanyilmaz.com\/index.php?rest_route=%2Fwp%2Fv2%2Ftags&post=30225"}],"curies":[{"name":"wp","href":"https:\/\/api.w.org\/{rel}","templated":true}]}}