{"id":30219,"date":"2011-04-05T14:41:48","date_gmt":"2011-04-05T11:41:48","guid":{"rendered":"http:\/\/www.korhanyilmaz.com\/?p=30219"},"modified":"2011-04-05T14:41:48","modified_gmt":"2011-04-05T11:41:48","slug":"kilicdaroglu-ab-ve-abd-de-akpden-kaygili","status":"publish","type":"post","link":"http:\/\/www.korhanyilmaz.com\/?p=30219","title":{"rendered":"K\u0131l\u0131\u00e7daro\u011flu: &#8220;AB ve ABD de AKP&#8217;den kayg\u0131l\u0131&#8221;"},"content":{"rendered":"<p style=\"text-align: center;\"><a href=\"http:\/\/www.korhanyilmaz.com\/wp-content\/uploads\/2011\/04\/447.jpg\"  class=\"lightview\"><img loading=\"lazy\" decoding=\"async\" class=\"aligncenter size-full wp-image-30221\" src=\"http:\/\/www.korhanyilmaz.com\/wp-content\/uploads\/2011\/04\/447.jpg\" alt=\"\" width=\"448\" height=\"237\" \/><\/a><\/p>\n<p style=\"text-align: justify;\">CHP lideri K\u0131l\u0131\u00e7daro\u011flu, ge\u00e7en hafta AB ve ABD yetkilileriyle yapt\u0131klar\u0131 g\u00f6r\u00fc\u015fmelerde onlar\u0131n da &#8220;bas\u0131lmam\u0131\u015f bir kitab\u0131 imha eden&#8221; AKP iktidar\u0131ndan kayg\u0131l\u0131 olduklar\u0131n\u0131 g\u00f6zlemlediklerini s\u00f6yledi.<\/p>\n<p style=\"text-align: justify;\">K\u0131l\u0131\u00e7daro\u011flu, Ba\u015fbakan Erdo\u011fan&#8217;a s\u00f6zlerine de sert \u00e7\u0131karak, &#8220;CHP&#8217;nin bir dikili a\u011fac\u0131 olmad\u0131\u011f\u0131n\u0131 iddia ediyor, senin siyasile\u015ftirmeye \u00e7al\u0131\u015ft\u0131\u011f\u0131n Diyanet \u0130\u015fleri&#8217;ni biz kurduk. Senin dikili a\u011fac\u0131n yok, bizim T\u00fcrkiye&#8217;miz var. Senin ceplerin var, bizim T\u00fcrkiye&#8217;miz var&#8221; dedi.<!--more--><\/p>\n<p style=\"text-align: justify;\">TBMM- CHP Genel Ba\u015fkan\u0131 Kemal K\u0131l\u0131\u00e7daro\u011flu, T\u00fcrkiye&#8217;nin demokrasi a\u00e7\u0131s\u0131ndan geldi\u011fi noktan\u0131n &#8221;bas\u0131lmam\u0131\u015f kitab\u0131n imhas\u0131&#8221; oldu\u011funu; ancak kitab\u0131n teknoloji sayesinde on binlerce ki\u015fiye ula\u015ft\u0131\u011f\u0131n\u0131 belirterek, &#8221;On binlerce ki\u015fi bu kitab\u0131 okudu. Buyurun yasaklay\u0131n. On binlerce ki\u015fiyi hapse mi atacaks\u0131n\u0131z? Atmazsan\u0131z namertsiniz&#8221; dedi.<\/p>\n<p style=\"text-align: justify;\">K\u0131l\u0131\u00e7daro\u011flu, partisinin grup toplant\u0131s\u0131nda, g\u00fcndemdeki konulara ili\u015fkin de\u011ferlendirmelerde bulunurken, Ba\u015fbakan Erdo\u011fan grup toplant\u0131s\u0131nda sarfetti\u011fi s\u00f6zlere de cevap verdi.<\/p>\n<p style=\"text-align: justify;\"><strong>D\u00dcNYANIN B\u00dcT\u00dcN MERKEZLER\u0130 AKP&#8217;Y\u0130 MERCEK ALTINA ALIYOR&#8221;<\/strong><\/p>\n<p style=\"text-align: justify;\">Macaristan B\u00fcy\u00fckel\u00e7isi&#8217;nin daveti \u00fczerine ge\u00e7en hafta AB \u00fcyesi \u00fclkelerin b\u00fcy\u00fckel\u00e7ileriyle bir araya geldi\u011fini ve yakla\u015f\u0131k 1,5 saat s\u00fcren g\u00f6r\u00fc\u015fme ger\u00e7ekle\u015ftirdiklerini anlatan K\u0131l\u0131\u00e7daro\u011flu, \u015f\u00f6yle konu\u015ftu:<\/p>\n<p style=\"text-align: justify;\">&#8221;G\u00f6rd\u00fc\u011f\u00fcm tablo \u015fu: T\u00fcrkiye&#8217;de demokrasi ve \u00f6zg\u00fcrl\u00fcklerdeki k\u0131s\u0131tlamalar sadece bizim sorunumuz olman\u0131n \u00f6tesine ta\u015fm\u0131\u015f. AB&#8217;nin de\u011ferli b\u00fcy\u00fckel\u00e7ileri de ayn\u0131 kayg\u0131lar\u0131 ta\u015f\u0131yorlar. Onlara bir s\u00f6z\u00fc s\u00f6yledi\u011fimde, (bu \u00fclkenin ba\u015fbakan\u0131 &#8216;biz yarg\u0131n\u0131n i\u015fine kar\u0131\u015fm\u0131yoruz, onlar da bizim i\u015fimize kar\u0131\u015fmas\u0131nlar&#8217; diye bir s\u00f6ylemi dile getirdi) dedi\u011fimde b\u00fct\u00fcn b\u00fcy\u00fckel\u00e7ilerin y\u00fczlerinde alayc\u0131 bir ifade g\u00f6rd\u00fcm. Nas\u0131l olur da bu \u00e7a\u011fda, bu d\u00f6nemde 21. y\u00fczy\u0131lda, Anayasa&#8217;s\u0131nda (idarenin her t\u00fcrl\u00fc i\u015f ve eylemi yarg\u0131n\u0131n denetimine tabidir) h\u00fckm\u00fcn\u00fcn oldu\u011fu bir \u00fclkede bir ba\u015fbakan, (AB giri\u015f s\u00fcreci i\u00e7in \u00e7aba harc\u0131yorum) diyen bir ba\u015fbakan (yarg\u0131 bizim i\u015fimize kar\u0131\u015fmas\u0131n) der? Bu \u00e7a\u011fda\u015f\u0131 anlay\u0131\u015f\u0131 onlar biraz garipseyerek, biraz \u00fcz\u00fclerek biraz da (acaba bu do\u011fru mudur?) diyerek&#8230; (Evet do\u011frudur) dedik. \u00dcz\u00fclerek s\u00f6yl\u00fcyoruz ama maalesef do\u011frudur. Bu ki\u015finin bu \u00fclkeyi y\u00f6netti\u011fini onlar da biliyorlar. O nedenledir ki demokrasi ve \u00f6zg\u00fcrl\u00fck s\u00f6ylemleri \u00f6n\u00fcm\u00fczdeki d\u00f6nemde toplumda daha b\u00fcy\u00fck yank\u0131lar bulacakt\u0131r diye d\u00fc\u015f\u00fcn\u00fcyorum.&#8221;<\/p>\n<p style=\"text-align: justify;\">CHP heyetinin ABD&#8217;ye bir ziyaret ger\u00e7ekle\u015ftirdi\u011fini ve \u00f6nemli temaslarda bulundu\u011funu kaydeden K\u0131l\u0131\u00e7daro\u011flu, benzer kayg\u0131larla bu ziyarette de kar\u015f\u0131la\u015ft\u0131klar\u0131n\u0131 s\u00f6yledi. K\u0131l\u0131\u00e7daro\u011flu, &#8221;T\u00fcrkiye \u00f6zg\u00fcrl\u00fckler a\u00e7\u0131s\u0131ndan, demokrasi a\u00e7\u0131s\u0131ndan ileriye de\u011fil, geriye giden bir \u00fclkedir. Art\u0131k d\u00fcnyan\u0131n b\u00fcy\u00fck merkezleri T\u00fcrkiye&#8217;yi daha g\u00fczel bir mercek alt\u0131na al\u0131yor. \u0130ktidar\u0131 da bir mercek alt\u0131na al\u0131yor&#8221; diye konu\u015ftu.<\/p>\n<p style=\"text-align: justify;\"><strong>&#8221;AB VE ABD DE KAYGILI&#8221;<\/strong><\/p>\n<p style=\"text-align: justify;\">\u0130ktidar\u0131n ge\u00e7mi\u015fte di\u011fer \u00fclkelere reformlar\u0131n \u00f6n\u00fcndeki engel olarak CHP&#8217;yi g\u00f6sterdiklerini kaydeden K\u0131l\u0131\u00e7daro\u011flu, &#8221;\u015eimdi bir ger\u00e7ek \u00e7\u0131kt\u0131 ortaya. AKP&#8217;nin iki y\u00fcz\u00fc, oradaki y\u00fcz\u00fcyle, T\u00fcrkiye&#8217;deki y\u00fcz\u00fc. Bat\u0131&#8217;ya d\u00f6n\u00fck maskesini indirdik. Ger\u00e7ek y\u00fcz\u00fc g\u00f6r\u00fcld\u00fc. Art\u0131k herkes g\u00f6r\u00fcyor. S\u00f6ylemi ile eylemi taban tabana z\u0131t bir siyasal parti kimli\u011fini art\u0131k b\u00fct\u00fcn d\u00fcnya biliyor. \u015eimdi araya bir s\u00fcr\u00fc adam koymu\u015flar yine gidiyorlar oraya. Kendilerini anlatmak istiyorlar ama yemezler. \u00d6yle kolay kolay anlatamazlar. Biz belgeyle dok\u00fcmanla, projelerimizle gidiyoruz oraya&#8221; ifadelerini kulland\u0131.<\/p>\n<p style=\"text-align: justify;\">AB  \u00fclkeleri ve ABD&#8217;de kar\u015f\u0131la\u015ft\u0131klar\u0131 T\u00fcrkiye&#8217;ye ili\u015fkin kayg\u0131lar\u0131 kendilerinin de payla\u015ft\u0131\u011f\u0131n\u0131 belirten K\u0131l\u0131\u00e7daro\u011flu, s\u00f6zlerini \u015f\u00f6yle s\u00fcrd\u00fcrd\u00fc:<\/p>\n<p style=\"text-align: justify;\">&#8221;Tabi onlar \u015funu da anlayam\u0131yorlar: Bas\u0131lmam\u0131\u015f bir kitap tasla\u011f\u0131n\u0131n pe\u015fine savc\u0131, yarg\u0131\u00e7, polis hep beraber d\u00fc\u015f\u00fcyorlar. (Bas\u0131lmam\u0131\u015f bir kitap i\u00e7in nas\u0131l imha karar\u0131 al\u0131n\u0131r) diye soruyorlar bize. Dedik bunun yan\u0131t\u0131n\u0131 biz veremeyiz. Sizin muhatab\u0131n\u0131z ba\u015fka \u015feyler. Sizin ta\u015f\u0131d\u0131\u011f\u0131n\u0131z kayg\u0131lar\u0131 aynen biz de ta\u015f\u0131yoruz. Onlara bir sorun bakal\u0131m. (Efendim savc\u0131lar\u0131 de\u011fi\u015ftirdiler&#8230;)&#8217; Ne fark eder? Savc\u0131 iddia makam\u0131, yarg\u0131\u00e7 yerinde oturuyor. As\u0131l ona sen bu karar\u0131 neye g\u00f6re verdin diye sormak laz\u0131m. Demokrasi a\u00e7\u0131s\u0131ndan geldi\u011fimiz nokta budur, bas\u0131lmam\u0131\u015f kitab\u0131n imhas\u0131&#8230;&#8221;<\/p>\n<p style=\"text-align: justify;\">Bas\u0131lmadan toplanan kitap tasla\u011f\u0131n\u0131n bilimin, teknolojinin sayesinde on binlerce insan taraf\u0131ndan okundu\u011funu da kaydeden K\u0131l\u0131\u00e7daro\u011flu, &#8221;On binlerce ki\u015fi bu kitab\u0131 okudu. Buyurun yasaklay\u0131n. On binlerce ki\u015fiyi hapse mi atacaks\u0131n\u0131z? Atmazsan\u0131z namertsiniz&#8221; diye konu\u015ftu.<\/p>\n<p style=\"text-align: justify;\"><strong>&#8221;\u00c7OCUKLARINIZA NASIL B\u0130R M\u0130RAS BIRAKTI\u011eINIZI FARKINDA MISINIZ?&#8221;<\/strong><\/p>\n<p style=\"text-align: justify;\">Bas\u0131lmam\u0131\u015f kitab\u0131n imhas\u0131na karar veren yarg\u0131\u00e7lara seslenmek istedi\u011fini ifade eden K\u0131l\u0131\u00e7daro\u011flu, &#8221;\u00c7ocuklar\u0131n\u0131za nas\u0131l bir miras b\u0131rakt\u0131\u011f\u0131n\u0131z\u0131 fark\u0131nda m\u0131s\u0131n\u0131z?&#8221; diye sordu. K\u0131l\u0131\u00e7daro\u011flu, s\u00f6zlerini \u015f\u00f6yle s\u00fcrd\u00fcrd\u00fc:<\/p>\n<p style=\"text-align: justify;\">&#8221;Sizin \u00e7ocuklar\u0131n\u0131z, sizin torunlar\u0131n\u0131z ileride okula giderken (Benim babam yarg\u0131\u00e7l\u0131k yaparken hen\u00fcz taslak halindeki bir kitab\u0131n imhas\u0131na karar verdi) diye \u00f6v\u00fcnecek mi san\u0131yorsunuz? Bu utanc\u0131 \u00e7ocuklar\u0131n\u0131za ve torunlar\u0131n\u0131za miras b\u0131rakmaktan utanm\u0131yor musunuz? Bir yarg\u0131\u00e7 \u00e7ocuklar\u0131na ben \u00f6zg\u00fcrl\u00fck i\u00e7in, demokrasi i\u00e7in, hukukun \u00fcst\u00fcnl\u00fc\u011f\u00fc i\u00e7in neler yapt\u0131m diye \u00f6v\u00fcn\u00fcr. Tarihin tozlu sayfalar\u0131 o eski bask\u0131c\u0131 zihniyeti yans\u0131tan, siyasal iktidar\u0131n sopas\u0131 haline gelen yarg\u0131\u00e7lar\u0131n mezarl\u0131\u011f\u0131yla doludur.<\/p>\n<p style=\"text-align: justify;\">E\u011fer b\u00f6yle bir miras\u0131 \u00f6v\u00fcn\u00fclecek bir miras olarak alg\u0131l\u0131yorsan\u0131z sizin \u00e7a\u011f\u0131n\u0131z 21. y\u00fczy\u0131l de\u011fil. Avrupa&#8217;n\u0131n engizisyon mahkemelerinde g\u00f6rev alabilirsiniz.&#8221;<\/p>\n<p style=\"text-align: justify;\"><strong>HANEF\u0130 AVCI DAVASINA BAKAN HAK\u0130M\u0130N C\u00dcMLES\u0130<\/strong><\/p>\n<p style=\"text-align: justify;\">B\u00fct\u00fcn yarg\u0131\u00e7lar\u0131n ayn\u0131 olmad\u0131\u011f\u0131n\u0131, hukukun \u00fcst\u00fcnl\u00fc\u011f\u00fc i\u00e7in \u00e7al\u0131\u015fan, vicdan\u0131n\u0131n sesini duyan yarg\u0131\u00e7lar\u0131n da oldu\u011funu belirten K\u0131l\u0131\u00e7daro\u011flu, bunlardan birinin de &#8221;Ergenekon&#8221; soru\u015fturmas\u0131 kapsam\u0131nda tutuklu bulunan eski emniyet m\u00fcd\u00fcr\u00fc ve &#8221;Hali\u00e7&#8217;te Ya\u015fayan Simonlar&#8221; kitab\u0131n\u0131n yazar\u0131 Hanefi Avc\u0131&#8217;n\u0131n davas\u0131na bakan yarg\u0131\u00e7lardan biri oldu\u011funu s\u00f6yledi. K\u0131l\u0131\u00e7daro\u011flu, \u015funlar\u0131 kaydetti:<\/p>\n<p style=\"text-align: justify;\">&#8221;Birisi bir kitap yaz\u0131yor, her \u015fey g\u00fcll\u00fck g\u00fclistanl\u0131k ve o kitab\u0131 yazd\u0131ktan sonra devlet b\u00fct\u00fcn kurumlar\u0131yla \u00fczerine y\u00fckleniyor, hapse at\u0131l\u0131yor (Hali\u00e7&#8217;te Ya\u015fayan Simonlar) kitab\u0131n\u0131 yazan Hanefi Avc\u0131. \u0130ki davadan tutuklama karar\u0131 veriliyor. Yarg\u0131\u00e7 diyor ki (Bu davadan tutuklulu\u011funu kald\u0131rsak yine hapiste kalacak. Dolay\u0131s\u0131yla delilleri karatma durumu yok ki.) (Hay\u0131r) diyor di\u011fer iki yarg\u0131\u00e7, (i\u00e7eride kalmas\u0131 laz\u0131m.) Ve bu yarg\u0131c\u0131n muhalefet \u015ferhindeki \u015fu c\u00fcmleyi dikkatinize sunmak istiyorum, (Savc\u0131l\u0131kta 100&#8217;den fazla klas\u00f6r oldu\u011fu halde bize sadece 16 klas\u00f6r g\u00f6nderildi. Belki ba\u015fka bilgiler de var ama bunu bilmiyoruz.) Di\u011fer iki yarg\u0131ca soru \u015fu: Bilmedi\u011finiz delillerle ilgili nas\u0131l karar veriyorsunuz? Bu yarg\u0131\u00e7 (neden bize g\u00f6nderilmedi) diye soruyor. Ve yine soruyor, (Sa\u011fl\u0131kl\u0131 bir inceleme yap\u0131labilmesi i\u00e7in soru\u015fturma dosyas\u0131n\u0131n t\u00fcm eklerinin g\u00f6nderilmesi gerekir.) Bunlar istenmi\u015ftir ama cevap verilmemi\u015ftir, ekler g\u00f6nderilmemi\u015ftir. Sizden ne istiyorlar? Tutuklulu\u011funun devam\u0131na karar verin. \u0130nsanda biraz vicdan olur, hukukun h&#8217;si olur. Hatta h&#8217;nin de bir \u00e7izgisi olur. Nas\u0131l olur da siz delillerini, dosyas\u0131n\u0131 g\u00f6rmeden, i\u00e7eri\u011fini bilmeden bu karar\u0131 verebiliyorsunuz. \u00c7ocuklar\u0131n\u0131za neyi miras b\u0131rakt\u0131\u011f\u0131n\u0131z\u0131 fark\u0131nda m\u0131s\u0131n\u0131z?&#8221;<\/p>\n<p style=\"text-align: justify;\"><strong>&#8220;DGM&#8217;Y\u0130 KENAN EVREN, \u00d6ZEL YETK\u0130L\u0130 MAHKEMELER\u0130 ERDO\u011eAN&#8221;<\/strong><\/p>\n<p style=\"text-align: justify;\">&#8220;Arkada\u015flar\u0131mdan rica ettim bu muhalefet \u015ferhini \u0130ngilizceye \u00e7evirsinler bizim internet sitesine koysunlar. Yan\u0131na da arkada\u015flar\u0131m uygun g\u00f6r\u00fcrlerse hukukun \u00fcst\u00fcnl\u00fc\u011f\u00fcne inanan Recep Tayyip Erdo\u011fan&#8217;\u0131n foto\u011fraf\u0131n\u0131. Bu sadece yarg\u0131\u00e7lar\u0131n ay\u0131b\u0131 de\u011fil. Bu art\u0131k hukukun, adaletin ay\u0131b\u0131na d\u00f6n\u00fc\u015fm\u00fc\u015ft\u00fcr. 21. y\u00fczy\u0131l\u0131n T\u00fcrkiye&#8217;sinde bir hukuk katliam\u0131 ya\u015fanmaktad\u0131r. Ne eliyle? \u00d6zel yetkili mahkemeler eliyle. Eskiden bunun ad\u0131 DGM&#8217;ydi. Bu mahkemeyi Kenan Evren ve arkada\u015flar\u0131 kurmu\u015ftu. \u00d6zel yetkili mahkemeleri kim yapt\u0131? Recep Tayyip Erdo\u011fan ve arkada\u015flar\u0131. \u0130kisinin aras\u0131nda fark yok, ayn\u0131 anlay\u0131\u015f var. Siyasi otoritenin emrinde mahkeme olmaz. Bir mahkemeyi siyasi otoritenin emrine veriyorsan\u0131z, orada hukuk olmaz. Zaten orada hukuk yok. Olmayan hukuk, hukuk k\u0131l\u0131f\u0131 i\u00e7inde g\u00f6t\u00fcr\u00fcl\u00fcyor.&#8221;<\/p>\n<p style=\"text-align: justify;\"><strong>&#8220;SEN\u0130N CEPLER\u0130N VAR, B\u0130Z\u0130M T\u00dcRK\u0130YE&#8217;M\u0130Z VAR&#8221;<\/strong><\/p>\n<p style=\"text-align: justify;\">K\u0131l\u0131\u00e7daro\u011flu, hafta sonu Antalya&#8217;da baz\u0131 tesislerin a\u00e7\u0131l\u0131\u015f\u0131n\u0131 yapt\u0131klar\u0131n\u0131 an\u0131msatarak, &#8221;Bunun temeli daha \u00f6nce at\u0131ld\u0131, \u00f6nceki belediye ba\u015fkan\u0131 Menderes T\u00fcrel d\u00f6neminde tesis yap\u0131ld\u0131&#8221; \u015feklinde ele\u015ftirilerin de geldi\u011fini s\u00f6yledi. K\u0131l\u0131\u00e7daro\u011fu, tesisin bir b\u00f6l\u00fcm\u00fcn\u00fcn T\u00fcrel d\u00f6neminde yap\u0131ld\u0131\u011f\u0131n\u0131n do\u011fru oldu\u011funu, Antalya B\u00fcy\u00fck\u015fehir Belediye Ba\u015fkan\u0131&#8217;n\u0131n konu\u015fmas\u0131 s\u0131ras\u0131nda T\u00fcrel&#8217;e te\u015fekk\u00fcr de etti\u011fini kaydetti. K\u0131l\u0131\u00e7daro\u011flu, s\u00f6zlerini \u015f\u00f6yle s\u00fcrd\u00fcrd\u00fc:<\/p>\n<p style=\"text-align: justify;\">&#8221;Ama Erdo\u011fan&#8217;\u0131n kulaklar\u0131 bunu duymaz \u00e7\u00fcnk\u00fc onda insan sevgisi yok, yap\u0131lana de\u011fer vermek yok. Bu \u00fclkede, kim ta\u015f ta\u015f \u00fcst\u00fcne koymu\u015fsa hepsine sayg\u0131 duyar\u0131z. Bug\u00fcn, &#8216;CHP&#8217;lilerin dikili a\u011fac\u0131 yok, \u015funu yapmad\u0131, bunu yapmad\u0131&#8217; demi\u015f. Ge\u00e7en hafta Diyanet \u0130\u015fleri Ba\u015fkanl\u0131\u011f\u0131n\u0131 ziyaret ettim. &#8216;Dikili a\u011fac\u0131 yoktur&#8217; diyen insan\u0131n d\u00fc\u015f\u00fcnmesi laz\u0131m; Diyanet \u0130\u015fleri Ba\u015fkanl\u0131\u011f\u0131n\u0131 kim kurdu? Senin siyasalla\u015ft\u0131rmak i\u00e7in bizim de siyasalla\u015fmas\u0131n diye \u00e7aba harcad\u0131\u011f\u0131m\u0131z, \u00f6zenle siyasetin d\u0131\u015f\u0131nda tutmaya \u00e7al\u0131\u015ft\u0131\u011f\u0131m\u0131z o Diyanet \u0130\u015flerini CHP kurdu. Senin dikili a\u011fac\u0131n yok, bizim T\u00fcrkiye&#8217;miz var, senin haberin yok. Senin ceplerin var, bizim T\u00fcrkiye&#8217;miz var.<\/p>\n<p style=\"text-align: justify;\"><strong>&#8221;ARTIK TES\u0130S A\u00c7AMIYOR&#8221;<\/strong><\/p>\n<p style=\"text-align: justify;\">&#8220;Ba\u015fbakan&#8217;\u0131n rahats\u0131zl\u0131\u011f\u0131n\u0131 biliyorum; bir d\u00f6nem, her ile gidip, 100, 78, 500 tesisi, d\u00fc\u011fmeye bast\u0131 a\u00e7t\u0131. Mantar gibi tesis, T\u00fcrkiye&#8217;de i\u015fsizli\u011fin olmamas\u0131 laz\u0131m. Masaya yat\u0131rd\u0131k, bakal\u0131m bu tesisler nedir? \u00c7at\u0131 aktarmas\u0131 olmu\u015f okulda, beyefendi tesis a\u00e7m\u0131\u015f. Okula boya badana olmu\u015f, beyefendi tesis a\u00e7m\u0131\u015f. Afi\u015fe ettik, \u015fimdi art\u0131k tesis a\u00e7am\u0131yor, bir maskesini daha indirdik ama biz gitti\u011fimiz yerde tesis a\u00e7\u0131yoruz, binas\u0131 var, i\u00e7inde insanlar var. Ata\u015fehir&#8217;de T\u00fcrkan Saylan T\u0131p Merkezi&#8217;ni a\u00e7t\u0131k. O b\u00f6lge halk\u0131na nas\u0131l sa\u011fl\u0131k hizmeti veriliyor, Recep Bey gitsin baks\u0131n, tesis neymi\u015f. Antalya&#8217;da a\u00e7t\u0131\u011f\u0131m\u0131z ar\u0131tma tesislerine baks\u0131n. Onun akl\u0131na gelmez tabii, o tesisler yap\u0131ld\u0131\u011f\u0131 d\u00f6nemde, etrafa koku veriyordu, \u015fimdi koku yok, orada elektrik \u00fcretiliyor. Hayali bile yetmez, d\u00fc\u015f\u00fcnemez. Biz d\u00fc\u015f\u00fcn\u00fcr\u00fcz, yapar\u0131z \u00e7\u00fcnk\u00fc biz halk\u0131m\u0131z i\u00e7in \u00e7al\u0131\u015f\u0131yoruz, cebimiz i\u00e7in de\u011fil, onlar cepleri i\u00e7in \u00e7al\u0131\u015f\u0131yor.&#8221;<\/p>\n<p style=\"text-align: justify;\"><strong>&#8221;DEN\u0130Z FENER\u0130 DAVASI B\u0130R T\u00dcRL\u00dc A\u00c7ILAMADI!&#8221;<\/strong><\/p>\n<p style=\"text-align: justify;\">&#8221;Bu d\u00fczenin, yolsuzluklar\u0131 kapatma d\u00fczeni&#8221; oldu\u011funu belirten K\u0131l\u0131\u00e7daro\u011flu, Almanya&#8217;da g\u00f6r\u00fclen Deniz Feneri davas\u0131na i\u015faret etti. K\u0131l\u0131\u00e7daro\u011flu, &#8221;Devletin \u00f6nemli kurumlar\u0131ndan birinin ba\u015f\u0131ndayd\u0131, medyaya ahlak dersi verecekti orada. Mahkum olmu\u015f, fail, Alman mahkemelerine ge\u00e7mi\u015f. Bir de beyefendi \u00e7\u0131kt\u0131, &#8216;benim g\u00fcvencem Recep Tayyip Erdo\u011fan&#8217; dedi. Senin g\u00fcvencen odur zaten, senin g\u00fcvencenin ben olacak hali var m\u0131? Yok \u00f6yle bir \u015fey&#8221; diye konu\u015ftu. K\u0131l\u0131\u00e7daro\u011flu, bu davan\u0131n bir t\u00fcrl\u00fc a\u00e7\u0131lmad\u0131\u011f\u0131n\u0131 vurgulayarak, \u015f\u00f6yle devam etti:<\/p>\n<p style=\"text-align: justify;\">&#8221;\u015eimdi Ankara Adliyesi&#8217;nde yeni g\u00f6revlendirmeler yap\u0131ld\u0131. Bu dava a\u00e7\u0131lmazsa, a\u00e7t\u0131rmayan\u0131n siyasi iktidar oldu\u011funu buraya yaz\u0131yorum. Bu dava a\u00e7\u0131lmazsa bunun sorumlusu Ankara&#8217;daki ba\u015fsavc\u0131d\u0131r. O da bilsin. T\u00fcrkiye&#8217;yi bu ay\u0131ptan kurtarmak, temizlemek zorunday\u0131z. Dava ba\u015fka yerde g\u00f6r\u00fclecek, delilleri T\u00fcrkiye&#8217;ye gelecek, &#8216;dava a\u00e7\u0131n&#8217;, &#8216;a\u00e7m\u0131yoruz&#8217;, ni\u00e7in, siyasi otorite mi m\u00fcdahale ediyor size, &#8216;davay\u0131 a\u00e7may\u0131n&#8217; m\u0131 dediler size. Bu davan\u0131n takip\u00e7isi olaca\u011f\u0131z.&#8221;<\/p>\n<p style=\"text-align: justify;\"><strong>&#8221;D\u0130YARBAKIR&#8217;DAK\u0130 CHP&#8217;YE KIZMAKTA HAKLI OLAB\u0130L\u0130R AMA&#8230;&#8221;<\/strong><\/p>\n<p style=\"text-align: justify;\">Do\u011fu ve G\u00fcneydo\u011fu&#8217;nun ekonomik kalk\u0131nmas\u0131 ile ilgili raporu ge\u00e7en hafta a\u00e7\u0131klad\u0131klar\u0131n an\u0131msatan K\u0131l\u0131\u00e7daro\u011flu; &#8221;Diyarbak\u0131rl\u0131 karde\u015flerimiz unutmas\u0131nlar, sana hapishane s\u00f6z\u00fc veren Ba\u015fbakan&#8217;a oy verirsen kusura bakma ama sen hapishaneyi hak ediyorsun&#8221; dedi.<\/p>\n<p style=\"text-align: justify;\">Diyarbak\u0131r&#8217;a &#8221;Sana hapishane de\u011fil, fabrika s\u00f6z\u00fc verene oy ver&#8221; diye afi\u015f ast\u0131raca\u011f\u0131n\u0131 belirten K\u0131l\u0131\u00e7daro\u011flu, &#8221;Bana, CHP&#8217;ye k\u0131zd\u0131n, k\u0131zmakta hakl\u0131 olabilirsin, ama \u015funu s\u00f6yl\u00fcyorum: Do\u011fu-G\u00fcneydo\u011fu&#8217;yu kalk\u0131nd\u0131raca\u011f\u0131z. Kalk\u0131nma h\u0131z\u0131 9.5 olacak&#8221; diye konu\u015ftu.<\/p>\n<p style=\"text-align: justify;\">B\u00f6lgeyi petro-kimya, g\u00fcne\u015f enerjisi, hayvanc\u0131l\u0131k ve Avrasya&#8217;n\u0131n lojistik \u00fcss\u00fc haline getireceklerini yineleyen K\u0131l\u0131\u00e7daro\u011flu, &#8221;\u0130ddia ediyorum bizim haz\u0131rlad\u0131\u011f\u0131m\u0131z rapordan daha m\u00fckemmel bir rapor T\u00fcrkiye Cumhuriyeti tarihinde yaz\u0131lmam\u0131\u015ft\u0131r. Oy vermeseniz de iktidar oldu\u011fumuzda bunlar\u0131 yapt\u0131\u011f\u0131m\u0131z\u0131 g\u00f6receksiniz&#8221; dedi.<\/p>\n<p style=\"text-align: justify;\">Do\u011fu-Bat\u0131 fark\u0131n\u0131n giderek artt\u0131\u011f\u0131n\u0131, projeleri ger\u00e7ekle\u015ftirdiklerinde dahi Do\u011fu&#8217;nun Bat\u0131&#8217;ya ancak y\u00fczde 75 oran\u0131nda yakla\u015fabildi\u011fini kaydeden K\u0131l\u0131\u00e7daro\u011flu, bu fark\u0131 kapatacaklar\u0131n\u0131 s\u00f6yledi.<\/p>\n<p style=\"text-align: justify;\">K\u0131l\u0131\u00e7daro\u011flu, b\u00f6lgenin k\u00fclt\u00fcrel, sosyal sorunlar\u0131na da \u00e7\u00f6z\u00fcm getireceklerini, bu konudaki raporlar\u0131 da a\u00e7\u0131klayacaklar\u0131n\u0131 bildirdi.<\/p>\n<p style=\"text-align: justify;\"><strong>&#8220;\u0130T\u0130RAF ETT\u0130LER&#8221;<\/strong><\/p>\n<p style=\"text-align: justify;\">Son zamanlarda itiraflarla kar\u015f\u0131la\u015ft\u0131klar\u0131n\u0131 kaydeden K\u0131l\u0131\u00e7daro\u011flu, Ba\u015fbakan Recep Tayyip Erdo\u011fan&#8217;\u0131 ele\u015ftirdi. K\u0131l\u0131\u00e7daro\u011flu, \u015funlar\u0131 s\u00f6yledi:<\/p>\n<p style=\"text-align: justify;\">&#8221;Aile sigortas\u0131n\u0131 getirece\u011fimizi s\u00f6yledi\u011fimiz zaman Recep Bey (A\u00e7\u0131klanan yoksul say\u0131s\u0131 az, siz as\u0131l kay\u0131td\u0131\u015f\u0131 olana bak\u0131n) demi\u015fti.  Biz de (Biz senin rakamlar\u0131n\u0131 de\u011fil daha fazlas\u0131n\u0131 ald\u0131k) demi\u015ftik. Senin kay\u0131td\u0131\u015f\u0131n\u0131 ne kadar te\u015fvik etti\u011fini biliyoruz. \u0130lk itiraf\u0131 bu oldu. \u0130kinci itiraf\u0131 ise \u015fu oldu: Ben bu \u00fclkeyi tan\u0131yan, sorunlar\u0131n\u0131 bilen bir iktidar var san\u0131yordum, en az\u0131ndan b\u00f6yle bir iddia var. \u00d6\u011frendik ki bu \u00fclkeyi 9 y\u0131ld\u0131r acemiler y\u00f6netiyor. Diyor ya \u00e7\u0131rakt\u0131k o zaman, sonra kalfa olduk, \u015fimdi ustal\u0131\u011fa geldi s\u0131ra diye. Biz senin hangi konularda usta oldu\u011funu biliyoruz. (53 milyar dolarl\u0131k petrol ka\u00e7ak\u00e7\u0131l\u0131\u011f\u0131 var, 14 \u00fclkeden yan\u0131t geldi, bunun hesab\u0131n\u0131 soraca\u011f\u0131z) dedi. Sonra, 1 dolarl\u0131k bile bir \u015fey \u00e7\u0131kmam\u0131\u015f. \u00c7\u00fcnk\u00fc, gelen bilgilerin hi\u00e7birisi devletin denetim elemanlar\u0131na verilmemi\u015f. Ustal\u0131\u011fa bak\u0131n! 53 milyar dolarl\u0131k bir yolsuzlu\u011fu kapatan bir partinin genel ba\u015fkan\u0131 hangi konuda usta olur? Bu konularda olur.<\/p>\n<p style=\"text-align: justify;\">Bir ba\u015fka itiraf da bug\u00fcn yap\u0131ld\u0131. Aile sigortas\u0131 kapsam\u0131nda 600 TL verece\u011fimizi s\u00f6yledik. \u00d6nce k\u0131yameti kopard\u0131 (Vay efendim kayna\u011f\u0131 nereden bulacaks\u0131n\u0131z) diye. Bug\u00fcn beyefendi diyor ki (Bizim da\u011f\u0131tt\u0131\u011f\u0131m\u0131z 600 TL&#8217;den fazla.) Hani kaynak soruyordun bana. Bizim projelerimiz kar\u015f\u0131s\u0131nda ayaklar\u0131, dilleri doland\u0131. Ne konu\u015facaklar\u0131n\u0131 bilmiyorlar. Bug\u00fcn demi\u015f ki (Bunlar bizim d\u00fc\u015f\u00fcnd\u00fcklerimizi d\u00fc\u015f\u00fcn\u00fcyorlar, kes yap\u0131\u015ft\u0131r, bizi taklit ediyorlar). Senin program\u0131nda aile sigortas\u0131 m\u0131 var? Yok. Sen benden kopya \u00e7ekiyorsun. Senin program\u0131nda ta\u015feronlu\u011fu kald\u0131rmak m\u0131 var? Yok. (Emeklinin intibak yasas\u0131na \u00e7\u0131kaca\u011f\u0131m) diyor. Senin b\u00f6yle bir hedefin mi var?  Onlar\u0131n kimyalar\u0131n\u0131 bozduk, ezberlerini bozduk. (Askerli\u011fi indirece\u011fiz) dedik. Senin program\u0131nda m\u0131 var ki (kes-yap\u0131\u015ft\u0131r) diyorsun? Bir insan\u0131n ar damar\u0131 \u00e7atlarsa yalan s\u00f6ylemekten kendini alamaz. (Bunlar halk\u0131n partisi olamazlar, bunlar \u00e7\u0131rak olamazlar vesaire vesaire&#8230;) Ne derse desin milletimin \u015funu bilmesini isterim, biz bu milletin aya\u011f\u0131n\u0131n turab\u0131 olmaya her zaman haz\u0131r\u0131z.&#8221;<\/p>\n<p style=\"text-align: justify;\"><strong>&#8221;YSK SONU\u00c7 L\u0130STES\u0130N\u0130 \u0130NTERNETTE YAYINLASIN&#8221;<\/strong><\/p>\n<p style=\"text-align: justify;\">K\u0131l\u0131\u00e7daro\u011flu, Y\u00fcksek Se\u00e7im Kuruluna da \u00e7a\u011fr\u0131da bulunarak, sand\u0131k kurulu \u00fcyelerince imzalanan sand\u0131k sonu\u00e7 tutanaklar\u0131n\u0131n as\u0131llar\u0131n\u0131n internette yay\u0131nlanmas\u0131n\u0131 istedi.  K\u0131l\u0131\u00e7daro\u011flu, b\u00f6ylece se\u00e7imlere g\u00f6lge d\u00fc\u015fmesinin \u00f6n\u00fcne ge\u00e7ilece\u011fini vurgulad\u0131.<\/p>\n<p style=\"text-align: justify;\"><a href=\"http:\/\/www.gazeteport.com.tr\/SIYASET\/NEWS\/GP_881908\" target=\"_blank\">Kaynak : GAZETEPORT<\/a><\/p>\n","protected":false},"excerpt":{"rendered":"<p style=\"text-align: center;\">\n<p style=\"text-align: justify;\">CHP lideri K\u0131l\u0131\u00e7daro\u011flu, ge\u00e7en hafta AB ve ABD yetkilileriyle yapt\u0131klar\u0131 g\u00f6r\u00fc\u015fmelerde onlar\u0131n da &#8220;bas\u0131lmam\u0131\u015f bir kitab\u0131 imha eden&#8221; AKP iktidar\u0131ndan kayg\u0131l\u0131 olduklar\u0131n\u0131 g\u00f6zlemlediklerini s\u00f6yledi.<\/p>\n<p style=\"text-align: justify;\">K\u0131l\u0131\u00e7daro\u011flu, Ba\u015fbakan Erdo\u011fan&#8217;a s\u00f6zlerine de sert \u00e7\u0131karak, &#8220;CHP&#8217;nin bir dikili a\u011fac\u0131 olmad\u0131\u011f\u0131n\u0131 iddia ediyor, senin siyasile\u015ftirmeye \u00e7al\u0131\u015ft\u0131\u011f\u0131n Diyanet \u0130\u015fleri&#8217;ni biz kurduk. Senin dikili a\u011fac\u0131n <\/p>\n","protected":false},"author":1,"featured_media":0,"comment_status":"open","ping_status":"closed","sticky":false,"template":"","format":"standard","meta":{"footnotes":""},"categories":[105],"tags":[],"class_list":["post-30219","post","type-post","status-publish","format-standard","hentry","category-gundem","odd"],"_links":{"self":[{"href":"http:\/\/www.korhanyilmaz.com\/index.php?rest_route=\/wp\/v2\/posts\/30219","targetHints":{"allow":["GET"]}}],"collection":[{"href":"http:\/\/www.korhanyilmaz.com\/index.php?rest_route=\/wp\/v2\/posts"}],"about":[{"href":"http:\/\/www.korhanyilmaz.com\/index.php?rest_route=\/wp\/v2\/types\/post"}],"author":[{"embeddable":true,"href":"http:\/\/www.korhanyilmaz.com\/index.php?rest_route=\/wp\/v2\/users\/1"}],"replies":[{"embeddable":true,"href":"http:\/\/www.korhanyilmaz.com\/index.php?rest_route=%2Fwp%2Fv2%2Fcomments&post=30219"}],"version-history":[{"count":0,"href":"http:\/\/www.korhanyilmaz.com\/index.php?rest_route=\/wp\/v2\/posts\/30219\/revisions"}],"wp:attachment":[{"href":"http:\/\/www.korhanyilmaz.com\/index.php?rest_route=%2Fwp%2Fv2%2Fmedia&parent=30219"}],"wp:term":[{"taxonomy":"category","embeddable":true,"href":"http:\/\/www.korhanyilmaz.com\/index.php?rest_route=%2Fwp%2Fv2%2Fcategories&post=30219"},{"taxonomy":"post_tag","embeddable":true,"href":"http:\/\/www.korhanyilmaz.com\/index.php?rest_route=%2Fwp%2Fv2%2Ftags&post=30219"}],"curies":[{"name":"wp","href":"https:\/\/api.w.org\/{rel}","templated":true}]}}