{"id":30215,"date":"2011-04-05T15:00:30","date_gmt":"2011-04-05T12:00:30","guid":{"rendered":"http:\/\/www.korhanyilmaz.com\/?p=30215"},"modified":"2011-04-05T15:00:30","modified_gmt":"2011-04-05T12:00:30","slug":"baykal-ozur-dilerim-uslup-onemli","status":"publish","type":"post","link":"http:\/\/www.korhanyilmaz.com\/?p=30215","title":{"rendered":"Baykal: &#8220;\u00d6z\u00fcr dilerim, \u00fcslup \u00f6nemli&#8221;"},"content":{"rendered":"<p style=\"text-align: justify;\"><a href=\"http:\/\/www.korhanyilmaz.com\/wp-content\/uploads\/2011\/04\/446.jpg\"  class=\"lightview\"><img loading=\"lazy\" decoding=\"async\" class=\"aligncenter size-full wp-image-30216\" src=\"http:\/\/www.korhanyilmaz.com\/wp-content\/uploads\/2011\/04\/446.jpg\" alt=\"\" width=\"448\" height=\"237\" \/><\/a><\/p>\n<p style=\"text-align: justify;\">CHP eski Genel Ba\u015fkan\u0131 Deniz Baykal \u2018ulan polemi\u011fi\u2019 ile ilgili konu\u015ftu. Baykal \u201culan s\u00f6z\u00fc nedeniyle kamuoyundan \u00f6z\u00fcr diliyorum, \u00fcslup \u00f6nemli\u201d dedi.<\/p>\n<p style=\"text-align: justify;\">TBMM- CHP Antalya Milletvekili Deniz Baykal, Ba\u015fbakan Recep Tayyip Erdo\u011fan&#8217;\u0131n, CHP Lideri Kemal K\u0131l\u0131\u00e7daro\u011flu&#8217;na aile sigortas\u0131n\u0131n kayna\u011f\u0131n\u0131 sormas\u0131n\u0131 ele\u015ftirirken kulland\u0131\u011f\u0131 ifade nedeniyle \u00f6z\u00fcr diledi. <!--more--><\/p>\n<p style=\"text-align: justify;\">TBMM&#8217;de gazetecilerin sorular\u0131n\u0131 yan\u0131tlayan Baykal, kamuoyunun, yapt\u0131\u011f\u0131 konu\u015fmada, kulland\u0131\u011f\u0131 bir kelimeyi uygun bulmad\u0131\u011f\u0131n\u0131, \u00e7ok net \u015fekilde ortaya koydu\u011funu s\u00f6yledi.<\/p>\n<p style=\"text-align: justify;\">Sabah e\u015finin, &#8221;Bu s\u00f6z sana hi\u00e7 yak\u0131\u015fmad\u0131&#8221; dedi\u011fini anlatan Baykal, kamuoyunda da bu tepkiyi g\u00f6rd\u00fc\u011f\u00fcn\u00fc kaydetti.<\/p>\n<p style=\"text-align: justify;\">Baykal, uygun olmayan bir ifadeyle de\u011ferlendirme yapt\u0131\u011f\u0131n\u0131n anla\u015f\u0131ld\u0131\u011f\u0131n\u0131 dile getirerek, &#8221;Uzun bir aradan sonra tekrar sahaya \u00e7\u0131km\u0131\u015f olman\u0131n getirdi\u011fi bir rahatl\u0131kla m\u0131 ya da neden bilemiyorum ama bu ifade \u00f6yle anla\u015f\u0131l\u0131yor ki yanl\u0131\u015f olmu\u015ftur. Bu ifade dolay\u0131s\u0131yla kamuoyumuzdan \u00f6z\u00fcr diliyorum&#8221; dedi.<\/p>\n<p style=\"text-align: justify;\">\u00dcslubun \u00f6nemine i\u015faret eden Baykal, bu ifadesinin, bundan sonraki siyasi tart\u0131\u015fmalara olumsuz bir etki getirmesi ihtimalinin de kendisini kayg\u0131land\u0131rd\u0131\u011f\u0131n\u0131, \u00fcrk\u00fctt\u00fc\u011f\u00fcn\u00fc kaydetti. Baykal, &#8221;Umar\u0131m tetikleyici bir etkisi olmaz, olmamal\u0131&#8221; diye konu\u015ftu.<\/p>\n<p style=\"text-align: justify;\"><strong>&#8221;BA\u015eBAKAN&#8217;I \u00dcZMEMEYE \u00d6ZEN G\u00d6STERECE\u011e\u0130M&#8221;<\/strong><\/p>\n<p style=\"text-align: justify;\">Ba\u015fbakan Recep Tayyip Erdo\u011fan&#8217;\u0131n da konu\u015fmas\u0131ndan rahats\u0131z oldu\u011funu \u00f6\u011frendi\u011fini belirten Baykal, \u00f6zellikle se\u00e7im ortam\u0131nda, \u00fcslup konusunda dikkat etmeleri gerekti\u011fini kaydetti. Baykal, s\u00f6zlerini \u015f\u00f6yle s\u00fcrd\u00fcrd\u00fc:<\/p>\n<p style=\"text-align: justify;\">&#8221;Ben de edece\u011fim, bundan sonra daha dikkatli olaca\u011f\u0131m. Tabii bu s\u00f6ylenen s\u00f6zlerin i\u00e7eri\u011fini bize unutturmamal\u0131, yap\u0131lan \u015fikayetlerin, dile getirilen konular\u0131n g\u00f6zlerden ka\u00e7\u0131r\u0131lmas\u0131, ki\u015fisel su\u00e7lamalara i\u015fin \u00e7ekilmesi, dedikodulara itibar edilmesi i\u00e7in bir vesile olmamal\u0131d\u0131r. \u00dcslupla ilgili ele\u015ftiriyi yerinde buluyorum ama ortada iddia var. Diyoruz ki Deniz Feneri niye sorgulanm\u0131yor, iddianame nerede? Bu soru ortada. Kayseri niye soru\u015fturulmuyor? Bunu s\u00f6yl\u00fcyoruz. Bunun ifade edilmesi konusunda belki \u00f6zensizlik ger\u00e7ekle\u015ftirildi. \u00d6zensizlik i\u00e7in kamuoyundan \u00f6z\u00fcr diliyorum. Ama Say\u0131n Ba\u015fbakan&#8217;\u0131n bu konular\u0131 ayd\u0131nl\u0131\u011fa kavu\u015fturma g\u00f6revi var. Millet sizi sever, sevmez, ister istemez, yak\u0131ndakiler sana kaz\u0131k att\u0131lar, atmad\u0131lar bunlar onun cevab\u0131 de\u011fil. Say\u0131n Ba\u015fbakan&#8217;dan i\u015fin esas\u0131n\u0131 ayd\u0131nlatmas\u0131n\u0131 bekliyorum. Bir daha Say\u0131n Ba\u015fbakan&#8217;\u0131, \u00fcslupla \u00fczmemeye \u00f6zen g\u00f6sterece\u011fim. Ama \u015fikayetlerimi kararl\u0131l\u0131kla s\u00f6yleyece\u011fimden de ku\u015fkusu olmas\u0131n.&#8221;<\/p>\n<p style=\"text-align: justify;\">Erdo\u011fan&#8217;\u0131n gruptaki \u00fcslubuna ili\u015fkin bir soruya Baykal, &#8221;Daha \u00fcslubun hesab\u0131n\u0131 verme noktas\u0131ndayken, ba\u015fkas\u0131n\u0131n \u00fcslubundan \u015fikayet etmeye hakk\u0131m yok&#8221; kar\u015f\u0131l\u0131\u011f\u0131n\u0131 verdi.<\/p>\n<p style=\"text-align: justify;\"><a href=\"http:\/\/www.gazeteport.com.tr\/SIYASET\/NEWS\/GP_881925\" target=\"_blank\">Kaynak : GAZETEPORT<\/a><\/p>\n","protected":false},"excerpt":{"rendered":"<p style=\"text-align: justify;\">\n<p style=\"text-align: justify;\">CHP eski Genel Ba\u015fkan\u0131 Deniz Baykal \u2018ulan polemi\u011fi\u2019 ile ilgili konu\u015ftu. Baykal \u201culan s\u00f6z\u00fc nedeniyle kamuoyundan \u00f6z\u00fcr diliyorum, \u00fcslup \u00f6nemli\u201d dedi.<\/p>\n<p style=\"text-align: justify;\">TBMM- CHP Antalya Milletvekili Deniz Baykal, Ba\u015fbakan Recep Tayyip Erdo\u011fan&#8217;\u0131n, CHP Lideri Kemal K\u0131l\u0131\u00e7daro\u011flu&#8217;na aile sigortas\u0131n\u0131n kayna\u011f\u0131n\u0131 sormas\u0131n\u0131 ele\u015ftirirken kulland\u0131\u011f\u0131 ifade nedeniyle \u00f6z\u00fcr diledi. <\/p>\n","protected":false},"author":1,"featured_media":0,"comment_status":"open","ping_status":"closed","sticky":false,"template":"","format":"standard","meta":{"footnotes":""},"categories":[105],"tags":[],"class_list":["post-30215","post","type-post","status-publish","format-standard","hentry","category-gundem","odd"],"_links":{"self":[{"href":"http:\/\/www.korhanyilmaz.com\/index.php?rest_route=\/wp\/v2\/posts\/30215","targetHints":{"allow":["GET"]}}],"collection":[{"href":"http:\/\/www.korhanyilmaz.com\/index.php?rest_route=\/wp\/v2\/posts"}],"about":[{"href":"http:\/\/www.korhanyilmaz.com\/index.php?rest_route=\/wp\/v2\/types\/post"}],"author":[{"embeddable":true,"href":"http:\/\/www.korhanyilmaz.com\/index.php?rest_route=\/wp\/v2\/users\/1"}],"replies":[{"embeddable":true,"href":"http:\/\/www.korhanyilmaz.com\/index.php?rest_route=%2Fwp%2Fv2%2Fcomments&post=30215"}],"version-history":[{"count":0,"href":"http:\/\/www.korhanyilmaz.com\/index.php?rest_route=\/wp\/v2\/posts\/30215\/revisions"}],"wp:attachment":[{"href":"http:\/\/www.korhanyilmaz.com\/index.php?rest_route=%2Fwp%2Fv2%2Fmedia&parent=30215"}],"wp:term":[{"taxonomy":"category","embeddable":true,"href":"http:\/\/www.korhanyilmaz.com\/index.php?rest_route=%2Fwp%2Fv2%2Fcategories&post=30215"},{"taxonomy":"post_tag","embeddable":true,"href":"http:\/\/www.korhanyilmaz.com\/index.php?rest_route=%2Fwp%2Fv2%2Ftags&post=30215"}],"curies":[{"name":"wp","href":"https:\/\/api.w.org\/{rel}","templated":true}]}}