{"id":30212,"date":"2011-04-05T12:28:09","date_gmt":"2011-04-05T09:28:09","guid":{"rendered":"http:\/\/www.korhanyilmaz.com\/?p=30212"},"modified":"2011-04-05T12:28:09","modified_gmt":"2011-04-05T09:28:09","slug":"erdogandan-baykala-cok-sert-ulan-cevabi","status":"publish","type":"post","link":"http:\/\/www.korhanyilmaz.com\/?p=30212","title":{"rendered":"Erdo\u011fan&#8217;dan Baykal&#8217;a \u00e7ok sert &#8220;ulan&#8221; cevab\u0131"},"content":{"rendered":"<p style=\"text-align: center;\"><a href=\"http:\/\/www.korhanyilmaz.com\/wp-content\/uploads\/2011\/04\/445.jpg\"  class=\"lightview\"><img loading=\"lazy\" decoding=\"async\" class=\"aligncenter size-full wp-image-30213\" src=\"http:\/\/www.korhanyilmaz.com\/wp-content\/uploads\/2011\/04\/445.jpg\" alt=\"\" width=\"422\" height=\"208\" \/><\/a><\/p>\n<p style=\"text-align: justify;\">&#8220;Benim kalk\u0131p da senin \u015fahs\u0131na inmek gibi bir derdim yok. Zaten benim milletim her zaman sana tokat\u0131 att\u0131, milletim kalmad\u0131 senin partinin i\u00e7inde en yak\u0131n\u0131m dediklerin de sana tokat\u0131 att\u0131. \u015eimdi birlikte beraber kurdelalar kesiyor&#8230; Adayl\u0131\u011f\u0131 b\u00f6yle garantiye almaya \u00e7al\u0131\u015f\u0131yor herhalde&#8221;<!--more--><\/p>\n<p style=\"text-align: justify;\">Ba\u015fbakan Recep Tayyip Erdo\u011fan, partisinin grup toplant\u0131s\u0131nda, d\u00fcn Antalya&#8217;da halkla sohbet ederken Erdo\u011fan&#8217;a &#8220;ulan&#8221; diye hitap eden CHP&#8217;nin eski Genel Ba\u015fkan\u0131 Deniz Baykal&#8217;a \u00e7ok sert g\u00f6nderme yapt\u0131.<\/p>\n<p style=\"text-align: justify;\">Erdo\u011fan, partisinin grup toplant\u0131s\u0131nda yapt\u0131\u011f\u0131 konu\u015fmada, hafta i\u00e7inde 2010 y\u0131l\u0131 y\u0131l\u0131n\u0131n tamam\u0131na ili\u015fkin b\u00fcy\u00fcme rakamlar\u0131n\u0131 a\u00e7\u0131kland\u0131\u011f\u0131n\u0131 an\u0131msatarak, T\u00fcrkiye ekonomisinin 2010 y\u0131l\u0131n\u0131n son \u00e7eyre\u011finde 9,2 ile \u00c7in ve Singapur&#8217;dan sonra d\u00fcnyada \u00fc\u00e7\u00fcnc\u00fc b\u00fcy\u00fcme oran\u0131n\u0131 yakalad\u0131\u011f\u0131n\u0131 kaydetti.<\/p>\n<p style=\"text-align: justify;\">Erdo\u011fan, &#8221;2010 y\u0131l\u0131n\u0131n tamam\u0131n da ise b\u00fcy\u00fcme tahminlerimizin \u00e7ok \u00e7ok \u00fczerinde y\u00fczde 8,9 olarak ger\u00e7ekle\u015fti ki bunda da Avrupa ve OECD \u00fclkeleri aras\u0131nda T\u00fcrkiye birinci s\u0131rada&#8221; diye konu\u015ftu. Erdo\u011fan, \u015funlar\u0131 kaydetti:<\/p>\n<p style=\"text-align: justify;\">&#8221;2010 y\u0131l\u0131 sonunda milli gelirimiz tarihinde ilk kez 1 trilyon s\u0131n\u0131r\u0131n\u0131 a\u015farak 1 trilyon 105 milyar T\u00fcrk Liras\u0131 seviyesine y\u00fckseldi. Dolar cinsinden milli gelirimiz ise 736 milyar dolar olarak k\u00fcresel kriz \u00f6ncesindeki, yani 2008 sonu itibar\u0131yla 742 milyar dolar seviyesine neredeyse ula\u015ft\u0131.<\/p>\n<p style=\"text-align: justify;\">Ki\u015fi ba\u015f\u0131na milli gelir seviyesine bakt\u0131\u011f\u0131m\u0131zda; 2008&#8217;deki gibi 10 bin dolar\u0131 a\u015farak 10 bin 79 seviyesine ula\u015ft\u0131. K\u00fcresel finans krizinin halen devam etti\u011fi, ekonomiler \u00fczerinde bask\u0131s\u0131n\u0131 halen hissettirdi\u011fi bir d\u00f6nemde, T\u00fcrkiye&#8217;nin y\u00fczde 8,9 gibi y\u00fcksek bir oranda b\u00fcy\u00fcm\u00fc\u015f olmas\u0131, \u00fclkemiz ad\u0131na hem gurur verici hem de umut verici olmu\u015ftur.&#8221;<\/p>\n<p style=\"text-align: justify;\"><strong>&#8221;AZMETT\u0130K, SABRETT\u0130K, HEDEFE K\u0130L\u0130TLEND\u0130K&#8221;<\/strong><\/p>\n<p style=\"text-align: justify;\">B\u00fcy\u00fcme oranlar\u0131yla birlike bor\u00e7 miktarlar\u0131n\u0131n da \u00f6nemine dikkati \u00e7eken Erdo\u011fan, \u015f\u00f6yle devam etti:<\/p>\n<p style=\"text-align: justify;\">&#8221;T\u00fcrkiye&#8217;nin bor\u00e7 manzaras\u0131 \u00fczerinde \u00e7ok spek\u00fclasyon yapt\u0131lar. Bu da \u00e7ok net olarak ortaya \u00e7\u0131kt\u0131. Kamu net bor\u00e7 stokunun Gayri Safi Milli Has\u0131la&#8217;ya oran\u0131 2002 y\u0131l\u0131nda y\u00fczde 61,4 iken 2010 y\u0131l\u0131 sonunda k\u00fcresel finans krizine ra\u011fmen y\u00fczde 28,7 gibi rekor bir seviyeye geriledi. AB tan\u0131ml\u0131 genel y\u00f6netim bor\u00e7 stokumuz da 2002&#8217;de y\u00fczde 73,7 iken bu oran\u0131 da 2010 y\u0131l\u0131 sonunda 41,6&#8217;ya \u00e7ekmeyi ba\u015fard\u0131k. Bor\u00e7 oranlar\u0131nda AB&#8217;deki bir \u00e7ok \u00fclkeden daha iyi durumda oldu\u011fumuzu Maastricht kriteri olan y\u00fczde 60&#8217;\u0131n \u00e7ok alt\u0131nda bir oran\u0131 muhafaza etti\u011fimizi de hat\u0131rlatmak isterim.&#8221;<\/p>\n<p style=\"text-align: justify;\">Bug\u00fcnlere sorunlar\u0131 tek tek \u00e7\u00f6zerek geldik. Halk\u0131m\u0131za \u015fu anda parlamento \u00e7at\u0131s\u0131 alt\u0131ndan \u015f\u00f6yle sesleniyorum: Bize \u00e7\u0131rakl\u0131k d\u00f6neminde nas\u0131l deste\u011finizi verdiyseniz, kalfal\u0131k d\u00f6neminde nas\u0131l deste\u011finizi verdiyseniz, e\u011fer bizlerden memnun kald\u0131ysan\u0131z, gelin ustal\u0131k d\u00f6nemini de sizlerle beraber in\u015fa edelim.<\/p>\n<p style=\"text-align: justify;\">8 y\u0131l boyunca T\u00fcrkiye&#8217;ye kazand\u0131rd\u0131klar\u0131m\u0131z\u0131 art\u0131k bir \u00e7\u0131rp\u0131da s\u0131ralamak m\u00fcmk\u00fcn de\u011fil. E\u011fitimde, sa\u011fl\u0131kta, adalette, emniyette T\u00fcrkiye bizimle ilkleri ya\u015fad\u0131. B\u00fcy\u00fck d\u00f6n\u00fc\u015f\u00fcmleri, b\u00fcy\u00fck reformlar\u0131 T\u00fcrkiye bizimle ya\u015fad\u0131. D\u00fcnyada s\u00f6z\u00fcn\u00fcn a\u011f\u0131rl\u0131\u011f\u0131 olan, itibar\u0131 olan, ay y\u0131ld\u0131zl\u0131 bayra\u011f\u0131 t\u00fcm d\u00fcnya i\u00e7in anlam ifade eden bir T\u00fcrkiye var. Bu millet AK Parti&#8217;nin ayak sesleriyle 3 Kas\u0131m \u00f6ncesinde ayd\u0131nl\u0131k yar\u0131nlara yelken a\u00e7m\u0131\u015ft\u0131.&#8221;<\/p>\n<p style=\"text-align: justify;\"><strong>&#8220;3 TANE KIRMIZI \u00c7\u0130ZG\u0130M\u0130Z\u0130 \u0130FADE ETT\u0130K&#8221;<\/strong><\/p>\n<p style=\"text-align: justify;\">&#8220;12 Haziran se\u00e7imlerine girerken AK Parti yine T\u00fcrkiye&#8217;nin tek umudu. AK Parti kuruldu\u011fu andan itibaren T\u00fcrkiye&#8217;nin tamam\u0131n\u0131 kucaklarken, muhalefet partileri t\u0131pk\u0131 3 Kas\u0131m&#8217;da oldu\u011fu gibi bug\u00fcn de k\u00fc\u00e7\u00fck olsun benim olsun mant\u0131\u011f\u0131yla hareket ediyorlar. Biz Afyon&#8217;dan yola \u00e7\u0131karken 3 tane k\u0131rm\u0131z\u0131 \u00e7izgi ifade ettik. Bizde etnik milliyet\u00e7ilik, b\u00f6lgesel milliyet\u00e7ilik, dinsel milliyet\u00e7ilik yok. Bug\u00fcn yine ayn\u0131 noktaday\u0131z. Bunlar\u0131 yapt\u0131k, yapmaya devam ediyoruz. Bizim d\u0131\u015f\u0131m\u0131zdaki partilerin hi\u00e7biri bunlar\u0131 yapamad\u0131. Telaffuz dahi edemediler. Ya bir etnik gruubun veya bir b\u00f6lgenin partisi oldular. Veyahut da kumsallar\u0131n partisi oldular. Ama biz do\u011funun bat\u0131n\u0131n kuzeyin g\u00fcneyin da\u011f\u0131n ta\u015f\u0131n yaylan\u0131n her yerin partisi olduk. \u00c7\u00fcnk\u00fc tevazuh, b\u00fcy\u00fck d\u00fc\u015f\u00fcnme laz\u0131m. Bunlar da kapasite var m\u0131 ki b\u00fcy\u00fck d\u00fc\u015f\u00fcnebilsinler, b\u00fcy\u00fcyebilsinler? Belli kal\u0131plar i\u00e7inde durumu idare ediyolar.<\/p>\n<p style=\"text-align: justify;\"><strong>BAYKAL&#8217;A TOKATLI &#8220;ULAN&#8221; CEVABI<\/strong><\/p>\n<p style=\"text-align: justify;\">Erdo\u011fan, CHP&#8217;nin 1940&#8217;larda tak\u0131l\u0131p kald\u0131\u011f\u0131 yerden bug\u00fcnlere hala gelemedi\u011fini belirterek, \u015f\u00f6yle konu\u015ftu:<\/p>\n<p style=\"text-align: justify;\">&#8221;Hatta daha gerilere gidebilirsiniz. &#8216;Cumhuriyeti kuran biziz&#8221; diyorlar ya&#8230; Aynen oradalar hala. Kendi i\u00e7 \u00e7eki\u015fmelerinden, i\u00e7 sorunlar\u0131ndan T\u00fcrkiye&#8217;nin, milletin sorunlar\u0131na kulak vermeye f\u0131rsat bulamad\u0131, bug\u00fcn de hala bulam\u0131yorlar. Yapt\u0131klar\u0131 tek \u015fey var; hakaret. Bu hakaretin bedelini de 12 Haziran&#8217;da yine \u00f6deyecekler.<\/p>\n<p style=\"text-align: justify;\">Eski Genel Ba\u015fkan\u0131 hepinizin malumudur, milletin de malumudur. Biliyorsunuz, malum Genel Ba\u015fkana neden, ni\u00e7in b\u00f6yle bir g\u00f6revi devretmek zorunda kald\u0131\u011f\u0131 ortada. Tabii O&#8217;na kalsa devretmeyecekti de i\u015fte durum oldu. \u015eimdi kendisine bir g\u00fc\u00e7 dev\u015firebilmek i\u00e7in \u015fahs\u0131ma bak\u0131yorsunuz &#8216;ulan, mulan&#8217; gibi ifadelerle hakaret ediyor. Benim kalk\u0131p da senin seviyene inmek gibi bir derdim yok. Zaten bu siyasette milletim, her zaman sana tokad\u0131 att\u0131. Milletimin tokad\u0131yla kalmad\u0131, en sonunda partinde d\u00fcne kadar yan\u0131nda olanlar da sana tokad\u0131 att\u0131. En yak\u0131n\u0131nda olan, ziyaretine gelip &#8216;ben siyasette yokum&#8217; diyen de yan\u0131ndan ayr\u0131l\u0131p a\u00e7\u0131klamay\u0131 yapt\u0131, ertesi g\u00fcn &#8216;Genel Ba\u015fkanl\u0131\u011fa aday\u0131m&#8217; dedi. O da sana bir tokat att\u0131 ama \u015fimdi ma\u015fallah boy boy resimler \u00e7ektiriyorlar, beraber kurdeleler kesiyorlar. Adayl\u0131\u011f\u0131 garantiye almak istiyor herhalde. \u015eimdi b\u00f6yle bir durum var ama onun da karar\u0131n\u0131 Parti Meclisi verecek.&#8221;<\/p>\n<p style=\"text-align: justify;\"><strong>&#8220;ATAT\u00dcRK&#8217;\u00dcN O \u0130FADES\u0130NE TAHAMM\u00dcL EDEMED\u0130LER&#8221;<\/strong><\/p>\n<p style=\"text-align: justify;\">Erdo\u011fan, &#8221;1940&#8217;larda tek parti olman\u0131n imtiyaz\u0131yla milletin derdine kulak t\u0131kayan CHP&#8217;nin, bug\u00fcn de ayn\u0131 \u015fekilde milletin taleplerine, hissiyat\u0131na, arzular\u0131na kulak t\u0131kamaya devam etti\u011fini&#8221; belirterek, \u015f\u00f6yle devam etti:<\/p>\n<p style=\"text-align: justify;\">&#8221;Bu CHP; il ba\u015fkanlar\u0131n\u0131n illerde valilik yapt\u0131\u011f\u0131 bir partidir. Bunlar\u0131n demokrasi anlay\u0131\u015f\u0131 budur. \u0130l ba\u015fkan\u0131, o ilin valisi. B\u00f6yle demokrasi olur mu ya? \u0130\u015fte biz, bug\u00fcnlere b\u00f6yle geldik. \u015eimdi kalkm\u0131\u015flar bunlar T\u00fcrkiye&#8217;de demokrasi dersi veriyor gen\u00e7ler. Bu CHP, b\u00f6yle bir CHP&#8217;dir. Bunu b\u00f6yle bilin. Hem il ba\u015fkan\u0131 olacak hem de gidip o ilin valisi olacak. Bunlar demokrasiyi b\u00f6yle tan\u0131d\u0131lar, b\u00f6yle tan\u0131mlad\u0131lar, b\u00f6yle anlad\u0131lar. Bunlar, hani Atat\u00fcrk&#8217;\u00fcn &#8216;Egemenlik kay\u0131ts\u0131z \u015farts\u0131z milletindir&#8217; ilkesi var ya, ona hi\u00e7bir zaman tahamm\u00fcl edemediler. Bu partinin ad\u0131ndaki &#8216;halk&#8217; ifadesine bakmay\u0131n, bu parti halks\u0131z bir CHP&#8217;dir. Bunlarda halk yok.<\/p>\n<p style=\"text-align: justify;\">\u015eimdi se\u00e7im sand\u0131\u011f\u0131 ufukta g\u00f6z\u00fckt\u00fc. Ge\u00e7ici bir s\u00fcre i\u00e7in CHP&#8217;nin akl\u0131na millet, milletin sorunlar\u0131 geldi. Dikkat edin yeni gibi lanse ettikleri her uygulama, her s\u00f6ylem teredd\u00fcte yer b\u0131rakmayacak \u015fekilde AK Parti&#8217;nin taklidinden ibarettir. Ortaya att\u0131klar\u0131 her vaat, AK Parti&#8217;nin zaten uygulad\u0131\u011f\u0131 \u00e7\u00f6z\u00fcmlerin, hani \u00e7ocuklar\u0131m\u0131za g\u00f6steriyoruz ya &#8216;kes, yap\u0131\u015ft\u0131r, kopyala&#8217; form\u00fcl\u00fcyle orant\u0131l\u0131d\u0131r. Budur. Yeniden ve abart\u0131l\u0131 olarak \u00f6\u011fretilmesinden ba\u015fka bir \u015fey de\u011fildir. Hani ge\u00e7mi\u015fte vard\u0131 ya &#8216;O ne veriyorsa ben be\u015f fazlas\u0131n\u0131 veriyorum&#8217; diyen siyaset\u00e7iler yok muydu? \u0130\u015fte CHP&#8217;nin bug\u00fcn ula\u015ft\u0131\u011f\u0131 seviye, 20 y\u0131l \u00f6nceki o seviye. Taklidi bile do\u011fru d\u00fcr\u00fcst beceremeyenler, hi\u00e7 \u015f\u00fcpheniz olmas\u0131n milleten takdiri de g\u00f6remeyecek.&#8221;<\/p>\n<p style=\"text-align: justify;\"><strong>ERGENEKON ADAYLARI \u0130\u00c7\u0130N SERT \u00c7IKI\u015e<\/strong><\/p>\n<p style=\"text-align: justify;\">&#8220;\u00c7etelerden medet umanlar i\u015fte ortada. Bak\u0131n, listeler a\u00e7\u0131kland\u0131\u011f\u0131 zaman bir \u00e7ok \u015feyleri g\u00f6receksiniz. \u00c7etelerden medet umanlar, milletten asla takdir g\u00f6remezler. \u0130ngiltere&#8217;de, ABD&#8217;de \u0130srail&#8217;e selam g\u00f6nderenler, bu milletten asla takdir g\u00f6remezler. Kalpleriyle dilleri ayn\u0131 istikamete bakmayanlar, bu milletin tercihine asla mazhar olamazlar. En \u00f6nemlisi, milleti a\u015fa\u011f\u0131layanlar, bug\u00fcn hala millete tepeden bakanlar, millete &#8216;g\u00f6be\u011fini ka\u015f\u0131yan adam, bidon kafal\u0131, y\u00fczde 60&#8217;\u0131 aptal&#8217; diyenler, bu milletten ebediyen y\u00fcz bulamazlar. Daha \u00f6nce de s\u00f6yledim; siz aile sigortas\u0131n\u0131 bir kenara b\u0131rak\u0131n da \u00f6nce kendi arkada\u015flar\u0131n\u0131za kurdu\u011funuz komplolar\u0131n, y\u0131pratt\u0131\u011f\u0131n\u0131z aile kurumunun hesab\u0131n\u0131 verin. Siz SSK&#8217;n\u0131n hesab\u0131n\u0131 verin. 8 y\u0131ld\u0131r s\u00f6yl\u00fcyorum; b\u00f6yle muhalefete can kurban, inan\u0131n can kurban. 12 Haziran se\u00e7imlerine \u00e7ok bildik, \u00e7ok tan\u0131d\u0131k bir rakiple, s\u00fcrekli \u00e7ark eden, umut simsarl\u0131\u011f\u0131 yapan, hayal t\u00fcccarl\u0131\u011f\u0131ndan medet uman bir CHP ile giriyoruz.&#8221;<\/p>\n<p style=\"text-align: justify;\"><strong>&#8220;S\u0130Z\u0130N K\u0130RLETT\u0130\u011e\u0130N\u0130Z T\u00dcRK\u0130YE&#8217;Y\u0130 B\u0130Z TEM\u0130ZL\u0130YORUZ, B\u0130Z&#8221;<\/strong><\/p>\n<p style=\"text-align: justify;\">Erdo\u011fan, MHP&#8217;ye y\u00f6nelik ele\u015ftirilerini ifade ederken, 22 Temmuz&#8217;da Parlamentoya girme ba\u015far\u0131s\u0131n\u0131 g\u00f6stermi\u015fken, 4 y\u0131lda muhalefet etme g\u00f6revini yerine getiremedi\u011fini belirtti. Erdo\u011fan, &#8221;2000 ve 2001 krizlerinin mimar\u0131 olan, T\u00fcrkiye ekonomisini adeta dibe vurduran, bir gecede T\u00fcrkiye&#8217;yi yoksulla\u015ft\u0131ran MHP, Meclis d\u0131\u015f\u0131nda kald\u0131ktan sonra 2007 se\u00e7imlerinde eline ge\u00e7en f\u0131rsat\u0131 heba etmi\u015ftir. Allah a\u015fk\u0131na \u015fu geride kalan 4 y\u0131la bak\u0131n, MHP \u00fcst y\u00f6netimine ait tek bir olumlu, yap\u0131c\u0131, pozitif ele\u015ftiri bulabilir misiniz?&#8221; dedi ve \u015f\u00f6yle devam etti:<\/p>\n<p style=\"text-align: justify;\">&#8221;Yav, sizin kirletti\u011finiz b\u00fct\u00fcn T\u00fcrkiye&#8217;yi biz temizliyoruz biz. Kasalar\u0131 bo\u015faltt\u0131n\u0131z, biz dolduruyoruz. Bor\u00e7land\u0131n\u0131z, biz \u00f6d\u00fcyoruz. 79 senede 6 bin 300 kilometre duble yolun yap\u0131ld\u0131\u011f\u0131 bir T\u00fcrkiye&#8217;de, 8 y\u0131lda biz 13 bin 600 kilometre duble yol yapt\u0131k. T\u00fcrkiye&#8217;nin d\u00f6rt bir yan\u0131na 45 havaalan\u0131 ile ula\u015fan bir T\u00fcrkiye. Art\u0131k benim vatanda\u015f\u0131m u\u00e7aklarla seyahat ediyor. Yolsuzluklar\u0131n oldu\u011fu bir T\u00fcrkiye&#8217;de siz bunlar\u0131 nas\u0131l yapacaks\u0131n\u0131z ya, bu yollar\u0131 nas\u0131l yapacaks\u0131n\u0131z? Da\u011fa, ta\u015fa suyu, yolu nas\u0131l g\u00f6t\u00fcreceksiniz? Bu bor\u00e7lar\u0131 nas\u0131l \u00f6deyeceksiniz? Bu, b\u00f6yle oldu. T\u00fcy\u00fc bitmemi\u015f yetimin hakk\u0131 korundu\u011fu i\u00e7in b\u00f6yle oldu. Yoksa bunlar\u0131n hi\u00e7 birisini yapamazd\u0131k.&#8221;<\/p>\n<p style=\"text-align: justify;\"><strong>&#8221;K\u00dcFRETMEKTEN BA\u015eKA B\u0130R \u015eEY ORTAYA KOYMADILAR&#8221;<\/strong><\/p>\n<p style=\"text-align: justify;\">T\u00fcrkiye&#8217;nin art\u0131k ayaklar\u0131n\u0131n \u00fczerinde durdu\u011funu belirten Erdo\u011fan, 4 y\u0131l boyunca milletin derdine derman, \u015fifa olacak bir tek \u00f6neri g\u00f6r\u00fclmedi\u011fini ifade etti. Ba\u015fbakan Erdo\u011fan, \u015funlar\u0131 kaydetti:<\/p>\n<p style=\"text-align: justify;\">&#8221;K\u00fcfretmekten, hakaret etmekten, \u00f6fke ve nefretten ba\u015fka ortaya hi\u00e7bir \u015fey koymad\u0131lar, koyamad\u0131lar. Milli birlik ve karde\u015flik projesi gibi birle\u015ftirici ve b\u00fct\u00fcnle\u015ftirici bir s\u00fcre\u00e7 kar\u015f\u0131s\u0131nda bile, ayr\u0131\u015ft\u0131r\u0131c\u0131 dili, \u00f6fke ve nefret dilini tercih ettiler. BDP nas\u0131l T\u00fcrkiye&#8217;nin do\u011fusuna \u00e7\u0131k\u0131p oradan \u00e7\u0131kamad\u0131ysa, MHP&#8217;de maalesef kafatas\u0131 \u00f6l\u00e7mekten ba\u015fka bir i\u015fe yaram\u0131yor. MHP de sahil kesimlerinin baz\u0131 kesimlerine s\u0131k\u0131\u015farak oradan \u00e7\u0131kamad\u0131, T\u00fcrkiye partisi olamad\u0131. Milli birlik ve karde\u015flik projesinin kar\u015f\u0131s\u0131nda duran, \u00e7\u00f6z\u00fcm\u00fc engellemek i\u00e7in yo\u011fun gayret g\u00f6steren bir di\u011fer parti de MHP oldu, bir di\u011feri de BDP. Do\u011fu ve G\u00fcneydo\u011fu&#8217;nun yat\u0131r\u0131mlara kavu\u015fmas\u0131, \u00e7ocuklar\u0131n, gen\u00e7lerin umutla kucakla\u015fmas\u0131, huzurun b\u00f6lgeye egemen olmas\u0131, sorunlardan beslenen, yoksullu\u011fu istismar eden, maalesef BDP&#8217;yi rahats\u0131z etti. Y\u00fcksekova&#8217;ya gideceksin havaalan\u0131 yapacaks\u0131n, oran\u0131n temel atma t\u00f6renine gelmek isteyenleri engelleyeceksin. \u015e\u0131rnak, Cizre&#8217;de havaalan\u0131 yapacaks\u0131n, temel atma t\u00f6reni, gelmek isteyenleri engelleyeceksin. Yol yapacaks\u0131n, yollardaki o i\u015f makinalar\u0131n\u0131 yakacaks\u0131n. Bu mudur \u00fclkeyi, insan\u0131n\u0131 sevmek? Bu mudur \u015fehrini, Hakkari&#8217;sini, \u015e\u0131rnak&#8217;\u0131n\u0131, Diyarbak\u0131r&#8217;\u0131n\u0131 sevmek?<\/p>\n<p style=\"text-align: justify;\">\u015eu anda se\u00e7im sand\u0131\u011f\u0131n\u0131n g\u00f6r\u00fclmesiyle birlikte planlarla, projelerle \u00f6nerilerle ortaya \u00e7\u0131kmas\u0131 gereken BDP, bir kez daha gerilimi, tahrik siyasetini, istismar\u0131 propaganda y\u00f6ntemi olarak benimsedi. Yap\u0131lan sivil itaatsizlik de\u011fil, sivil iradesizliktir. Yap\u0131lan budur&#8230; Halk\u0131n\u0131n, oy ald\u0131\u011f\u0131 kesimlerin iradesini hi\u00e7e sayanlar, milletin iradesine ipotek koyduranlar sivillikten, sivil itaatsizlikten bahsedemezler. \u0130\u015fte referandumda g\u00f6rd\u00fck. Sand\u0131\u011f\u0131n \u00fczerine \u00e7arp\u0131 i\u015fareti koyanlar, ne yaparlar? Bu sivil iradesizlik de\u011fil mi, halk\u0131n\u0131n iradesine ipotek koymak de\u011fil mi? Budur&#8230; B\u0131rak, halk iradesini ortaya koysun, bakal\u0131m ne diyor. Senin g\u00f6sterdi\u011fin istikametten mi gidecek, yoksa do\u011fru nerede ise oradan m\u0131 gidecek? Kendileri Parlamento&#8217;da bile sand\u0131\u011fa gidemediler, iradelerini ortaya koyamad\u0131lar.&#8221;<\/p>\n<p style=\"text-align: justify;\"><strong>&#8221;TER\u00d6RDEN \u0130K\u0130 KES\u0130M \u0130ST\u0130FADE ETT\u0130&#8221;<\/strong><\/p>\n<p style=\"text-align: justify;\">Ba\u015fbakan Erdo\u011fan, bug\u00fcne kadar ter\u00f6rden iki kesimin istifade etti\u011fini ifade ederek, &#8221;Birincisi silah t\u00fcccarlar\u0131, ikincisi de istismarc\u0131lar&#8221; dedi. B\u00f6lgenin meseleleri \u00e7\u00f6z\u00fcld\u00fck\u00e7e, o istismarc\u0131lar\u0131n \u00e7\u00f6z\u00fcm\u00fc engellemek i\u00e7in her yola, her tahrik eylemine ba\u015fvurduklar\u0131n\u0131 kaydeden Erdo\u011fan, &#8221;Sivil itaatsizlik diye ortaya konan eylemlerin, b\u00f6lge halk\u0131n\u0131n hissiyat\u0131n\u0131 istismar yoluyla, se\u00e7im hesab\u0131 yapmaktan ba\u015fka bir \u015fey olmad\u0131\u011f\u0131n\u0131&#8221; bildirdi.<\/p>\n<p style=\"text-align: justify;\">Erdo\u011fan, &#8221;Burada cuma namaz\u0131 k\u0131l\u0131n\u0131yor. Siz kalk\u0131p da hemen \u015f\u00f6yle biraz \u00f6te tarafta, orada k\u0131l\u0131nan cuma namaz\u0131n\u0131 adeta sabote edercesine, orada elde megafonla alelacele toparlan\u0131p bir cuma namaz\u0131 k\u0131lmaya kalkarsan\u0131z, buna ayr\u0131mc\u0131l\u0131ktan ba\u015fka bir \u015fey denmez, bu ayr\u0131mc\u0131l\u0131kt\u0131r. Bu, mukaddes dinimizin i\u00e7erisine de b\u00f6l\u00fcc\u00fcl\u00fc\u011f\u00fc sokmakt\u0131r. Bunlar bunu da yapt\u0131lar. Ben i\u015fin teferruat\u0131na, detay\u0131na da girmiyorum. Bu tahrik eylemleri pani\u011fin, tela\u015f\u0131n t\u00fckenmi\u015fli\u011fin emaresidir&#8221; diye konu\u015ftu.<\/p>\n<p style=\"text-align: justify;\">&#8221;T\u00fcrkiye&#8217;yi konu\u015famayanlar, T\u00fcrkiye&#8217;yi bir b\u00fct\u00fcn olarak kucaklamayanlar\u0131n, ne yaparlarsa, hangi senaryoyu uygularlarsa uygulas\u0131nlar; o b\u00f6lgedeki samimi karde\u015fimin takdirine de mazhar olamayacaklard\u0131r&#8221; diyen Erdo\u011fan, \u00e7\u00fcnk\u00fc milletin art\u0131k oynanan oyunlar\u0131 \u00e7ok net olarak g\u00f6rd\u00fc\u011f\u00fcn\u00fc s\u00f6yledi.<\/p>\n<p style=\"text-align: justify;\"><strong>&#8221;12 HAZ\u0130RAN HAK\u0130KAT\u0130N TECELL\u0130 EDECE\u011e\u0130 B\u0130R TAR\u0130HT\u0130R&#8221;<\/strong><\/p>\n<p style=\"text-align: justify;\">Ba\u015fbakan Erdo\u011fan, s\u00f6zlerini \u015f\u00f6yle s\u00fcrd\u00fcrd\u00fc:<\/p>\n<p style=\"text-align: justify;\">&#8221;Benim milletin kimin kiminle i\u015f tuttu\u011funu, kimlerin nas\u0131l bir kirli ili\u015fki i\u00e7inde oldu\u011funu, hangi \u00e7irkin senaryolar\u0131n ortaya kondu\u011funu art\u0131k \u00e7ok net olarak g\u00f6r\u00fcyor. Bunu sadece kendileri g\u00f6rm\u00fcyorlar. Eski, bayat senaryolar\u0131n hala i\u015f g\u00f6rece\u011fini zannediyorlar. 12 Haziran&#8217;da milletim onlara nas\u0131l bir yan\u0131lg\u0131, yanl\u0131\u015f i\u00e7inde olduklar\u0131n\u0131 in\u015fallah g\u00f6sterecektir. 12 Haziran, senaryolar\u0131n de\u011fil, hakikatin tecelli edece\u011fi bir tarihtir.<\/p>\n<p style=\"text-align: justify;\">Tabii, burada, ter\u00f6r \u00f6rg\u00fct\u00fcn\u00fcn son g\u00fcnlerdeki eylemlerine de milletimin \u00f6zellikle dikkatini \u00e7ekiyorum. Se\u00e7imin hemen \u00f6ncesinde ortaya konan bu eylemler, her se\u00e7im \u00f6ncesinde oldu\u011fu gibi, T\u00fcrkiye&#8217;de i\u00e7 siyaseti dizayn etme giri\u015fimlerinin aleni bir uzant\u0131s\u0131d\u0131r. \u015eunu da a\u00e7\u0131k a\u00e7\u0131k s\u00f6yl\u00fcyorum. Bu eylemler sadece Do\u011fu ve G\u00fcneydo\u011fu&#8217;da halk\u0131 tahrik yoluyla de\u011fil; H\u00fck\u00fcmeti y\u0131pratmak, bat\u0131daki vatanda\u015flar\u0131 tahrik etmek yoluyla se\u00e7imleri etkilemeye d\u00f6n\u00fck \u00e7ok boyutlu senaryonun bir par\u00e7as\u0131d\u0131r.<\/p>\n<p style=\"text-align: justify;\">T\u00fcrkiye art\u0131k bu oyunlara gelmeyecek. T\u00fcrkiye, bu kirli senaryolara gelmeyecek, bunlar\u0131 bozacak ve mutlaka a\u015facakt\u0131r.&#8221;<\/p>\n<p style=\"text-align: justify;\"><strong>&#8220;SON KEZ ADAY OLUYORUM AMA&#8230;&#8221;<\/strong><\/p>\n<p style=\"text-align: justify;\">&#8221;Burada hepinize en kalbi \u015f\u00fckranlar\u0131m\u0131 sunarken, \u015funu t\u00fcm kalbimle ifade ediyorum: Bu m\u00fcbarek yolda bana sizin gibi yol arkada\u015flar\u0131 nasip etti\u011fi i\u00e7in Rabbime hamd ediyorum. Yanl\u0131\u015flar, hatalar olabilir. Ben sizlerden raz\u0131y\u0131m, inan\u0131yorum ki millet sizlerden raz\u0131d\u0131r. Allah da sizlerden raz\u0131 olsun diyorum. Bizim d\u00fcnyam\u0131zda, karde\u015fler aras\u0131nda hesapla\u015fma olmaz, helalle\u015fme olur. E\u011fer \u00fczerimde hakk\u0131n\u0131z varsa ben sizlere hakk\u0131m\u0131 helal ediyorum, l\u00fctfen sizler de bana ve birbirinize hakk\u0131n\u0131z\u0131 helal edin. B\u00f6yle bir yolda ikbal h\u0131rs\u0131 olamaz, \u015fahsi beklentiler \u00f6ne \u00e7\u0131kar\u0131lamaz. B\u00f6yle kutlu bir yolda k\u00fcsl\u00fc\u011fe, k\u0131rg\u0131nl\u0131\u011fa, darg\u0131nl\u0131\u011fa asla yer olamaz. Hani \u00fcstat diyor ya; &#8216;\u0130nsand\u0131r san\u0131yordum mukaddes y\u00fcke hamal\/ Hamall\u0131k ki sonunda, ne r\u00fctbe var, ne de mal\/ Yaln\u0131z ac\u0131 bir lokma, zehirle pi\u015fmi\u015f a\u015ftan\/ Ve ayr\u0131l\u0131k, anneden, vatandan, arkada\u015ftan.&#8217; Bu kadro b\u00f6yle bir misyonla, hissiyatla donanm\u0131\u015f bir parti. Hesap g\u00fcn\u00fc bizim akl\u0131m\u0131zdan bir an olsun \u00e7\u0131kmad\u0131, \u00e7\u0131kmayacak da. Biz, ilklerin oldu\u011fu kadar ilkelerin partisiyiz. Partimizin t\u00fcz\u00fc\u011f\u00fcne koydu\u011fumuz o maddeden hareketle, biliyorsunuz son kez aday oluyorum. Sonra ara veriyorum, gerisi Allah kerim. Bu bir bayrak bar\u0131\u015f\u0131d\u0131r, koltu\u011funa yap\u0131\u015fanlar\u0131 k\u0131yas\u0131ya ele\u015ftirdi\u011fimiz bir noktada biz de onlardan olamay\u0131z, onlar gibi davranamay\u0131z.<\/p>\n<p style=\"text-align: justify;\">Millete hizmetin say\u0131s\u0131z yolu, y\u00f6ntemi var. Siyaset sadece bu \u00e7at\u0131 alt\u0131na girmek de\u011fildir. Siyaset, partide yap\u0131l\u0131r, partinin d\u0131\u015f\u0131nda \u00e7e\u015fitli kurum ve kurulu\u015flarda yap\u0131l\u0131r. E\u011fer biz muhafazakar, demokrat bir hareketin mensuplar\u0131ysak, bu hareketin \u00e7e\u015fitli kurum ve kurulu\u015flar\u0131nda da g\u00f6rev yapmam\u0131z gerekir. Yani aday olamad\u0131\u011f\u0131m\u0131z andan itibaren eyvallah de\u011fil, bir daha ki se\u00e7imlere kadar kaybolanlardan olmamal\u0131y\u0131z. Ayn\u0131 \u015fekilde yola devam etmeliyiz. Bunun bir \u00e7ok y\u00f6ntemi var. Biz de kenara \u00e7ekilir, bir yol tutturur ve millete kald\u0131\u011f\u0131m\u0131z yerden hizmete devam ederiz. Aktif siyasetin mekan\u0131, sadece buras\u0131 de\u011fildir. Buradaki arkada\u015flar\u0131mla, te\u015fkilat\u0131mdaki t\u00fcm karde\u015flerimle bug\u00fcne kadar oldu\u011fu gibi bundan sonra da hizmet \u00fcretmenin i\u00e7inde olaca\u011f\u0131z. Bu \u015fark\u0131 burada bitmiyor, bu \u015fark\u0131 12 Haziran&#8217;dan itibaren \u00e7ok daha g\u00fcr ve ahenkli \u015fekilde ustal\u0131k d\u00f6nemi olarak devam edecek. \u00dclkeye hizmetlerinizden dolay\u0131 sizlere te\u015fekk\u00fcr ediyorum. Bir kez daha Allah sizlerden raz\u0131 olsun diyorum. Daha birlikte y\u00fcr\u00fcyecek nice yolumuz var.&#8221;<\/p>\n<p style=\"text-align: justify;\"><a href=\"http:\/\/www.gazeteport.com.tr\/SIYASET\/NEWS\/GP_881795\" target=\"_blank\">Kaynak : GAZETEPORT<\/a><\/p>\n","protected":false},"excerpt":{"rendered":"<p style=\"text-align: center;\">\n<p style=\"text-align: justify;\">&#8220;Benim kalk\u0131p da senin \u015fahs\u0131na inmek gibi bir derdim yok. Zaten benim milletim her zaman sana tokat\u0131 att\u0131, milletim kalmad\u0131 senin partinin i\u00e7inde en yak\u0131n\u0131m dediklerin de sana tokat\u0131 att\u0131. \u015eimdi birlikte beraber kurdelalar kesiyor&#8230; Adayl\u0131\u011f\u0131 b\u00f6yle garantiye almaya \u00e7al\u0131\u015f\u0131yor herhalde&#8221;<\/p>\n","protected":false},"author":1,"featured_media":0,"comment_status":"open","ping_status":"closed","sticky":false,"template":"","format":"standard","meta":{"footnotes":""},"categories":[105],"tags":[],"class_list":["post-30212","post","type-post","status-publish","format-standard","hentry","category-gundem","odd"],"_links":{"self":[{"href":"http:\/\/www.korhanyilmaz.com\/index.php?rest_route=\/wp\/v2\/posts\/30212","targetHints":{"allow":["GET"]}}],"collection":[{"href":"http:\/\/www.korhanyilmaz.com\/index.php?rest_route=\/wp\/v2\/posts"}],"about":[{"href":"http:\/\/www.korhanyilmaz.com\/index.php?rest_route=\/wp\/v2\/types\/post"}],"author":[{"embeddable":true,"href":"http:\/\/www.korhanyilmaz.com\/index.php?rest_route=\/wp\/v2\/users\/1"}],"replies":[{"embeddable":true,"href":"http:\/\/www.korhanyilmaz.com\/index.php?rest_route=%2Fwp%2Fv2%2Fcomments&post=30212"}],"version-history":[{"count":0,"href":"http:\/\/www.korhanyilmaz.com\/index.php?rest_route=\/wp\/v2\/posts\/30212\/revisions"}],"wp:attachment":[{"href":"http:\/\/www.korhanyilmaz.com\/index.php?rest_route=%2Fwp%2Fv2%2Fmedia&parent=30212"}],"wp:term":[{"taxonomy":"category","embeddable":true,"href":"http:\/\/www.korhanyilmaz.com\/index.php?rest_route=%2Fwp%2Fv2%2Fcategories&post=30212"},{"taxonomy":"post_tag","embeddable":true,"href":"http:\/\/www.korhanyilmaz.com\/index.php?rest_route=%2Fwp%2Fv2%2Ftags&post=30212"}],"curies":[{"name":"wp","href":"https:\/\/api.w.org\/{rel}","templated":true}]}}