{"id":30176,"date":"2011-04-04T18:08:37","date_gmt":"2011-04-04T15:08:37","guid":{"rendered":"http:\/\/www.korhanyilmaz.com\/?p=30176"},"modified":"2011-04-04T18:08:37","modified_gmt":"2011-04-04T15:08:37","slug":"avukatlara-buyuk-gorev-dusuyor","status":"publish","type":"post","link":"http:\/\/www.korhanyilmaz.com\/?p=30176","title":{"rendered":"&#8220;Avukatlara b\u00fcy\u00fck g\u00f6rev d\u00fc\u015f\u00fcyor&#8221;"},"content":{"rendered":"<p style=\"text-align: center;\"><a href=\"http:\/\/www.korhanyilmaz.com\/wp-content\/uploads\/2011\/04\/438.jpg\"  class=\"lightview\"><img loading=\"lazy\" decoding=\"async\" class=\"aligncenter size-full wp-image-30177\" src=\"http:\/\/www.korhanyilmaz.com\/wp-content\/uploads\/2011\/04\/438.jpg\" alt=\"\" width=\"322\" height=\"241\" \/><\/a><\/p>\n<p style=\"text-align: justify;\">Yarg\u0131tay Ba\u015fkan\u0131 Hasan Ger\u00e7eker, &#8221;\u0130nsanlar\u0131n bu derece savunmaya ihtiyac\u0131 oldu\u011fu bu ortamda avukatlara \u00e7ok b\u00fcy\u00fck g\u00f6revler d\u00fc\u015f\u00fcyor. Onlar ellerinden geleni, g\u00fc\u00e7leri yetti\u011fince yerine getirmeye \u00e7al\u0131\u015f\u0131yorlar&#8221; dedi.<!--more--><\/p>\n<p style=\"text-align: justify;\">Ankara- Ger\u00e7eker, Avukatlar Haftas\u0131 nedeniyle Barolar Birli\u011finde d\u00fczenlenen etkinli\u011fin a\u00e7\u0131l\u0131\u015f\u0131nda yapt\u0131\u011f\u0131 konu\u015fmada, T\u00fcrkiye Barolar Birli\u011fi ile her zaman dayan\u0131\u015fma i\u00e7inde olduklar\u0131n\u0131, hukukun \u00fcst\u00fcnl\u00fc\u011f\u00fc, yarg\u0131 ba\u011f\u0131ms\u0131zl\u0131\u011f\u0131 ve kuvvetler ayr\u0131l\u0131\u011f\u0131 ilkesi i\u00e7in ortak m\u00fccadeleyi s\u00fcrd\u00fcrmeye \u00e7al\u0131\u015ft\u0131klar\u0131n\u0131 s\u00f6yledi.<\/p>\n<p style=\"text-align: justify;\">Avukatlar\u0131 yarg\u0131n\u0131n \u00fc\u00e7 temel aya\u011f\u0131ndan biri olarak g\u00f6rd\u00fcklerini belirten Ger\u00e7eker, avukatl\u0131\u011f\u0131n \u00e7ok onurlu, sayg\u0131n ve kutsal bir meslek oldu\u011funu dile getirdi.<\/p>\n<p style=\"text-align: justify;\">Ger\u00e7eker, &#8221;\u0130nsanlar\u0131n bu derece savunmaya ihtiyac\u0131 oldu\u011fu bu ortamda avukatlara \u00e7ok b\u00fcy\u00fck g\u00f6revler d\u00fc\u015f\u00fcyor. Onlar ellerinden geleni, g\u00fc\u00e7leri yetti\u011fince yerine getirmeye \u00e7al\u0131\u015f\u0131yorlar&#8221; diye konu\u015ftu. Avukatlar haftas\u0131n\u0131 g\u00f6n\u00fclden kutlad\u0131\u011f\u0131n\u0131 s\u00f6yleyen Ger\u00e7eker, &#8221;Avukatlar\u0131m\u0131z\u0131n, hakimler ve savc\u0131larla birlikte T\u00fcrkiye&#8217;yi daha ileriye g\u00f6t\u00fcrecek, yarg\u0131 ba\u011f\u0131ms\u0131zl\u0131\u011f\u0131n\u0131 arzu etti\u011fimiz seviyeye getirecek bir \u00e7al\u0131\u015fma i\u00e7erisinde g\u00f6rme umuduyla hepinize en i\u00e7ten sevgi ve sayg\u0131lar\u0131m\u0131 sunuyorum&#8221; dedi.<\/p>\n<p style=\"text-align: justify;\">T\u00fcrkiye Barolar Birli\u011fi (TBB) Ba\u015fkan\u0131 Vedat Ahsen Co\u015far da yapt\u0131\u011f\u0131 konu\u015fmada, avukatlar\u0131n sadece hukuki sorun ve anla\u015fmazl\u0131klar\u0131n adalet ve hakkaniyete uygun olarak \u00e7\u00f6z\u00fcmlenmesini ve hukuk kurallar\u0131n\u0131n tam olarak uygulanmas\u0131n\u0131 sa\u011flamakla g\u00f6revli olmad\u0131klar\u0131n\u0131 s\u00f6yledi. Co\u015far, avukatlar\u0131n ayn\u0131 zamanda kamu i\u00e7in ve kamu ad\u0131na mesaj\u0131, g\u00f6r\u00fc\u015f\u00fc, tavr\u0131, felsefeyi ya da kan\u0131y\u0131 temsil etme, ifade etme yetkisine sahip bireyler olmas\u0131 gerekti\u011fini kaydetti. Ayn\u0131 \u015fekilde barolar\u0131n da sadece avukatl\u0131k mesle\u011fini geli\u015ftirmek, meslek mensuplar\u0131n\u0131 korumakla g\u00f6revli olmad\u0131\u011f\u0131n\u0131 dile getiren Co\u015far, barolar\u0131n toplumsal de\u011fi\u015fime katk\u0131 yapmas\u0131 gerekti\u011fini bildirdi.<\/p>\n<p style=\"text-align: justify;\">TBB Ba\u015fkan\u0131 Vedat Ahsen Co\u015far, &#8221;Barolar ve avukatlar olarak b\u00fct\u00fcn bu i\u015flevleri yerine getirebilmek, zihnimizde kendimizi de hedef alan ku\u015fkucu bir ironiye yer verebilmek her t\u00fcrl\u00fc otoriteden gelen tehditlere kar\u015f\u0131 koyabilmek, otoriteye sorgusuz sualsiz boyun e\u011fmemek, yeni \u015feyler ke\u015ffedecek kadar \u00f6zg\u00fcr kalabilmenin yollar\u0131n\u0131 bulabilmek i\u00e7in felsefeye ihtiyac\u0131m\u0131z var&#8221; diye konu\u015ftu.<\/p>\n<p style=\"text-align: justify;\">Avukatlar\u0131n, bunlar\u0131n yan\u0131 s\u0131ra sanata da ihtiyac\u0131 oldu\u011funu belirten Co\u015far, bu nedenle Avukatlar Haftas\u0131 etkinlikleri kapsam\u0131nda pek \u00e7ok sanatsal etkinli\u011fe de yer verdiklerini anlatt\u0131.<\/p>\n<p style=\"text-align: justify;\">Co\u015far&#8217;\u0131n konu\u015fmas\u0131n\u0131n ard\u0131ndan, &#8221;Adalet&#8221; temal\u0131 foto\u011fraf yar\u0131\u015fmas\u0131, Hukuk Fak\u00fcltesi \u00f6\u011frencilerinin &#8221;Haklar, Sorumluluklar ve Ger\u00e7ekler&#8221; temal\u0131 makale yar\u0131\u015fmas\u0131 ile h\u00fck\u00fcml\u00fc ve tutuklular\u0131n &#8221;Adalet ve Savunma&#8221; temal\u0131 resim yar\u0131\u015fmas\u0131nda dereceye girenlere \u00f6d\u00fclleri verildi.<\/p>\n<p style=\"text-align: justify;\">TBB Radyo ve Televizyonunun da a\u00e7\u0131l\u0131\u015f\u0131n\u0131 yapan Co\u015far, Avukatlar G\u00fcn\u00fc i\u00e7in \u00f6zel olarak bast\u0131r\u0131lan T\u00fcrkiye Barolar Birli\u011fi pulu ve ilk g\u00fcn zarf\u0131n\u0131n tan\u0131t\u0131m\u0131n\u0131 yapt\u0131.<\/p>\n<p style=\"text-align: justify;\"><a href=\"http:\/\/www.cumhuriyet.com.tr\/?hn=230914&amp;kw=%22Avukatlara+b%FCy%FCk+g%F6rev+d%FC%FE%FCyor%22\" target=\"_blank\">Kaynak : Cumhuriyet Haber Portal\u0131<\/a><\/p>\n","protected":false},"excerpt":{"rendered":"<p style=\"text-align: center;\">\n<p style=\"text-align: justify;\">Yarg\u0131tay Ba\u015fkan\u0131 Hasan Ger\u00e7eker, &#8221;\u0130nsanlar\u0131n bu derece savunmaya ihtiyac\u0131 oldu\u011fu bu ortamda avukatlara \u00e7ok b\u00fcy\u00fck g\u00f6revler d\u00fc\u015f\u00fcyor. Onlar ellerinden geleni, g\u00fc\u00e7leri yetti\u011fince yerine getirmeye \u00e7al\u0131\u015f\u0131yorlar&#8221; dedi.<\/p>\n","protected":false},"author":1,"featured_media":0,"comment_status":"open","ping_status":"closed","sticky":false,"template":"","format":"standard","meta":{"footnotes":""},"categories":[105],"tags":[],"class_list":["post-30176","post","type-post","status-publish","format-standard","hentry","category-gundem","odd"],"_links":{"self":[{"href":"http:\/\/www.korhanyilmaz.com\/index.php?rest_route=\/wp\/v2\/posts\/30176","targetHints":{"allow":["GET"]}}],"collection":[{"href":"http:\/\/www.korhanyilmaz.com\/index.php?rest_route=\/wp\/v2\/posts"}],"about":[{"href":"http:\/\/www.korhanyilmaz.com\/index.php?rest_route=\/wp\/v2\/types\/post"}],"author":[{"embeddable":true,"href":"http:\/\/www.korhanyilmaz.com\/index.php?rest_route=\/wp\/v2\/users\/1"}],"replies":[{"embeddable":true,"href":"http:\/\/www.korhanyilmaz.com\/index.php?rest_route=%2Fwp%2Fv2%2Fcomments&post=30176"}],"version-history":[{"count":0,"href":"http:\/\/www.korhanyilmaz.com\/index.php?rest_route=\/wp\/v2\/posts\/30176\/revisions"}],"wp:attachment":[{"href":"http:\/\/www.korhanyilmaz.com\/index.php?rest_route=%2Fwp%2Fv2%2Fmedia&parent=30176"}],"wp:term":[{"taxonomy":"category","embeddable":true,"href":"http:\/\/www.korhanyilmaz.com\/index.php?rest_route=%2Fwp%2Fv2%2Fcategories&post=30176"},{"taxonomy":"post_tag","embeddable":true,"href":"http:\/\/www.korhanyilmaz.com\/index.php?rest_route=%2Fwp%2Fv2%2Ftags&post=30176"}],"curies":[{"name":"wp","href":"https:\/\/api.w.org\/{rel}","templated":true}]}}