{"id":30166,"date":"2011-04-04T14:32:59","date_gmt":"2011-04-04T11:32:59","guid":{"rendered":"http:\/\/www.korhanyilmaz.com\/?p=30166"},"modified":"2011-04-04T14:32:59","modified_gmt":"2011-04-04T11:32:59","slug":"ulan-senin-haram-yedigin-paralari-kesecek","status":"publish","type":"post","link":"http:\/\/www.korhanyilmaz.com\/?p=30166","title":{"rendered":"Ulan senin haram yedi\u011fin paralar\u0131 kesecek!"},"content":{"rendered":"<p style=\"text-align: center;\"><a href=\"http:\/\/www.korhanyilmaz.com\/wp-content\/uploads\/2011\/04\/436.jpg\"  class=\"lightview\"><img loading=\"lazy\" decoding=\"async\" class=\"aligncenter size-full wp-image-30170\" src=\"http:\/\/www.korhanyilmaz.com\/wp-content\/uploads\/2011\/04\/436.jpg\" alt=\"\" width=\"420\" height=\"210\" \/><\/a><\/p>\n<p style=\"text-align: justify;\">CHP eski Genel Ba\u015fkan\u0131 ve Antalya Milletvekili Deniz Baykal, Aile Sigortas\u0131\u2019n\u0131n kayna\u011f\u0131 soran Ba\u015fbakan Recep Tayyip Erdo\u011fan\u2019\u0131 ele\u015ftirdi. Deniz Feneri davas\u0131n\u0131 hat\u0131rlatan Baykal, &#8220;Bu d\u00fcmeni d\u00f6nd\u00fcren insanlar\u0131n eline devlet b\u0131rak\u0131l\u0131r m\u0131? Bu d\u00fcmeni d\u00f6nd\u00fcren insanlar, kim bilir hangi ba\u015fka d\u00fcmenleri d\u00f6nd\u00fcr\u00fcyor de\u011fil midir? Sonra da geliyorlar bizim Genel Ba\u015fkana \u2019Kayna\u011f\u0131 nereden bulacaks\u0131n?\u2019 Ulan senin haram yedi\u011fin paralar\u0131 kesecek, onlar\u0131n t\u00fcm\u00fcn\u00fc milletin ihtiyac\u0131na ay\u0131racak&#8221; dedi. <!--more--><\/p>\n<p style=\"text-align: justify;\">Se\u00e7im \u00e7al\u0131\u015fmalar\u0131na memleketinde devam eden Deniz Baykal, CHP Antalya \u0130l Ba\u015fkan\u0131 \u00d6zer \u00dclken, B\u00fcy\u00fck\u015fehir Belediye Ba\u015fkan\u0131 Mustafa Akayd\u0131n ve aday adaylar\u0131yla partisinin Elmal\u0131 il\u00e7e ba\u015fkanl\u0131\u011f\u0131n\u0131 ziyaret etti. Elmal\u0131\u2019da partililere konu\u015fan Deniz Baykal, T\u00fcrkiye\u2019de art\u0131k bir \u015feylerin de\u011fi\u015febilece\u011finin se\u00e7mene anlat\u0131lmas\u0131 gerekti\u011fini s\u00f6yledi. Partisinin buna y\u00f6nelik \u00e7ok somut \u00f6neri ve \u00e7\u00f6z\u00fcmleri ortaya koydu\u011funu dile getiren Baykal, \u015f\u00f6yle konu\u015ftu:<\/p>\n<p style=\"text-align: justify;\">&#8220;Vatanda\u015f\u0131n \u2019Yeter karde\u015fim ya. Bu b\u00f6yle geldi b\u00f6yle mi gidecek? Bir de bir \u015fey de de\u011fi\u015fiversin. Zam zam zam, bir de iniversin karde\u015fim. M\u00fcmk\u00fcn m\u00fc, olur mu?\u2019 Evet olur. \u2019Sa\u011flanabilir mi?\u2019 Evet, sa\u011flanabilir. Hepsinin hesab\u0131 kitab\u0131 yap\u0131lm\u0131\u015ft\u0131r. Bir iktidar de\u011fi\u015fimin bir \u015feyleri de\u011fi\u015ftirece\u011fini art\u0131k ortaya koyak laz\u0131m. Eski hamam eski tas. \u0130ki defa se\u00e7ilmi\u015f gelmi\u015f. \u015eimdi bir kez daha verece\u011fiz. Al T\u00fcrkiye\u2019yi g\u00f6t\u00fcr. Ondan sonra ister ba\u015fkanl\u0131k sistemine ge\u00e7. \u0130ster ki\u015fisel bir d\u00fczen tut.&#8221;<\/p>\n<p style=\"text-align: justify;\"><strong>&#8220;ADALET\u0130 Y\u00d6NLEND\u0130R\u0130YORSUN&#8221; <\/strong><\/p>\n<p style=\"text-align: justify;\">\u2019T\u00fcrkiye\u2019de adaletin i\u00e7ine g\u00fcve girdi\u2019 s\u00f6z\u00fcn\u00fc yineleyen ve adaletin \u00e7\u0131\u011f\u0131r\u0131ndan \u00e7\u0131kt\u0131\u011f\u0131n\u0131 \u00f6ne s\u00fcren Deniz Baykal, son yap\u0131lan anayasa de\u011fi\u015fikli\u011fiyle iktidar\u0131n istedi\u011fi \u2019adam\u0131\u2019 Hakimler ve Savc\u0131lar Y\u00fcksek Kurulu\u2019na (HSYK) yerle\u015ftirdi\u011fini savundu. Baykal, &#8220;HSYK ne? Adaletin beyni, adaletin kurmay masas\u0131. Hakimleri o tayin ediyor. Hakimleri i\u015fe onlar al\u0131yor, terfi ettiriyor, cezaland\u0131r\u0131yor. Hakimleri y\u00f6neteni kim y\u00f6netiyor? Ba\u015fbakan&#8221; dedi.<\/p>\n<p style=\"text-align: justify;\">Ba\u015fbakan Recep Tayyip Erdo\u011fan\u2019\u0131n &#8220;Ben adaletin i\u015fine kar\u0131\u015fmayay\u0131m, adalet benim i\u015fime kar\u0131\u015fmas\u0131n&#8221; dedi\u011fini belirten Baykal, adaletin her yanl\u0131\u015fa, kanunsuzlu\u011fa ve hukuksuzlu\u011fa kar\u0131\u015faca\u011f\u0131n\u0131, i\u015finin zaten bu oldu\u011funu s\u00f6yledi. Buna kar\u015f\u0131n Ba\u015fbakan Erdo\u011fan\u2019\u0131n adaletin i\u015fine anayasa de\u011fi\u015fikli\u011fiye kar\u0131\u015ft\u0131\u011f\u0131n\u0131 kaydeden Eski CHP Genel Ba\u015fkan\u0131 Baykal, &#8220;Sen ne zamandan beri adaletin i\u015fine kar\u0131\u015fm\u0131yorsun? Bu yapt\u0131\u011f\u0131n anayasa de\u011fi\u015fikli\u011fi neydi, adaletin i\u015fine kar\u0131\u015fmak de\u011fil miydi o? Kar\u0131\u015ft\u0131n karde\u015fim, kar\u0131\u015ft\u0131n. Adaleti sen do\u011frudan istedi\u011fin gibi y\u00f6nlendirir, etkiler hale geldin&#8221; diyerek konu\u015fmas\u0131na devam etti.<\/p>\n<p style=\"text-align: justify;\"><strong>DEN\u0130Z FENER\u0130\u2019N\u0130 HATIRLATTI <\/strong><\/p>\n<p style=\"text-align: justify;\">Deniz Feneri davas\u0131nda iktidar\u0131n himaye etti\u011fi insanlar\u0131n ve yak\u0131nlar\u0131n\u0131n i\u015fin i\u00e7inde oldu\u011fu i\u00e7in hala iddianame haz\u0131rlanmad\u0131\u011f\u0131n\u0131 ileri s\u00fcren Deniz Baykal, &#8220;Oldu mu arkada\u015f, oldu mu?&#8221; diye sordu. Baykal, konu\u015fmas\u0131nda \u015fu ifadelere yer verdi:<\/p>\n<p style=\"text-align: justify;\">&#8220;Bu (Deniz Feneri) senin bildi\u011fin, bu ortaya \u00e7\u0131kan. Almanya el koydu\u011fu i\u00e7in kan\u0131tlanm\u0131\u015f olan. Daha kim bilir senin bilmedi\u011fin, benim bilmedi\u011fim ortaya \u00e7\u0131kmam\u0131\u015f ne d\u00fcmenler d\u00f6n\u00fcyor? Bu d\u00fcmeni d\u00f6nd\u00fcren insanlar\u0131n eline devlet b\u0131rak\u0131l\u0131r m\u0131? Bu d\u00fcmeni d\u00f6nd\u00fcren insanlar, kim bilir hangi ba\u015fka d\u00fcmenleri d\u00f6nd\u00fcr\u00fcyor de\u011fil midir? Sonra da geliyorlar bizim Genel Ba\u015fkana \u2019Kayna\u011f\u0131 nereden bulacaks\u0131n?\u2019 Ulan senin haram yedi\u011fin paralar\u0131 kesecek, onlar\u0131n t\u00fcm\u00fcn\u00fc milletin ihtiyac\u0131na ay\u0131racak.&#8221;<\/p>\n<p style=\"text-align: justify;\"><strong>\u2019B\u0130R DE CHP\u2019Y\u0130 DENEY\u0130N\u2019 <\/strong><\/p>\n<p style=\"text-align: justify;\">Art\u0131k iktidara \u2019yeter\u2019 demenin zaman\u0131n\u0131n geldi\u011fini kaydeden Baykal konu\u015fmas\u0131n\u0131 \u015f\u00f6yle s\u00fcrd\u00fcrd\u00fc:<\/p>\n<p style=\"text-align: justify;\">&#8220;\u00c7ift\u00e7imiz bir g\u00f6rs\u00fcn bakal\u0131m ya. CHP iktidara gelsin de ne olacak bir g\u00f6rs\u00fcn. Mazot inecek mi inmeyecek mi? Bir denemek gerekmez mi? \u0130necek mi, inmeyecek mi? Bir deneyin bakal\u0131m. AKP\u2019ye oy verirsen mazotun fiyat\u0131n\u0131n artaca\u011f\u0131ndan \u015f\u00fcphen var m\u0131? \u015eimdi biz diyoruz ki, biz indirece\u011fiz. Denemeye de\u011fmez mi bu i\u015f.&#8221;<\/p>\n<p style=\"text-align: justify;\">Bu s\u0131rada kendisini dinleyen bir partilinin &#8220;Genel Ba\u015fkan\u0131m canlar\u0131n\u0131 alal\u0131m&#8221; s\u00f6zlerine Baykal g\u00fcl\u00fcmseyerek, &#8220;Yok o kadar uzun de\u011fil&#8221; diyerek kar\u015f\u0131 \u00e7\u0131kt\u0131.<\/p>\n<p style=\"text-align: justify;\"><strong>\u2019MERKEZ SA\u011eIN ADRES\u0130 CHP\u2019D\u0130R\u2019 <\/strong><\/p>\n<p style=\"text-align: justify;\">Partililerin kendisini dinlemek i\u00e7in eski Do\u011fru Yol Partililerin de il\u00e7e ba\u015fkanl\u0131\u011f\u0131na geldi\u011fini belirtmesi \u00fczerine Baykal, T\u00fcrkiye siyasetinde iki ana nehir oldu\u011funu s\u00f6yledi. Bir nehrin CHP, di\u011fer nehrin ise Adalet Partisi, Demokrat Partisi ve oradan uzanan Anavatan, Do\u011fru Yol Partisi gelene\u011fi oldu\u011funu kaydeden Deniz Baykal \u015funlar\u0131 kaydetti:<\/p>\n<p style=\"text-align: justify;\">&#8220;Buradan \u00e7ok \u00f6nemli adamlar yeti\u015fmi\u015ftir. Bayar\u2019lar, Menderes\u2019ler, Demirel\u2019ler, \u00d6zallar\u2019 hep bir \u00e7izgidedir. Allah a\u015fk\u0131na bunlar\u0131n hangisi bu memleketin b\u00f6l\u00fcnmesi kar\u015f\u0131s\u0131nda, T\u00fcrkiye\u2019nin etnik ayr\u0131\u015ft\u0131r\u0131lmas\u0131 konusunda bu iktidar\u0131n yapt\u0131\u011f\u0131n\u0131 yapar? Bu \u00e7izgiden gelece\u011fim, gidece\u011fim AKP\u2019ye oy verece\u011fim. Sen ne yapt\u0131\u011f\u0131n\u0131n fark\u0131nda m\u0131s\u0131n? Kemikleri s\u0131zlar ya. Posterlerini koruyanlar, Menderes\u2019ti yok bilmem neydi. \u0130stismar. Ba\u015ftan a\u015fa\u011f\u0131 istismar. Onlarla bunlar\u0131n biraya gelmesi m\u00fcmk\u00fcn de\u011fil. Onlar\u0131n gelece\u011fi yer<\/p>\n<p style=\"text-align: justify;\"><strong>CHP SE\u00c7\u0130M GEZ\u0130S\u0130NDEN NOTLAR <\/strong><\/p>\n<p style=\"text-align: justify;\">CHP eski Genel Ba\u015fkan\u0131 Deniz Baykal\u2019\u0131n memleketi Antalya\u2019daki bug\u00fcnk\u00fc program\u0131, Kepez\u2019de bir akaryak\u0131t istasyonunda geziye e\u015flik edecek milletvekili aday adaylar\u0131 ve partililerle bulu\u015fmas\u0131yla ba\u015flad\u0131. Yakla\u015f\u0131k 75 ki\u015filik ekip, \u00f6nce \u00e7aylar\u0131n\u0131 i\u00e7ti ard\u0131ndan Baykal, Antalya\u2019ya 125 kilometre uzakl\u0131ktaki il\u00e7eye gidecek ara\u00e7lar\u0131 ayarlad\u0131. Baykal ve beraberindekileri Elmal\u0131 giri\u015finde partililer kar\u015f\u0131lad\u0131. Deniz Baykal, burada partisinin baz\u0131 illerde ger\u00e7ekle\u015ftirdi\u011fi \u00f6nse\u00e7im sonu\u00e7lar\u0131n\u0131 de\u011ferlendirdi, Gaziantep listesinin \u00e7ok iyi oldu\u011funu s\u00f6yledi. Baykal, Elmal\u0131\u2019da ara\u00e7 konvoyuyla il\u00e7e turu yapt\u0131 ard\u0131ndan il\u00e7e ba\u015fkanl\u0131\u011f\u0131na ge\u00e7ti. Deniz Baykal, burada kendisine ikram edilen y\u00f6resel lezzetlerden f\u0131st\u0131kl\u0131 un helvas\u0131n\u0131n tad\u0131na bakt\u0131, daha sonra il\u00e7e pazar\u0131n\u0131 gezdi. Elmal\u0131larla sohbet eden Baykal, pazarc\u0131lara \u2019hay\u0131rl\u0131 i\u015fler\u2019 diledi.<\/p>\n<p style=\"text-align: justify;\"><a href=\"http:\/\/haber.gazetevatan.com\/ulan-senin-haram-yedigin-paralari-kesecek\/369124\/9\/Siyaset\" target=\"_blank\">Kaynak : VATAN Gazetesi<\/a><\/p>\n","protected":false},"excerpt":{"rendered":"<p style=\"text-align: center;\">\n<p style=\"text-align: justify;\">CHP eski Genel Ba\u015fkan\u0131 ve Antalya Milletvekili Deniz Baykal, Aile Sigortas\u0131\u2019n\u0131n kayna\u011f\u0131 soran Ba\u015fbakan Recep Tayyip Erdo\u011fan\u2019\u0131 ele\u015ftirdi. Deniz Feneri davas\u0131n\u0131 hat\u0131rlatan Baykal, &#8220;Bu d\u00fcmeni d\u00f6nd\u00fcren insanlar\u0131n eline devlet b\u0131rak\u0131l\u0131r m\u0131? Bu d\u00fcmeni d\u00f6nd\u00fcren insanlar, kim bilir hangi ba\u015fka d\u00fcmenleri d\u00f6nd\u00fcr\u00fcyor de\u011fil midir? Sonra da geliyorlar bizim Genel Ba\u015fkana \u2019Kayna\u011f\u0131 <\/p>\n","protected":false},"author":1,"featured_media":0,"comment_status":"open","ping_status":"closed","sticky":false,"template":"","format":"standard","meta":{"footnotes":""},"categories":[105],"tags":[],"class_list":["post-30166","post","type-post","status-publish","format-standard","hentry","category-gundem","odd"],"_links":{"self":[{"href":"http:\/\/www.korhanyilmaz.com\/index.php?rest_route=\/wp\/v2\/posts\/30166","targetHints":{"allow":["GET"]}}],"collection":[{"href":"http:\/\/www.korhanyilmaz.com\/index.php?rest_route=\/wp\/v2\/posts"}],"about":[{"href":"http:\/\/www.korhanyilmaz.com\/index.php?rest_route=\/wp\/v2\/types\/post"}],"author":[{"embeddable":true,"href":"http:\/\/www.korhanyilmaz.com\/index.php?rest_route=\/wp\/v2\/users\/1"}],"replies":[{"embeddable":true,"href":"http:\/\/www.korhanyilmaz.com\/index.php?rest_route=%2Fwp%2Fv2%2Fcomments&post=30166"}],"version-history":[{"count":0,"href":"http:\/\/www.korhanyilmaz.com\/index.php?rest_route=\/wp\/v2\/posts\/30166\/revisions"}],"wp:attachment":[{"href":"http:\/\/www.korhanyilmaz.com\/index.php?rest_route=%2Fwp%2Fv2%2Fmedia&parent=30166"}],"wp:term":[{"taxonomy":"category","embeddable":true,"href":"http:\/\/www.korhanyilmaz.com\/index.php?rest_route=%2Fwp%2Fv2%2Fcategories&post=30166"},{"taxonomy":"post_tag","embeddable":true,"href":"http:\/\/www.korhanyilmaz.com\/index.php?rest_route=%2Fwp%2Fv2%2Ftags&post=30166"}],"curies":[{"name":"wp","href":"https:\/\/api.w.org\/{rel}","templated":true}]}}