{"id":30159,"date":"2011-04-04T08:57:48","date_gmt":"2011-04-04T05:57:48","guid":{"rendered":"http:\/\/www.korhanyilmaz.com\/?p=30159"},"modified":"2011-04-04T08:57:48","modified_gmt":"2011-04-04T05:57:48","slug":"kilicdaroglu-sanatcilara-hukumeti-sikayet-etti","status":"publish","type":"post","link":"http:\/\/www.korhanyilmaz.com\/?p=30159","title":{"rendered":"K\u0131l\u0131\u00e7daro\u011flu sanat\u00e7\u0131lara h\u00fck\u00fcmeti \u015fikayet etti"},"content":{"rendered":"<p style=\"text-align: center;\"><a href=\"http:\/\/www.korhanyilmaz.com\/wp-content\/uploads\/2011\/04\/433.jpg\"  class=\"lightview\"><img loading=\"lazy\" decoding=\"async\" class=\"aligncenter size-full wp-image-30160\" src=\"http:\/\/www.korhanyilmaz.com\/wp-content\/uploads\/2011\/04\/433.jpg\" alt=\"\" width=\"360\" height=\"219\" \/><\/a><\/p>\n<p style=\"text-align: justify;\">CHP Genel Ba\u015fkan\u0131 Kemal K\u0131l\u0131\u00e7daro\u011flu, toplumu ileri \u00e7eken g\u00fc\u00e7 ve dinami\u011fin sanat\u00e7\u0131lar oldu\u011funu belirterek, &#8220;Onlar\u0131n beyni ger\u00e7ekten \u00e7ok ileridedir ama onlar\u0131n beynine \u00e7o\u011fu kez politikac\u0131lar tahamm\u00fcl edemez. Tahamm\u00fcl edemeyenler \u00e7a\u011f\u0131n\u0131n gerisinde kalanlard\u0131r. Tahamm\u00fcl edenler ise onlar\u0131 \u00f6d\u00fcllendirirler ve toplumun daha iyi noktalar\u0131na ta\u015f\u0131rlar. Biz bunu yapmak istiyoruz&#8221; dedi.<!--more--><\/p>\n<p style=\"text-align: justify;\">\u0130STANBUL &#8211; K\u0131l\u0131\u00e7daro\u011flu, Genel Ba\u015fkanl\u0131\u011f\u0131n\u0131 CHP Milletvekili \u00c7etin Soysal&#8217;\u0131n yapt\u0131\u011f\u0131 \u0130stanbul Ya\u015fam Derne\u011fi&#8217;nce M\u00f6venpick Otel&#8217;de d\u00fczenlenen toplant\u0131da tiyatro sanat\u00e7\u0131lar\u0131yla bulu\u015ftu.<\/p>\n<p style=\"text-align: justify;\">Burada bir konu\u015fma yapan K\u0131l\u0131\u00e7daro\u011flu, sanat yapman\u0131n siyaset yapmaktan \u00e7ok daha zor oldu\u011funu, sanat\u0131n insan\u0131n i\u00e7inden geldi\u011fini, herkesin sanat\u00e7\u0131 olamayaca\u011f\u0131n\u0131 s\u00f6yledi.<\/p>\n<p style=\"text-align: justify;\">K\u0131l\u0131\u00e7daro\u011flu, toplumlar\u0131n kaderinde sanat\u00e7\u0131lar\u0131n \u00f6nemli bir yeri oldu\u011funu vurgulayarak, \u015funlar\u0131 kaydetti:<\/p>\n<p style=\"text-align: justify;\">\u201cSanat\u00e7\u0131lar toplumun bir ad\u0131m \u00f6tesindedir, toplumdan \u00e7ok daha iyi d\u00fc\u015f\u00fcn\u00fcrler. Biz 19. y\u00fczy\u0131lda kalabiliriz ama onlar 20&#8217;nci 21&#8217;inci y\u00fczy\u0131ldad\u0131r. Toplumu ileri \u00e7eken g\u00fc\u00e7, dinamik sanat\u00e7\u0131lard\u0131r. Onlar\u0131n beyni ger\u00e7ekten \u00e7ok ileridedir ama onlar\u0131n beynine \u00e7o\u011fu kez politikac\u0131lar tahamm\u00fcl edemez. Tahamm\u00fcl edemeyenler \u00e7a\u011f\u0131n\u0131n gerisinde kalanlard\u0131r. Tahamm\u00fcl edenler ise onlar\u0131 \u00f6d\u00fcllendirirler ve toplumun daha iyi noktalar\u0131na ta\u015f\u0131rlar. Biz bunu yapmak istiyoruz.<\/p>\n<p style=\"text-align: justify;\">Susmayanlar bedel \u00f6derler. Bizim gibi \u00fclkelerde ayd\u0131nlar hep bedel \u00f6demi\u015flerdir. \u015eimdi bedel \u00f6deyenlerin bir k\u0131sm\u0131 Silivri&#8217;de hapishanelerde. Bir k\u0131sm\u0131 yaz\u0131 yazamaz. Bir k\u0131sm\u0131 do\u011fru d\u00fczg\u00fcn karikat\u00fcr \u00e7izemez, bir k\u0131sm\u0131 televizyonlarda program yapamaz hale geldi. Ama bunlar\u0131 a\u015fmak hepimizin g\u00f6revidir.\u201d<\/p>\n<p style=\"text-align: justify;\">K\u0131l\u0131\u00e7daro\u011flu haks\u0131zl\u0131\u011fa kar\u015f\u0131 herkesin isyan etmesi gerekti\u011fini belirterek, gelinen noktada sesini y\u00fckseltenlerin say\u0131s\u0131n\u0131n giderek azald\u0131\u011f\u0131n\u0131 savundu.<\/p>\n<p style=\"text-align: justify;\">Bu durumun toplumda karamsarl\u0131\u011fa yol a\u00e7t\u0131\u011f\u0131n\u0131 ileri s\u00fcren K\u0131l\u0131\u00e7daro\u011flu, s\u00f6zlerini \u015f\u00f6yle s\u00fcrd\u00fcrd\u00fc:<\/p>\n<p style=\"text-align: justify;\">\u201cGelin sesimizi biraz daha y\u00fckseltelim. Bedel \u00f6denecekse bedel \u00f6demekten korkmayal\u0131m. \u00c7\u00fcnk\u00fc toplumu ileri ta\u015f\u0131mak i\u00e7in bedel \u00f6deyenler bu toplumun ayd\u0131nl\u0131k y\u00fcz\u00fc olmu\u015flard\u0131r. Onlar\u0131 her zaman sayg\u0131yla and\u0131m, bundan sonra da anaca\u011f\u0131z. Bedel \u00f6deyenler tarihte adlar\u0131n\u0131 g\u00f6rkemle i\u015flemi\u015flerdir. G\u00f6nl\u00fcm\u00fczde yatan; hi\u00e7 kimse bedel \u00f6demesin \u00f6zg\u00fcr ve ba\u011f\u0131ms\u0131z bir \u00fclkede hepimiz demokrasi i\u00e7inde ya\u015fayal\u0131m ama ne kadar istersek isteyelim bazen bunlar\u0131 ger\u00e7ekle\u015ftiremiyoruz. Ancak sanat ve sanat\u00e7\u0131lar varken, d\u00fc\u015f\u00fcnen insanlar varken e\u011fer bizler ba\u011f\u0131ms\u0131zl\u0131k ve \u00f6zg\u00fcrl\u00fc\u011f\u00fc istiyorsak, kendi \u00f6zg\u00fcrl\u00fc\u011f\u00fcm\u00fcz\u00fc toplumun \u00f6zg\u00fcrl\u00fc\u011f\u00fcyle birlikte istiyorsak el ele karanl\u0131klar\u0131 ayd\u0131nl\u0131\u011fa \u00e7\u0131karaca\u011f\u0131z.\u201d<\/p>\n<p style=\"text-align: justify;\">CHP \u0130stanbul Milletvekili \u00c7etin Soysal da bir korku imparatorlu\u011funun kurulmaya \u00e7al\u0131\u015f\u0131ld\u0131\u011f\u0131n\u0131 ileri s\u00fcrerek, heykele \u201cucube\u201d diyen bir mant\u0131\u011f\u0131n egemen oldu\u011funu s\u00f6yledi.<\/p>\n<p style=\"text-align: justify;\">Soysal, gelecek hafta Silivri&#8217;ye giderek, Ahmet \u015e\u0131k, Nedim \u015eener, Mustafa Balbay ve di\u011fer gazetecileri ziyaret edeceklerini belirtti.<\/p>\n<p style=\"text-align: justify;\"><strong>T\u0130YATRO SANAT\u00c7ISI G\u00d6RD\u00dcM<\/strong><\/p>\n<p style=\"text-align: justify;\">Tiyatro Oyuncular\u0131 Derne\u011fi (To-Der) ad\u0131na konu\u015fan tiyatro sanat\u00e7\u0131s\u0131 Altan G\u00f6rd\u00fcm de toplant\u0131n\u0131n ad\u0131n\u0131n \u201cduyarl\u0131 insan duyarl\u0131 toplum\u201d olmas\u0131 gerekti\u011fini belirterek, haks\u0131zl\u0131klara kar\u015f\u0131 susulmamas\u0131n\u0131, sustuk\u00e7a s\u0131ran\u0131n susanlara gelece\u011fini kaydetti.<\/p>\n<p style=\"text-align: justify;\">Toplumun \u015fekil almas\u0131nda sanat\u00e7\u0131lar\u0131n b\u00fcy\u00fck \u00f6nem ta\u015f\u0131d\u0131\u011f\u0131n\u0131 ifade eden G\u00f6rd\u00fcm, \u201cUnutmay\u0131n, sanat\u00e7\u0131lar\u0131n yapt\u0131\u011f\u0131 siyaset\u00e7ilerin yapt\u0131\u011f\u0131ndan \u00e7ok daha \u00f6nemlidir\u201d diye konu\u015ftu.<\/p>\n<p style=\"text-align: justify;\">Sanat\u00e7\u0131 Rutkay Aziz de 12 Haziran se\u00e7iminin ola\u011fan\u00fcst\u00fc bir \u00f6nem ta\u015f\u0131d\u0131\u011f\u0131n\u0131 ifade ederek, \u201cBu se\u00e7imlerde rejim oylanacak. Yalan dolan ve talan\u0131n bu kadar yo\u011fun oldu\u011fu bir toplumda, dilerim T\u00fcrkiye 13 Haziran&#8217;da ayr\u0131 bir sabaha uyan\u0131r\u201d dedi.<\/p>\n<p style=\"text-align: justify;\">Gecede, Tekel i\u015f\u00e7ileri \u015eerife Demir ile Funda \u00c7and\u0131ro\u011flu, Avukat Rezan Hep\u00f6zdemir, Penguen Dergisi Genel Yay\u0131n Y\u00f6netmeni Erdil Ya\u015faro\u011flu, Cumhuriyet Gazetesi Ek Yay\u0131nlar Yaz\u0131 \u0130\u015fleri M\u00fcd\u00fcr\u00fc Miyase \u0130lknur, Okan Bay\u00fclgen, Tar\u0131k Akan, U\u011fur D\u00fcndar, Y\u0131lmaz \u00d6zdil ve Y\u0131ld\u0131z Kenter&#8217;e \u201cOnur Plaketi\u201d verildi.<\/p>\n<p style=\"text-align: justify;\">Sanat\u00e7\u0131 Levent K\u0131rca kendisine plaket verilmedi\u011fi i\u00e7in \u00fcz\u00fcld\u00fc\u011f\u00fcn\u00fc belirterek, \u201cHer \u015feye ra\u011fmen oyum CHP&#8217;yedir\u201d dedi.<\/p>\n<p style=\"text-align: justify;\">Toplant\u0131da ayr\u0131ca, \u00f6ld\u00fcr\u00fclen gazeteciler an\u0131s\u0131na haz\u0131rlanan slayt g\u00f6sterisi sunuldu. Slayt g\u00f6sterisi konuklar taraf\u0131ndan uzun s\u00fcre alk\u0131\u015fland\u0131.<\/p>\n<p style=\"text-align: justify;\">Bu arada, K\u0131l\u0131\u00e7daro\u011flu M\u00f6venpick Otel&#8217;de Hakl\u0131 Kad\u0131n Platformu ile de biraraya geldi. Toplant\u0131da kad\u0131nlar K\u0131l\u0131\u00e7daro\u011flu&#8217;ndan meclisteki kad\u0131n say\u0131s\u0131n\u0131n art\u0131r\u0131lmas\u0131 i\u00e7in yard\u0131m istedi.<\/p>\n<p style=\"text-align: justify;\"><a href=\"http:\/\/www.radikal.com.tr\/Radikal.aspx?aType=RadikalDetayV3&amp;ArticleID=1045058&amp;Date=04.04.2011&amp;CategoryID=78\" target=\"_blank\">Kaynak : Radikal<\/a><\/p>\n","protected":false},"excerpt":{"rendered":"<p style=\"text-align: center;\">\n<p style=\"text-align: justify;\">CHP Genel Ba\u015fkan\u0131 Kemal K\u0131l\u0131\u00e7daro\u011flu, toplumu ileri \u00e7eken g\u00fc\u00e7 ve dinami\u011fin sanat\u00e7\u0131lar oldu\u011funu belirterek, &#8220;Onlar\u0131n beyni ger\u00e7ekten \u00e7ok ileridedir ama onlar\u0131n beynine \u00e7o\u011fu kez politikac\u0131lar tahamm\u00fcl edemez. Tahamm\u00fcl edemeyenler \u00e7a\u011f\u0131n\u0131n gerisinde kalanlard\u0131r. Tahamm\u00fcl edenler ise onlar\u0131 \u00f6d\u00fcllendirirler ve toplumun daha iyi noktalar\u0131na ta\u015f\u0131rlar. Biz bunu yapmak istiyoruz&#8221; dedi.<\/p>\n","protected":false},"author":1,"featured_media":0,"comment_status":"open","ping_status":"closed","sticky":false,"template":"","format":"standard","meta":{"footnotes":""},"categories":[105],"tags":[],"class_list":["post-30159","post","type-post","status-publish","format-standard","hentry","category-gundem","odd"],"_links":{"self":[{"href":"http:\/\/www.korhanyilmaz.com\/index.php?rest_route=\/wp\/v2\/posts\/30159","targetHints":{"allow":["GET"]}}],"collection":[{"href":"http:\/\/www.korhanyilmaz.com\/index.php?rest_route=\/wp\/v2\/posts"}],"about":[{"href":"http:\/\/www.korhanyilmaz.com\/index.php?rest_route=\/wp\/v2\/types\/post"}],"author":[{"embeddable":true,"href":"http:\/\/www.korhanyilmaz.com\/index.php?rest_route=\/wp\/v2\/users\/1"}],"replies":[{"embeddable":true,"href":"http:\/\/www.korhanyilmaz.com\/index.php?rest_route=%2Fwp%2Fv2%2Fcomments&post=30159"}],"version-history":[{"count":0,"href":"http:\/\/www.korhanyilmaz.com\/index.php?rest_route=\/wp\/v2\/posts\/30159\/revisions"}],"wp:attachment":[{"href":"http:\/\/www.korhanyilmaz.com\/index.php?rest_route=%2Fwp%2Fv2%2Fmedia&parent=30159"}],"wp:term":[{"taxonomy":"category","embeddable":true,"href":"http:\/\/www.korhanyilmaz.com\/index.php?rest_route=%2Fwp%2Fv2%2Fcategories&post=30159"},{"taxonomy":"post_tag","embeddable":true,"href":"http:\/\/www.korhanyilmaz.com\/index.php?rest_route=%2Fwp%2Fv2%2Ftags&post=30159"}],"curies":[{"name":"wp","href":"https:\/\/api.w.org\/{rel}","templated":true}]}}