{"id":30154,"date":"2011-04-03T16:33:47","date_gmt":"2011-04-03T13:33:47","guid":{"rendered":"http:\/\/www.korhanyilmaz.com\/?p=30154"},"modified":"2011-04-03T16:33:47","modified_gmt":"2011-04-03T13:33:47","slug":"chp-almadi-ak-partiye-gitti","status":"publish","type":"post","link":"http:\/\/www.korhanyilmaz.com\/?p=30154","title":{"rendered":"CHP almad\u0131, AK Parti&#8217;ye gitti"},"content":{"rendered":"<p style=\"text-align: center;\"><a href=\"http:\/\/www.korhanyilmaz.com\/wp-content\/uploads\/2011\/04\/432.jpg\"  class=\"lightview\"><img loading=\"lazy\" decoding=\"async\" class=\"aligncenter size-full wp-image-30155\" src=\"http:\/\/www.korhanyilmaz.com\/wp-content\/uploads\/2011\/04\/432.jpg\" alt=\"\" width=\"338\" height=\"216\" \/><\/a><\/p>\n<p style=\"text-align: justify;\">CHP Parti Meclisine al\u0131nmayan ve AK Parti&#8217;den milletvekili aday\u0131 olan S\u00fcryani as\u0131ll\u0131 Markus \u00dcrek, cemaatini kar\u0131\u015ft\u0131rd\u0131. S\u00fcryani cemaatine mensup 15 kurulu\u015f, \u00dcrek\u2019i protesto etti.<!--more--><\/p>\n<p style=\"text-align: justify;\">ANKARA- CHP Parti Meclisine se\u00e7ilmeyi beklerken liste d\u0131\u015f\u0131 kalmas\u0131 \u00fczerine AK Parti&#8217;den milletvekili aday\u0131 olan S\u00fcryani as\u0131ll\u0131 Markus \u00dcrek, cemaatini kar\u0131\u015ft\u0131rd\u0131. S\u00fcryani cemaatine mensup 15 kurulu\u015f, \u00dcrek\u2019i protesto etti ve \u2018\u2019Arkas\u0131nda S\u00fcryaniler ve manast\u0131rlar\u0131n deste\u011fi yoktur\u2019\u2019 a\u00e7\u0131klamas\u0131 yapt\u0131.<\/p>\n<p style=\"text-align: justify;\">\u0130zmir, Midyat, Alag\u00f6z S\u00fcryani platformlar\u0131 ve k\u00fclt\u00fcr derneklerinin yan\u0131 s\u0131ra, \u0130sve\u00e7, Almanya, Orta Avrupa, Diesburg ve Viyana Asuri Derneklerinin ortak a\u00e7\u0131klamas\u0131nda, \u2018\u2019Arkas\u0131nda b\u00fct\u00fcn S\u00fcryani cemaatinin oldu\u011funu \u00f6ne s\u00fcren ve kamuoyunu yan\u0131ltan AKP aday aday\u0131 Markus \u00dcrek\u2019in adayl\u0131\u011f\u0131 kendini ba\u011flar. Gelmi\u015f ge\u00e7mi\u015f t\u00fcm iktidarlar i\u00e7inde S\u00fcryani halk\u0131 en k\u00f6t\u00fc d\u00f6nemini AKP d\u00f6neminde ya\u015fam\u0131\u015ft\u0131r\u2019\u2019 denildi ve \u015fu ele\u015ftiriler y\u00f6neltildi.<\/p>\n<p style=\"text-align: justify;\">\u2018\u2019Ba\u015fbakan Erdo\u011fan, (Ba\u015f\u00f6rt\u00fcl\u00fc k\u0131z karde\u015flerimin k\u0131yafetini rahibe k\u0131yafetine benzetemezsiniz) s\u00f6z\u00fc ile Hristiyanlar\u0131n \u00f6nemli bir dini de\u011ferini a\u015fa\u011f\u0131lam\u0131\u015ft\u0131r. Devlet bakan\u0131 Faruk \u00c7elik, Hristiyanl\u0131\u011f\u0131 g\u00e2vurun dini olarak nitelemi\u015f, bunu k\u0131nayan Midyad S\u00fcryani K\u00fclt\u00fcr Derne\u011fi Ba\u015fkan\u0131 Yuhanna Akta\u015f\u2019a tazminat davas\u0131 a\u00e7\u0131lm\u0131\u015ft\u0131r. Mor Gabriel manast\u0131r\u0131 topraklar\u0131na, AKP Mardim milletvekili S\u00fcleyman \u00c7elebi\u2019nin a\u015fireti arac\u0131l\u0131\u011f\u0131 ile el konulmak istenmektedir\u2019\u2019<\/p>\n<p style=\"text-align: justify;\">\u00dcrek aday olduktan sonra \u2018\u2019Bu topraklarda ya\u015fayan 20 bin S\u00fcryani&#8217;nin de\u011fil 82 \u00fclkede ya\u015fayan 4 milyon S\u00fcryani&#8217;nin referans\u0131 ile aday oldum\u2019\u2019 demi\u015f ve dini inan\u0131\u015f \u015feklini anlad\u0131\u011f\u0131 i\u00e7in AKP\u2019den aday oldu\u011funu a\u00e7\u0131klam\u0131\u015ft\u0131.<\/p>\n<p style=\"text-align: justify;\">Mardin\u2019de do\u011fan \u00dcrek, Mardin&#8217;deki Mor Gabriel Manast\u0131r\u0131nda e\u011fitim g\u00f6rd\u00fc. Liseyi Almanya\u2019da okudu ve Marmara \u00dcniversitesi \u0130leti\u015fim Fak\u00fcltesinden mezun oldu. New York&#8217;taki New School \u00dcniversitesinde y\u00fcksek lisans yapt\u0131. ABD\u2019de Cumhuriyet\u00e7i kongre \u00fcyesi Dan Burton&#8217;un ofisinde de \u00e7al\u0131\u015ft\u0131. \u00dcrek, Almanca, \u0130ngilizce, S\u00fcryanice, Neo- Aramice, Arap\u00e7a ve K\u00fcrt\u00e7e biliyor.<\/p>\n<p style=\"text-align: justify;\"><a href=\"http:\/\/www.gazeteport.com.tr\/SIYASET\/NEWS\/GP_880773\" target=\"_blank\">Kaynak : GAZETEPORT<\/a><\/p>\n","protected":false},"excerpt":{"rendered":"<p style=\"text-align: center;\">\n<p style=\"text-align: justify;\">CHP Parti Meclisine al\u0131nmayan ve AK Parti&#8217;den milletvekili aday\u0131 olan S\u00fcryani as\u0131ll\u0131 Markus \u00dcrek, cemaatini kar\u0131\u015ft\u0131rd\u0131. S\u00fcryani cemaatine mensup 15 kurulu\u015f, \u00dcrek\u2019i protesto etti.<\/p>\n","protected":false},"author":1,"featured_media":0,"comment_status":"open","ping_status":"closed","sticky":false,"template":"","format":"standard","meta":{"footnotes":""},"categories":[105],"tags":[],"class_list":["post-30154","post","type-post","status-publish","format-standard","hentry","category-gundem","odd"],"_links":{"self":[{"href":"http:\/\/www.korhanyilmaz.com\/index.php?rest_route=\/wp\/v2\/posts\/30154","targetHints":{"allow":["GET"]}}],"collection":[{"href":"http:\/\/www.korhanyilmaz.com\/index.php?rest_route=\/wp\/v2\/posts"}],"about":[{"href":"http:\/\/www.korhanyilmaz.com\/index.php?rest_route=\/wp\/v2\/types\/post"}],"author":[{"embeddable":true,"href":"http:\/\/www.korhanyilmaz.com\/index.php?rest_route=\/wp\/v2\/users\/1"}],"replies":[{"embeddable":true,"href":"http:\/\/www.korhanyilmaz.com\/index.php?rest_route=%2Fwp%2Fv2%2Fcomments&post=30154"}],"version-history":[{"count":0,"href":"http:\/\/www.korhanyilmaz.com\/index.php?rest_route=\/wp\/v2\/posts\/30154\/revisions"}],"wp:attachment":[{"href":"http:\/\/www.korhanyilmaz.com\/index.php?rest_route=%2Fwp%2Fv2%2Fmedia&parent=30154"}],"wp:term":[{"taxonomy":"category","embeddable":true,"href":"http:\/\/www.korhanyilmaz.com\/index.php?rest_route=%2Fwp%2Fv2%2Fcategories&post=30154"},{"taxonomy":"post_tag","embeddable":true,"href":"http:\/\/www.korhanyilmaz.com\/index.php?rest_route=%2Fwp%2Fv2%2Ftags&post=30154"}],"curies":[{"name":"wp","href":"https:\/\/api.w.org\/{rel}","templated":true}]}}