{"id":30148,"date":"2011-04-04T10:01:18","date_gmt":"2011-04-04T07:01:18","guid":{"rendered":"http:\/\/www.korhanyilmaz.com\/?p=30148"},"modified":"2011-04-04T10:01:18","modified_gmt":"2011-04-04T07:01:18","slug":"cumhurbaskani-gul-endonezyaya-gitti","status":"publish","type":"post","link":"http:\/\/www.korhanyilmaz.com\/?p=30148","title":{"rendered":"Cumhurba\u015fkan\u0131 G\u00fcl Endonezya&#8217;ya gitti"},"content":{"rendered":"<p style=\"text-align: justify;\"><a href=\"http:\/\/www.korhanyilmaz.com\/wp-content\/uploads\/2011\/04\/431.jpg\"  class=\"lightview\"><img loading=\"lazy\" decoding=\"async\" class=\"aligncenter size-full wp-image-30149\" src=\"http:\/\/www.korhanyilmaz.com\/wp-content\/uploads\/2011\/04\/431.jpg\" alt=\"\" width=\"292\" height=\"202\" \/><\/a><\/p>\n<p style=\"text-align: justify;\">Cumhurba\u015fkan\u0131 Abdullah G\u00fcl, Endonezya Cumhurba\u015fkan\u0131&#8217;n\u0131n daveti \u00fczerine bu \u00fclkeye gitti. G\u00fcl, hareketinden \u00f6nce Ba\u015fbakan Recep Tayyip Erdo\u011fan ile havaliman\u0131nda yakla\u015f\u0131k 20 dakika s\u00fcren bir g\u00f6r\u00fc\u015fme yapt\u0131. <!--more--><\/p>\n<p style=\"text-align: justify;\">G\u00fcl&#8217;\u00fc, Esenbo\u011fa Havaliman\u0131&#8217;nda Ba\u015fbakan Erdo\u011fan, Ankara B\u00fcy\u00fck\u015fehir Belediye Ba\u015fkan\u0131 Melih G\u00f6k\u00e7ek ve yetkililer u\u011furlad\u0131.<\/p>\n<p style=\"text-align: justify;\">Cumhurba\u015fkan\u0131 G\u00fcl&#8217;\u00fc Cakarta Askeri Havaalan\u0131&#8217;nda da Endonezya D\u0131\u015fi\u015fleri Bakan\u0131 Marty Natalegawa, T\u00fcrkiye&#8217;nin Cakarta B\u00fcy\u00fckel\u00e7isi Murat Adal\u0131 ve \u00f6teki ilgililer kar\u015f\u0131lad\u0131.<\/p>\n<p style=\"text-align: justify;\">Kar\u015f\u0131laman\u0131n ard\u0131ndan konaklayaca\u011f\u0131 Shangri La Oteli&#8217;ne giden G\u00fcl, bug\u00fcn Endonezya Ulusal Kahramanlar An\u0131t Mezar\u0131&#8217;na \u00e7elenk koyacak, b\u00f6lgenin en b\u00fcy\u00fck ve d\u00fcnyan\u0131n d\u00f6rd\u00fcnc\u00fc b\u00fcy\u00fck camisi oldu\u011fu belirtilen \u0130stiklal Camisi&#8217;ni ziyaret edecek ve Cakarta B\u00fcy\u00fckel\u00e7isi Adal\u0131 taraf\u0131ndan onuruna verilecek ak\u015fam yeme\u011fine kat\u0131lacak.<\/p>\n<p style=\"text-align: justify;\">Cumhurba\u015fkan\u0131 G\u00fcl, resmi temaslar\u0131na yar\u0131n ba\u015flayacak.<\/p>\n<p style=\"text-align: justify;\">G\u00fcl&#8217;e ziyaretinde e\u015fi Hayr\u00fcnnisa G\u00fcl ile baz\u0131 bakanlar, i\u015f adamlar\u0131 ve medya mensuplar\u0131ndan olu\u015fan bir heyet e\u015flik ediyor.<\/p>\n<p style=\"text-align: justify;\"><strong>Havaliman\u0131nda mini zirve <\/strong><\/p>\n<p style=\"text-align: justify;\">Bu arada, \u0130stanbul&#8217;dan Ankara&#8217;ya giden Ba\u015fbakan Erdo\u011fan, Endonezya&#8217;ya hareket edecek Cumhurba\u015fkan\u0131 Abdullah G\u00fcl&#8217;\u00fc, Esenbo\u011fa Havaliman\u0131&#8217;nda yakla\u015f\u0131k 20 dakika bekledi.<\/p>\n<p style=\"text-align: justify;\">Daha sonra, G\u00fcl ve Ba\u015fbakan Erdo\u011fan, yakla\u015f\u0131k 20 dakika s\u00fcren mini bir zirve ger\u00e7ekle\u015ftirdi. Ard\u0131ndan, G\u00fcl&#8217;\u00fc Ba\u015fbakan Erdo\u011fan ve beraberindekiler el sallayarak u\u011furlad\u0131.<\/p>\n<p style=\"text-align: justify;\"><a href=\"http:\/\/www.cnnturk.com\/2011\/dunya\/04\/04\/cumhurbaskani.gul.endonezyaya.gitti\/612076.0\/index.html\" target=\"_blank\">Kaynak : CNN T\u00dcRK<\/a><\/p>\n","protected":false},"excerpt":{"rendered":"<p style=\"text-align: justify;\">\n<p style=\"text-align: justify;\">Cumhurba\u015fkan\u0131 Abdullah G\u00fcl, Endonezya Cumhurba\u015fkan\u0131&#8217;n\u0131n daveti \u00fczerine bu \u00fclkeye gitti. G\u00fcl, hareketinden \u00f6nce Ba\u015fbakan Recep Tayyip Erdo\u011fan ile havaliman\u0131nda yakla\u015f\u0131k 20 dakika s\u00fcren bir g\u00f6r\u00fc\u015fme yapt\u0131. <\/p>\n","protected":false},"author":1,"featured_media":0,"comment_status":"open","ping_status":"closed","sticky":false,"template":"","format":"standard","meta":{"footnotes":""},"categories":[105],"tags":[],"class_list":["post-30148","post","type-post","status-publish","format-standard","hentry","category-gundem","odd"],"_links":{"self":[{"href":"http:\/\/www.korhanyilmaz.com\/index.php?rest_route=\/wp\/v2\/posts\/30148","targetHints":{"allow":["GET"]}}],"collection":[{"href":"http:\/\/www.korhanyilmaz.com\/index.php?rest_route=\/wp\/v2\/posts"}],"about":[{"href":"http:\/\/www.korhanyilmaz.com\/index.php?rest_route=\/wp\/v2\/types\/post"}],"author":[{"embeddable":true,"href":"http:\/\/www.korhanyilmaz.com\/index.php?rest_route=\/wp\/v2\/users\/1"}],"replies":[{"embeddable":true,"href":"http:\/\/www.korhanyilmaz.com\/index.php?rest_route=%2Fwp%2Fv2%2Fcomments&post=30148"}],"version-history":[{"count":0,"href":"http:\/\/www.korhanyilmaz.com\/index.php?rest_route=\/wp\/v2\/posts\/30148\/revisions"}],"wp:attachment":[{"href":"http:\/\/www.korhanyilmaz.com\/index.php?rest_route=%2Fwp%2Fv2%2Fmedia&parent=30148"}],"wp:term":[{"taxonomy":"category","embeddable":true,"href":"http:\/\/www.korhanyilmaz.com\/index.php?rest_route=%2Fwp%2Fv2%2Fcategories&post=30148"},{"taxonomy":"post_tag","embeddable":true,"href":"http:\/\/www.korhanyilmaz.com\/index.php?rest_route=%2Fwp%2Fv2%2Ftags&post=30148"}],"curies":[{"name":"wp","href":"https:\/\/api.w.org\/{rel}","templated":true}]}}