{"id":30144,"date":"2011-04-03T18:45:20","date_gmt":"2011-04-03T15:45:20","guid":{"rendered":"http:\/\/www.korhanyilmaz.com\/?p=30144"},"modified":"2011-04-03T18:45:20","modified_gmt":"2011-04-03T15:45:20","slug":"sen-cirak-bile-olamadin","status":"publish","type":"post","link":"http:\/\/www.korhanyilmaz.com\/?p=30144","title":{"rendered":"&#8216;Sen \u00e7\u0131rak bile olamad\u0131n&#8217;"},"content":{"rendered":"<p style=\"text-align: justify;\"><a href=\"http:\/\/www.korhanyilmaz.com\/wp-content\/uploads\/2011\/04\/430.jpg\"  class=\"lightview\"><img loading=\"lazy\" decoding=\"async\" class=\"aligncenter size-full wp-image-30145\" src=\"http:\/\/www.korhanyilmaz.com\/wp-content\/uploads\/2011\/04\/430.jpg\" alt=\"\" width=\"414\" height=\"220\" \/><\/a><\/p>\n<p style=\"text-align: justify;\">Ba\u015fbakan Recep Tayyip Erdo\u011fan, &#8221;2023&#8217;te yeniden T\u00fcrkiye&#8217;yi in\u015fallah kuruyoruz. 2002&#8217;de \u00e7\u0131rakl\u0131k d\u00f6nemi ba\u015flad\u0131. 2007&#8217;de kalfal\u0131k d\u00f6nemi ba\u015flad\u0131. Nereye kadar? 12 Haziran&#8217;a kadar. 12 Haziran&#8217;dan sonra ustal\u0131k d\u00f6nemi ba\u015fl\u0131yor. Say\u0131n K\u0131l\u0131\u00e7daro\u011flu bu ifademden \u00e7ok ho\u015flanm\u0131\u015f olacak ki, &#8216;sevsinler senin ustal\u0131k d\u00f6nemini&#8217; diyor. Hamdolsun sevenler burada. K\u0131l\u0131\u00e7daro\u011flu, onu sen d\u00fc\u015f\u00fcn. Sen daha \u00e7\u0131rak bile olamad\u0131n, olamayacaks\u0131n da&#8221; dedi. <!--more--><\/p>\n<p style=\"text-align: justify;\">Erdo\u011fan, &#8221;Biz geldi\u011fimizde T\u00fcrkiye&#8217;nin IMF&#8217;e borcu 23,5 milyar dolard\u0131. Biz, \u00f6dedik, \u00f6dedik ve \u015fimdi neredeyiz biliyor musunuz? 5.2 milyar dolar. Onlar bor\u00e7land\u0131, biz \u00f6dedik. Onlar kirletti, biz temizliyoruz&#8221; dedi.<\/p>\n<p style=\"text-align: justify;\">OECD \u00fclkeleri aras\u0131nda en h\u0131zl\u0131 b\u00fcy\u00fcyen \u00fclkenin T\u00fcrkiye oldu\u011funu belirten Erdo\u011fan, &#8220;T\u00fcrkiye, 2010 y\u0131l\u0131n\u0131n son \u00e7eyre\u011finde tam y\u00fczde 9,2 oran\u0131nda b\u00fcy\u00fcd\u00fc. 2010 y\u0131l\u0131n\u0131n tamam\u0131nda ise, y\u00fczde 8,9 gibi bir b\u00fcy\u00fcmeyle herkesi \u015fa\u015f\u0131rtt\u0131k. \u015eu anda Avrupa&#8217;da en h\u0131zl\u0131 b\u00fcy\u00fcyen \u00fclke T\u00fcrkiye oldu.&#8221; dedi.<\/p>\n<p style=\"text-align: justify;\">\u0130STANBUL-\u0130stanbul&#8217;da Sinoplular gecesine kat\u0131lan Ba\u015fbakan Erdo\u011fan, burada yapt\u0131\u011f\u0131 konu\u015fmada, AK Parti iktidar\u0131n\u0131 iki d\u00f6neme ay\u0131rd\u0131. Erdo\u011fan, 2002&#8217;den 2007&#8217;ye kadar olan d\u00f6nemi &#8216;\u00e7\u0131rakl\u0131k&#8217;, 2007&#8217;den sonras\u0131n\u0131 ise &#8216;kalfal\u0131k&#8217; d\u00f6nemi olarak nitelendirdi ve s\u00f6z\u00fc 12 Haziran se\u00e7imlerine getirerek, &#8220;Bundan sonra ustal\u0131k d\u00f6nemi ba\u015fl\u0131yor&#8221; dedi. Erdo\u011fan, konu\u015fmas\u0131n\u0131 \u015fu \u015fekilde s\u00fcrd\u00fcrd\u00fc:<\/p>\n<p style=\"text-align: justify;\">&#8220;2002&#8217;den 2007&#8217;ye kadar \u00e7\u0131rakl\u0131k d\u00f6nemi 2007&#8217;de kalfal\u0131k d\u00f6nemi ba\u015flad\u0131. 12 Haziran&#8217;dan sonra ise ustal\u0131k d\u00f6nemi ba\u015fl\u0131yor. Say\u0131n K\u0131l\u0131\u00e7daro\u011flu bu ifademden \u00e7ok ho\u015flanm\u0131\u015f olacak ki, &#8216;sevsinler senin ustal\u0131k d\u00f6nemini&#8217; diyor. Hamdolsun sevenler burada. K\u0131l\u0131\u00e7daro\u011flu onu sen d\u00fc\u015f\u00fcn! Sen daha \u00e7\u0131rak bile olamad\u0131n, olamayacaks\u0131n da. \u00c7\u00fcnk\u00fc sana bu \u00fclkede SSK&#8217;y\u0131 teslim ettiler. 7 y\u0131lda devrald\u0131\u011f\u0131n SSK&#8217;y\u0131 hep zarar ettirdin, bat\u0131rd\u0131n kurumu. Bir genel m\u00fcd\u00fcrl\u00fc\u011f\u00fc y\u00fcr\u00fctemeyen, g\u00fcdemeyen ki\u015fisin, T\u00fcrkiye&#8217;yi mi y\u00f6neteceksin? Benim milletin sana T\u00fcrkiye&#8217;yi vermez. \u0130\u015f bilenin, k\u0131l\u0131\u00e7 ku\u015fanan\u0131nd\u0131r.&#8221;<\/p>\n<p style=\"text-align: justify;\"><strong>ARKASINDAK\u0130 YOLU G\u00d6RMED\u0130<\/strong><\/p>\n<p style=\"text-align: justify;\">&#8220;Biz g\u00f6reve geldi\u011fimizde Samsun&#8217;dan Sarp&#8217;a y\u00fczde 35&#8217;i bitmi\u015fti Karadeniz Sahil Yolu&#8217;nun. Biz s\u00f6z verdik ve bitirdik. Say\u0131n K\u0131l\u0131\u00e7daro\u011flu, ge\u00e7en referandumda oradan ge\u00e7erken Giresun konu\u015fmas\u0131n\u0131 yap\u0131yor. \u2018Karadeniz Sahil Yolu\u2019nu ne yapt\u0131lar?&#8217; diye soruyor arkas\u0131ndaki yolu g\u00f6rmeden. Oradan bir vatanda\u015f\u0131m \u00e7\u0131k\u0131p &#8216;arkana d\u00f6ner bakarsan ne yap\u0131ld\u0131\u011f\u0131n\u0131 g\u00f6r\u00fcrs\u00fcn demi\u015f&#8217;. G\u00f6z var g\u00f6rmez, kulak var duymaz, dil var ger\u00e7ekleri konu\u015famaz. \u0130\u015fte bunlar o familyadan. Dikili a\u011fa\u00e7lar\u0131n\u0131 bulamazs\u0131n\u0131z. Mahalle \u00e7e\u015fmesi a\u00e7maya \u00e7al\u0131\u015f\u0131yorlar ki dikili a\u011fac\u0131m\u0131z var desinler. Biz yapt\u0131klar\u0131m\u0131zla kalmayaca\u011f\u0131z. Mimar Sinan k\u0131sa \u00f6mr\u00fcnde \u0130stanbul&#8217;da Trakya&#8217;da hatta Balkanlarda izler b\u0131rakt\u0131. Biz de o insanlar\u0131n bize verdi\u011fi heyecanla y\u00fcr\u00fcyoruz.&#8221;<\/p>\n<p style=\"text-align: justify;\"><strong>3.K\u00d6PR\u00dcDEN TIPI\u015e TIPI\u015e GE\u00c7ECEKLER<\/strong><\/p>\n<p style=\"text-align: justify;\">\u0130stanbul Bo\u011faz\u0131&#8217;na yap\u0131lacak olan 3. K\u00f6pr\u00fc projesinin yak\u0131n bir tarihte hayata ge\u00e7irilece\u011fini a\u00e7\u0131klayan Erdo\u011fan, &#8220;\u015eimdi K\u0131l\u0131\u00e7daro\u011flu \u00e7\u0131k\u0131p da &#8216;3. K\u00f6pr\u00fc yapmay\u0131n, depremde \u00e7\u00f6ker&#8217; derse \u015fa\u015fmay\u0131n. Ama daha sonra \u00fczerinden t\u0131p\u0131\u015f t\u0131p\u0131\u015f ara\u00e7lar\u0131yla ge\u00e7erler. Birinci ve ikinci k\u00f6pr\u00fcde, Marmaray&#8217;da bunu yapt\u0131lar. \u015eimdi ikinci t\u00fcp ge\u00e7ide de kar\u015f\u0131 \u00e7\u0131kt\u0131lar&#8221; diye konu\u015ftu.<\/p>\n<p style=\"text-align: justify;\">Gecede konu\u015fmalar yap\u0131l\u0131rken Ba\u015fbakan Erdo\u011fan&#8217;\u0131n yeni telefonu \u0130phone&#8217;la k\u0131sa aral\u0131klarla iki g\u00f6r\u00fc\u015fme yapt\u0131\u011f\u0131 kameralara yans\u0131d\u0131. Erdo\u011fan&#8217;\u0131n g\u00fcr\u00fclt\u00fcl\u00fc olan salonda kula\u011f\u0131n\u0131 kapatarak konu\u015fmas\u0131 ve saatine bakmas\u0131 dikkat \u00e7ekti.<\/p>\n<p style=\"text-align: justify;\"><strong>D\u00dcNYADA 3. EN HIZLI B\u00dcY\u00dcYEN \u00dcLKE T\u00dcRK\u0130YE<\/strong><\/p>\n<p style=\"text-align: justify;\">Erdo\u011fan, Atak\u00f6y Sinan Erdem Spor Salonu&#8217;nda \u0130stanbul Sinoplular Platformunca d\u00fczenlenen &#8221;Sinoplular Gecesi&#8221;nde yapt\u0131\u011f\u0131 konu\u015fmada, Sinop&#8217;un, 3 Kas\u0131m 2002 se\u00e7imlerinden itibaren her se\u00e7imde ve 12 Eyl\u00fcl&#8217;de yap\u0131lan halkoylamas\u0131nda, g\u00fc\u00e7l\u00fc bir \u015fekilde kendilerine, ileri demokrasiye, T\u00fcrkiye&#8217;nin kalk\u0131nmas\u0131na, b\u00fcy\u00fcmesine, ilerlemesine destek verdi\u011fini belirterek, bu destekten dolay\u0131 te\u015fekk\u00fcr etti.<\/p>\n<p style=\"text-align: justify;\">Ba\u015fbakan Erdo\u011fan, kendilerinin de ne \u0130stanbul&#8217;daki ne de Sinop&#8217;taki karde\u015flerine mahcup olmad\u0131klar\u0131n\u0131, bundan sonra da mahcup olmayacaklar\u0131n\u0131 ifade etti.<\/p>\n<p style=\"text-align: justify;\">D\u00fcnyan\u0131n en b\u00fcy\u00fck ve en g\u00fc\u00e7l\u00fc ekonomilerinin k\u00fcresel krizde a\u011f\u0131r sars\u0131nt\u0131lar ge\u00e7irdi\u011fini, T\u00fcrkiye&#8217;nin ise bundan en az etkilenen \u00fclke oldu\u011funu s\u00f6yleyen Erdo\u011fan, &#8221;Biz (te\u011fet ge\u00e7ti) dedi\u011fimizde baz\u0131lar\u0131 dalgas\u0131n\u0131 ge\u00e7ti, sonra da (ger\u00e7ekten Ba\u015fbakan&#8217;\u0131n dedi\u011fi do\u011fru \u00e7\u0131kt\u0131) dediler. \u00c7\u00fcnk\u00fc bizim aya\u011f\u0131m\u0131z yere sa\u011flam bas\u0131yordu. Onlar u\u00e7uyordu, biz yere sa\u011flam bas\u0131yorduk. D\u00fcnyan\u0131n en b\u00fcy\u00fck en g\u00fc\u00e7l\u00fc ekonomileri a\u011f\u0131r sars\u0131nt\u0131lar ge\u00e7irdi. T\u00fcm d\u00fcnyada ekonomik b\u00fcy\u00fcme durdu. D\u0131\u015f ticaret verileri, i\u015fsizlik rekor seviyelere \u00e7\u0131kt\u0131. T\u00fcrkiye ise y\u00fczde 14&#8217;e kadar i\u015fsizlik \u00e7\u0131kt\u0131 ama ondan sonra d\u00fc\u015f\u00fc\u015f ba\u015flad\u0131 \u015fimdi 11.9&#8217;day\u0131z&#8221; diye konu\u015ftu.<\/p>\n<p style=\"text-align: justify;\">Ba\u015fbakan Erdo\u011fan \u015funlar\u0131 kaydetti:<\/p>\n<p style=\"text-align: justify;\">&#8221;\u015eu anda, ba\u015fta ABD, Japonya, Avrupa \u00fclkeleri hala bu k\u00fcresel finans krizini atlatamad\u0131lar. Fakat T\u00fcrkiye bunu atlatt\u0131. D\u0131\u015f ticaretimiz tekrar toparlan\u0131yor. 2009 sonundan itibaren bu toparlanma ciddi \u015fekilde devam etti. (B\u00fcy\u00fcyoruz) dedik, (b\u00fcy\u00fcyece\u011fiz) dedik birileri buna inanmad\u0131, ne oldu i\u015fte buyurun. 2009, 2010. 2010&#8217;un son \u00e7eyre\u011finde 9,2 b\u00fcy\u00fcmeyle \u00e7ok \u00f6nemli bir noktaya geldik ve 2010 y\u0131l\u0131n\u0131n b\u00fcy\u00fcmesini 8,9 b\u00fcy\u00fcmeyle herkesi \u015fa\u015f\u0131rtt\u0131k. \u015eu anda Avrupa&#8217;da en h\u0131zl\u0131 b\u00fcy\u00fcyen \u00fclke T\u00fcrkiye oldu. D\u00fcnyada \u00fc\u00e7\u00fcnc\u00fc en h\u0131zl\u0131 b\u00fcy\u00fcyen \u00fclke T\u00fcrkiye oldu. OECD \u00fclkeleri aras\u0131nda en h\u0131zl\u0131 b\u00fcy\u00fcyen \u00fclke T\u00fcrkiye oldu.<\/p>\n<p style=\"text-align: justify;\">\u015eu anda, milli gelirimiz 1 trilyon 105 milyar T\u00fcrk Liras\u0131na ula\u015ft\u0131. Dolar cinsinden 736 milyar dolar. Zirve yapt\u0131\u011f\u0131m\u0131z 2008 sonunda 742 milyar dolard\u0131. Ki\u015fi ba\u015f\u0131na milli gelirimiz, 10 bin 79 dolar oldu. Nereden nereye. 2 bin 300 dolard\u0131. \u015eimdi buraday\u0131z. \u00c7al\u0131\u015ft\u0131k gayret ettik ko\u015ftuk buraya geldik. \u015eimdi alt\u0131n\u0131 \u00e7izerek ifade ediyorum; g\u00f6reve gelmeden \u00f6nce bizim IMF&#8217;ye olan borcumuz neydi? 23,5 milyar dolard\u0131. (IMF ile ili\u015fkimizi keselim) diyenler bunu diye diye gittiler, IMF&#8217;den 30 milyar dolar bor\u00e7 ald\u0131lar. Kim? MHP, DSP, ANAP.  Ve bize 23.5 milyar dolar bor\u00e7 b\u0131rakt\u0131lar. Biz \u00f6dedik, \u00f6dedik ve \u015fimdi neredeyiz biliyor musunuz? 5,2 milyar dolar. Onlar bor\u00e7land\u0131 biz \u00f6dedik. Onlar kirletti biz temizliyoruz.<\/p>\n<p style=\"text-align: justify;\">Bunlar (milliyet\u00e7iyiz) diyorlar de\u011fil mi? Bizim milli bankam\u0131z var Merkez Bankas\u0131. Bize merkez bankas\u0131nda ne kadar d\u00f6viz b\u0131rakt\u0131lar biliyor musunuz? 27.5 milyar dolar. \u015eu anda merkez bankas\u0131n\u0131n d\u00f6viz rezervi 86 milyar dolar. Lafla peynir gemisi y\u00fcr\u00fcm\u00fcyor. Lafla milliyet\u00e7ilik olmuyor. Milleti sevmek i\u015fle oluyor.&#8221;<\/p>\n<p style=\"text-align: justify;\">Ba\u015fbakan Erdo\u011fan, T\u00fcrkiye \u015fu anda e\u011fer d\u00fcnyada sayg\u0131n bir yere sahipse, bunun sebebinin at\u0131lan ad\u0131mlardaki cesaret ve al\u0131nan mesafe oldu\u011funu s\u00f6yledi.<\/p>\n<p style=\"text-align: justify;\">Buralarda kalmayacaklar\u0131n\u0131, daha da g\u00fc\u00e7leneceklerini ifade eden Erdo\u011fan, konu\u015fmas\u0131n\u0131 \u015f\u00f6yle s\u00fcrd\u00fcrd\u00fc:<\/p>\n<p style=\"text-align: justify;\">&#8221;\u015eimdi hedef 2023. 2023&#8217;de yeniden b\u00fcy\u00fck T\u00fcrkiye&#8217;yi in\u015fallah kuruyoruz. 2002&#8217;de \u00e7\u0131rakl\u0131k d\u00f6nemi ba\u015flad\u0131. 2007&#8217;de kalfal\u0131k d\u00f6nemi ba\u015flad\u0131 nereye kadar? 12 Haziran&#8217;a kadar. 12 Haziran&#8217;dan sonra ustal\u0131k d\u00f6nemi ba\u015fl\u0131yor. Say\u0131n K\u0131l\u0131\u00e7daro\u011flu bu ifademden \u00e7ok ho\u015flanm\u0131\u015f olacak ki (sevsinler senin ustal\u0131k d\u00f6nemini) diyor. Hamdolsun sevenler burada. K\u0131l\u0131\u00e7daro\u011flu onu sen d\u00fc\u015f\u00fcn. Sen daha \u00e7\u0131rak bile olamad\u0131n, olamayacaks\u0131n da. \u00c7\u00fcnk\u00fc sana bu \u00fclkede SSK&#8217;y\u0131 teslim ettiler, genel m\u00fcd\u00fcr yapt\u0131lar, 7-8 y\u0131l devrald\u0131\u011f\u0131n SSK zararda de\u011fildi. Sen ald\u0131n 8 y\u0131l arka arkaya zarar ettirdin bat\u0131rd\u0131n. Sen bir genel m\u00fcd\u00fcrl\u00fc\u011f\u00fc y\u00fcr\u00fctemeyen, g\u00fcdemeyen ki\u015fisin, tescillisin T\u00fcrkiye&#8217;yi mi y\u00f6neteceksin? Zaten benim milletim sana T\u00fcrkiye&#8217;yi vermez. Niye? i\u015f bilenin k\u0131l\u0131\u00e7 ku\u015fanan\u0131n. Bu bir vaka.&#8221;<\/p>\n<p style=\"text-align: justify;\"><strong>ANKARAYA G\u0130TT\u0130<\/strong><\/p>\n<p style=\"text-align: justify;\">Sinan Erdem Spor Salonu&#8217;ndaki Sinoplular Gecesi&#8217;nde tamamen dolu trib\u00fcnlere konu\u015fan Ba\u015fbakan Erdo\u011fan&#8217;a vatanda\u015flar da yo\u011fun ilgi g\u00f6sterdi. Erdo\u011fan&#8217;\u0131 ve Ak Parti h\u00fck\u00fcmetini \u00f6ven afi\u015flerin as\u0131ld\u0131\u011f\u0131 salonda Erdo\u011fan&#8217;\u0131n konu\u015fmas\u0131 s\u0131k s\u0131k alk\u0131\u015flarla kesildi. Konu\u015fmas\u0131n\u0131 k\u0131sa tutan Ba\u015fbakan Erdo\u011fan, salondan ayr\u0131ld\u0131. Ancak Erdo\u011fan, spor salonunun V\u0130P salonunda \u00f6zel g\u00f6r\u00fc\u015fmelerde bulundu. Yakla\u015f\u0131k 1 saat sonra spor salonundan ayr\u0131lan Ba\u015fbakan Erdo\u011fan, saat 19.00 s\u0131ralar\u0131nda Atat\u00fcrk Havaliman\u0131&#8217;na ge\u00e7erek Ankara&#8217;ya hareket etti.<\/p>\n<p style=\"text-align: justify;\"><a href=\"http:\/\/www.gazeteport.com.tr\/SIYASET\/NEWS\/GP_880804\" target=\"_blank\">Kaynak : GAZETEPORT<\/a><\/p>\n","protected":false},"excerpt":{"rendered":"<p style=\"text-align: justify;\">\n<p style=\"text-align: justify;\">Ba\u015fbakan Recep Tayyip Erdo\u011fan, &#8221;2023&#8217;te yeniden T\u00fcrkiye&#8217;yi in\u015fallah kuruyoruz. 2002&#8217;de \u00e7\u0131rakl\u0131k d\u00f6nemi ba\u015flad\u0131. 2007&#8217;de kalfal\u0131k d\u00f6nemi ba\u015flad\u0131. Nereye kadar? 12 Haziran&#8217;a kadar. 12 Haziran&#8217;dan sonra ustal\u0131k d\u00f6nemi ba\u015fl\u0131yor. Say\u0131n K\u0131l\u0131\u00e7daro\u011flu bu ifademden \u00e7ok ho\u015flanm\u0131\u015f olacak ki, &#8216;sevsinler senin ustal\u0131k d\u00f6nemini&#8217; diyor. Hamdolsun sevenler burada. K\u0131l\u0131\u00e7daro\u011flu, onu sen d\u00fc\u015f\u00fcn. Sen daha <\/p>\n","protected":false},"author":1,"featured_media":0,"comment_status":"open","ping_status":"closed","sticky":false,"template":"","format":"standard","meta":{"footnotes":""},"categories":[105],"tags":[],"class_list":["post-30144","post","type-post","status-publish","format-standard","hentry","category-gundem","odd"],"_links":{"self":[{"href":"http:\/\/www.korhanyilmaz.com\/index.php?rest_route=\/wp\/v2\/posts\/30144","targetHints":{"allow":["GET"]}}],"collection":[{"href":"http:\/\/www.korhanyilmaz.com\/index.php?rest_route=\/wp\/v2\/posts"}],"about":[{"href":"http:\/\/www.korhanyilmaz.com\/index.php?rest_route=\/wp\/v2\/types\/post"}],"author":[{"embeddable":true,"href":"http:\/\/www.korhanyilmaz.com\/index.php?rest_route=\/wp\/v2\/users\/1"}],"replies":[{"embeddable":true,"href":"http:\/\/www.korhanyilmaz.com\/index.php?rest_route=%2Fwp%2Fv2%2Fcomments&post=30144"}],"version-history":[{"count":0,"href":"http:\/\/www.korhanyilmaz.com\/index.php?rest_route=\/wp\/v2\/posts\/30144\/revisions"}],"wp:attachment":[{"href":"http:\/\/www.korhanyilmaz.com\/index.php?rest_route=%2Fwp%2Fv2%2Fmedia&parent=30144"}],"wp:term":[{"taxonomy":"category","embeddable":true,"href":"http:\/\/www.korhanyilmaz.com\/index.php?rest_route=%2Fwp%2Fv2%2Fcategories&post=30144"},{"taxonomy":"post_tag","embeddable":true,"href":"http:\/\/www.korhanyilmaz.com\/index.php?rest_route=%2Fwp%2Fv2%2Ftags&post=30144"}],"curies":[{"name":"wp","href":"https:\/\/api.w.org\/{rel}","templated":true}]}}