{"id":30140,"date":"2011-04-03T15:25:10","date_gmt":"2011-04-03T12:25:10","guid":{"rendered":"http:\/\/www.korhanyilmaz.com\/?p=30140"},"modified":"2011-04-03T15:25:10","modified_gmt":"2011-04-03T12:25:10","slug":"internette-yayinlanmasi-da-yetmez","status":"publish","type":"post","link":"http:\/\/www.korhanyilmaz.com\/?p=30140","title":{"rendered":"&#8220;\u0130nternette yay\u0131nlanmas\u0131 da yetmez&#8221;"},"content":{"rendered":"<p style=\"text-align: justify;\"><a href=\"http:\/\/www.korhanyilmaz.com\/wp-content\/uploads\/2011\/04\/429.jpg\"  class=\"lightview\"><img loading=\"lazy\" decoding=\"async\" class=\"aligncenter size-full wp-image-30141\" src=\"http:\/\/www.korhanyilmaz.com\/wp-content\/uploads\/2011\/04\/429.jpg\" alt=\"\" width=\"414\" height=\"221\" \/><\/a><\/p>\n<p style=\"text-align: justify;\">Y\u00fcksek\u00f6\u011fretime Ge\u00e7i\u015f S\u0131nav\u0131&#8217;ndaki (YGS) \u015fifre skandal\u0131n\u0131 ortaya \u00e7\u0131karan isimlerden Artvinli dershane y\u00f6neticisi Fahri Aky\u00fcz, \u00d6SYM Ba\u015fkan\u0131 Prof. Dr. Ali Demir\u2019in bug\u00fcn yapt\u0131\u011f\u0131 a\u00e7\u0131klamalar\u0131n kamuoyu vicdan\u0131n\u0131 tatmin edici olmad\u0131\u011f\u0131n\u0131 belirterek, &#8220;\u0130nternet ortam\u0131nda yay\u0131nlanacak kitap\u00e7\u0131klar\u0131n \u00e7ok sa\u011fl\u0131kl\u0131 bir netice verece\u011fine inanm\u0131yorum&#8221; dedi.<!--more--><\/p>\n<p style=\"text-align: justify;\">Fahri Aky\u00fcz, \u00d6SYM Ba\u015fkan\u0131 Prof. Dr. Ali Demir&#8217;in bu sabah yapt\u0131\u011f\u0131 a\u00e7\u0131klamalar\u0131 dikkatle takip ettiklerini, master kitap\u00e7\u0131\u011f\u0131n kopya edilmi\u015f \u015feklinin bas\u0131na verildi\u011fini \u00f6\u011frendiklerini s\u00f6yledi. &#8220;Biz bas\u0131na verilen bu kitap\u00e7\u0131kta b\u00f6yle bir \u015fifreleme oldu\u011funu iddia ettik&#8221; diyen Aky\u00fcz, \u015funlar\u0131 s\u00f6yledi:<\/p>\n<p style=\"text-align: justify;\">&#8220;Bunu da bas\u0131n irdeleyerek do\u011frulad\u0131. \u00d6SYM de do\u011frulad\u0131. \u015eimdi \u00d6SYM Ba\u015fkan\u0131 bu master kitap\u00e7\u0131ktan yap\u0131lan \u00e7o\u011faltmada bu \u015fifrenin oldu\u011funu, bunun b\u00fct\u00fcn testlerde bulundu\u011funu ve bu \u015fifre ile sorular\u0131n y\u00fczde y\u00fcz\u00fcn\u00fcn \u00e7\u00f6z\u00fclebilece\u011fini s\u00f6yledi. Ben \u00f6yle anlad\u0131m. O zaman bizim \u00fczerinde \u00e7al\u0131\u015ft\u0131\u011f\u0131m\u0131z ancak hen\u00fcz \u00e7\u00f6zemedi\u011fimiz T\u00fcrk\u00e7e, Sosyal ve Fen Bilimlerindeki baz\u0131 \u015fifrelerin de ne oldu\u011funu a\u00e7\u0131klas\u0131nlar.<\/p>\n<p style=\"text-align: justify;\">Ben mevcut bu \u015fifre \u00fczerinden do\u011fru yan\u0131t\u0131n yerini de\u011fi\u015ftirdi\u011fim zaman \u015fifre otomatikman bozuluyor. Yap\u0131lan a\u00e7\u0131klamada ki\u015fi ad\u0131na bas\u0131lan kitap\u00e7\u0131klar\u0131n internet ortam\u0131na verilece\u011fi ve herkesin internet ortam\u0131nda kendi kitab\u0131na ula\u015fabilece\u011fi s\u00f6ylendi. \u015eimdi ben diyorum ki; \u00f6\u011frencinin kulland\u0131\u011f\u0131 kitap olup olmad\u0131\u011f\u0131n\u0131 nereden anlayaca\u011f\u0131z. Bunu anlamam\u0131z i\u00e7in ba\u011f\u0131ms\u0131z bir kurul, bilirki\u015fi, akademisyen ve gazeteciler huzurunda 81 ilden de\u011fi\u015fik salonlardan de\u011fi\u015fik \u015fah\u0131slar ad\u0131na bizzat kulland\u0131klar\u0131 kitap\u00e7\u0131klarla inceleme yap\u0131lmas\u0131n\u0131 bekliyorum. Tatmin edici bir \u015fekilde de\u011ferlendirme yap\u0131lmad\u0131k\u00e7a bu a\u00e7\u0131klama kamu vicdan\u0131n\u0131 rahatlatmaz.&#8221;<\/p>\n<p style=\"text-align: justify;\"><strong>KAMU V\u0130CDANININ RAHAT OLMASINI \u0130ST\u0130YORLARSA \u00d6NER\u0130M\u0130 UYGULASINLAR<\/strong><\/p>\n<p style=\"text-align: justify;\">\u00d6nerisinin uygulamas\u0131n\u0131n uzun zaman alabilece\u011fini ifade eden Aky\u00fcz, &#8220;Ama kamunun vicdan\u0131n\u0131n rahat edebilmesi ancak b\u00f6yle m\u00fcmk\u00fcnd\u00fcr&#8221; dedi. Kendisinin de s\u0131nava girdi\u011fini belirten Aky\u00fcz, \u015f\u00f6yle devam etti:<\/p>\n<p style=\"text-align: justify;\">&#8220;Benim kitap\u00e7\u0131\u011f\u0131mda sorular\u0131n cevaplar\u0131n\u0131n hangi \u015f\u0131kta oldu\u011funun tamam\u0131n\u0131 hat\u0131rlama \u015fans\u0131m yok. Benim kitap\u00e7\u0131\u011f\u0131m elektronik ortamda ise bunun cevap \u015f\u0131klar\u0131n\u0131n de\u011fi\u015ftirilmesi ve \u00f6yle yay\u0131nlanmas\u0131 da m\u00fcmk\u00fcnd\u00fcr. Bir \u00f6rnek vermek gerekirse; matematikte 1\u2019inci soruda 8, 10, 6, 4 ve 2 olarak yer alan cevap \u015f\u0131klar\u0131 var. Bu \u015f\u0131klar\u0131n yerini de\u011fi\u015ftirsem ve 8, 6, 10, 4 ve 2 gibi yapsam veya bir kayd\u0131rma ile yapsam cevap de\u011fi\u015fiyor, \u015f\u0131kk\u0131 de\u011fi\u015fiyor ve \u015fifre bozuluyor.<\/p>\n<p style=\"text-align: justify;\">\u00d6\u011frenci nas\u0131l hat\u0131rlayacak cevab\u0131n B veya C \u015f\u0131kk\u0131nda oldu\u011funu. Rakam\u0131 hat\u0131rlar ancak yerini hat\u0131rlayamaz. Yani ancak kendi kitap\u00e7\u0131\u011f\u0131n\u0131 g\u00f6r\u00fcnce hat\u0131rlar. Kamu vicdan\u0131n\u0131n rahat olmas\u0131n\u0131 istiyorlar m\u0131? \u0130stiyorlarsa bu \u015fahs\u0131lar\u0131n kitap\u00e7\u0131klar\u0131 \u00e7\u0131kar\u0131l\u0131r kamuoyu \u00f6n\u00fcnde. Ben kendi kitap\u00e7\u0131\u011f\u0131m\u0131 g\u00f6r\u00fcnce do\u011frulu\u011funu anlar\u0131m. \u00dczerinde i\u015flem yapt\u0131\u011f\u0131m kitap\u00e7\u0131\u011f\u0131 bizzat g\u00f6rece\u011fim ki \u015fifreye uygun olup olmad\u0131\u011f\u0131n\u0131 anlayay\u0131m.&#8221;<\/p>\n<p style=\"text-align: justify;\"><strong>A\u00c7IKLAMADA TUTARSIZLIK VAR<\/strong><\/p>\n<p style=\"text-align: justify;\">\u0130nternet ortam\u0131nda yay\u0131nlanacak kitap\u00e7\u0131klar\u0131n \u00e7ok sa\u011fl\u0131kl\u0131 bir netice verece\u011fine inanmad\u0131\u011f\u0131n\u0131 da vurgulayan Aky\u00fcz, &#8220;\u015eifre olas\u0131l\u0131\u011f\u0131, master kitaptan \u00e7o\u011falt\u0131lan ve bas\u0131na verilen kitap\u00e7\u0131kta ne kadar varsa, internet ortam\u0131nda yay\u0131nlanacak kitap\u00e7\u0131klar \u00fczerinde de o kadar vard\u0131r. \u00d6SYM ba\u015fkan\u0131m\u0131z &#8216;\u015eifreleme b\u00fct\u00fcn sorularda olmas\u0131 laz\u0131m&#8217; diyor. O zaman T\u00fcrk\u00e7e\u2019de ben bunu \u00e7\u00f6zemedim. Onu da onlar \u00e7\u00f6z\u00fcp versin bize. &#8216;Bunun kural\u0131 budur&#8217; desinler. Bir kere burada bir tutars\u0131zl\u0131k var. Onu bilmiyoruz. Onunla ilgili bir bilgi verilmi\u015f de\u011fil. &#8216;Master kitap\u00e7\u0131kta bu \u015fifreleme bu kadar tutabiliyorsa 40 sorunun 40\u2019\u0131 da bu kurala g\u00f6re uyabilir ve sonu\u00e7 bulunabilir&#8217; diyor. Bu bulunabiliyorsa bas\u0131na verilen bu \u015fekilde uyarlanabildiyse, ayarlanabildiyse o zaman \u015fahsa ait kitap\u00e7\u0131k da yeniden d\u00fczenlenebilir elektronik ortamda. Zaten bir g\u00fcnde verilece\u011fini s\u00f6ylemiyor. &#8216;G\u00fcnler alabilir&#8217; diyorlar&#8221; diye konu\u015ftu.<\/p>\n<p style=\"text-align: justify;\">\u015eifreleme sistemini ortaya \u00e7\u0131karan ki\u015filerden avukat Ayla Varan ise &#8220;Ankara Cumhuriyet Ba\u015fsavc\u0131l\u011f\u0131 konuyla ilgili soru\u015fturma ba\u015flatt\u0131. Yarg\u0131sal bir s\u00fcre\u00e7 devam ederken bizim art\u0131k bir de\u011ferlendirme yapmam\u0131z uygun olmaz. Biz bir tespiti ortaya koyduk. Tespitimizle ilgili hakl\u0131l\u0131\u011f\u0131m\u0131z da g\u00f6r\u00fcld\u00fc. Bundan sonra de\u011ferlendirmeyi e\u011fitimciler ve bu i\u015fin uzmanlar\u0131 yaps\u0131n&#8221; diye konu\u015ftu.<\/p>\n<p style=\"text-align: justify;\"><strong>CHP&#8217;L\u0130 ATALAY, &#8216;\u00d6SYM \u0130T\u0130BARSIZ KURUM HAL\u0130NE GELD\u0130&#8217;<\/strong><\/p>\n<p style=\"text-align: justify;\">CHP Genel Ba\u015fkan Yard\u0131mc\u0131s\u0131 Sinop Milletvekili Engin Altay Y\u00fcksek\u00f6\u011fretime Ge\u00e7is S\u0131nav\u0131&#8217;ndaki (YGS) \u015fifreleme iddialar\u0131yla g\u00fcndeme gelen \u00d6SYM&#8217;yi ele\u015ftirdi. Altay &#8221;\u00d6SYM, art\u0131k toplumun itibar etmedi\u011fi, g\u00fcvenmedi\u011fi bir kurum haline geldi&#8221; dedi.<\/p>\n<p style=\"text-align: justify;\">Konya&#8217;da bulunan CHP Genel Ba\u015fkan Yard\u0131mc\u0131s\u0131 Engin Altay, partisinin \u0130l Ba\u015fkanl\u0131\u011f\u0131 binas\u0131nda bas\u0131n toplant\u0131s\u0131 d\u00fczenledi. Toplant\u0131da \u00d6SYM&#8217;yi ele\u015ftiren Engin Altay \u015funlar\u0131 s\u00f6yledi:<\/p>\n<p style=\"text-align: justify;\">&#8220;E\u011fitim tarihimiz yine bin utan\u00e7la, bir kara leke ile kar\u015f\u0131 kar\u015f\u0131yad\u0131r. Ge\u00e7en hafta yap\u0131lan s\u0131navda, 7 okulda sadece k\u0131z \u00f6\u011frenciler s\u0131nava al\u0131nd\u0131.  Ba\u015fbakan&#8217;\u0131n her seferinde ileri demokrasi diye nutuk att\u0131\u011f\u0131 bir d\u00f6nemde bunu kabul etmek olanaks\u0131zd\u0131r. E\u011fer bu \u00f6\u011frencilerin s\u0131nava girdikleri salonlar ayarlanabiliyorsa, ba\u015fka \u015feyler de ayarlanabilir demektir. Sadece k\u0131z \u00f6\u011frencileri ayn\u0131 yerde s\u0131nava sokmak bu \u00e7a\u011fda ak\u0131l al\u0131r bir\u015fey de\u011fildir. Burada &#8216;tevhid-i tedrisat&#8217;a bir ba\u015fkald\u0131r\u0131 vard\u0131.&#8221;<\/p>\n<p style=\"text-align: justify;\"><strong>&#8216;AKP KEND\u0130 T\u0130MLER\u0130N\u0130 YET\u0130\u015eT\u0130R\u0130YOR&#8217;<\/strong><\/p>\n<p style=\"text-align: justify;\">27 Mart tarihinde yap\u0131lan 1 milyon 692 bin 345 \u00f6\u011frencinin girdi\u011fi YGS ile ilgili \u015fifreleme iddialar\u0131n\u0131 da de\u011ferlendiren Engin Altay, s\u00f6zlerini \u015f\u00f6yle s\u00fcrd\u00fcrd\u00fc.<\/p>\n<p style=\"text-align: justify;\">&#8221;\u00d6SYM, daha d\u00fcne kadar T\u00fcrkiye&#8217;de en objektif, en g\u00fcvenilir bir kurumken, bug\u00fcn art\u0131k toplumun nefret etti\u011fi, ku\u015fkuyla bakt\u0131\u011f\u0131, itibars\u0131z bir kurum haline geldi. Bu \u00d6SYM&#8217;nin ilk skandal\u0131 de\u011fildi. 2009 y\u0131l\u0131nda polislik s\u0131navlar\u0131na girecek \u00f6\u011frencilere s\u0131nav \u00f6ncesi sorular verilip, bu sorular\u0131 \u00f6\u011frencilere \u00e7\u00f6zd\u00fcr\u00fcld\u00fc. 2010 y\u0131l\u0131nda da ALES s\u0131nav\u0131nda ayn\u0131 sorun ya\u015fand\u0131. 2011 y\u0131l\u0131ndaki, YGS s\u0131nav\u0131nda da tam bir rezalet, fiyasko, tam bir \u00fc\u00e7ka\u011f\u0131t\u00e7\u0131l\u0131k, tam bir hainlik ile kar\u015f\u0131 kar\u015f\u0131yay\u0131z. \u00dcnal Yar\u0131ma\u011fan, istifa etmesinin ard\u0131ndan yerine hemen Ali Demir atand\u0131. Bu ne acele. Bu ne h\u0131rs, bunu anlamak anlams\u0131zd\u0131. \u015eimdi anl\u0131yoruz, bunun neden oldu\u011funu. Demek ki AK parti h\u00fck\u00fcmeti ile Ali Demir&#8217;in YGS&#8217;de yapacaklar\u0131 varm\u0131\u015f. Ama\u00e7 devleti ele ge\u00e7irmek. \u0130leride y\u00f6netime ge\u00e7ecek gen\u00e7leri bu \u015fekilde yeti\u015ftirilmek isteniyor. AK Parti kendi timlerini yeti\u015ftiriyor.&#8221;<\/p>\n<p style=\"text-align: justify;\">Engin Altay, Milli E\u011fitim Bakan\u0131 Nimet \u00c7ubuk\u00e7u ve \u00d6SYM Ba\u015fkan\u0131 Prof. Dr. Ali Demir ile Y\u00d6K Ba\u015fkan\u0131 Prof. Dr. Yusuf Ziya \u00d6zcan&#8217;\u0131n derhal istifa etmesi gerekti\u011fini de savundu.<\/p>\n<p style=\"text-align: justify;\"><a href=\"http:\/\/www.gazeteport.com.tr\/GUNCEL\/NEWS\/GP_880756\" target=\"_blank\">Kaynak : GAZETEPORT<\/a><\/p>\n","protected":false},"excerpt":{"rendered":"<p style=\"text-align: justify;\">\n<p style=\"text-align: justify;\">Y\u00fcksek\u00f6\u011fretime Ge\u00e7i\u015f S\u0131nav\u0131&#8217;ndaki (YGS) \u015fifre skandal\u0131n\u0131 ortaya \u00e7\u0131karan isimlerden Artvinli dershane y\u00f6neticisi Fahri Aky\u00fcz, \u00d6SYM Ba\u015fkan\u0131 Prof. Dr. Ali Demir\u2019in bug\u00fcn yapt\u0131\u011f\u0131 a\u00e7\u0131klamalar\u0131n kamuoyu vicdan\u0131n\u0131 tatmin edici olmad\u0131\u011f\u0131n\u0131 belirterek, &#8220;\u0130nternet ortam\u0131nda yay\u0131nlanacak kitap\u00e7\u0131klar\u0131n \u00e7ok sa\u011fl\u0131kl\u0131 bir netice verece\u011fine inanm\u0131yorum&#8221; dedi.<\/p>\n","protected":false},"author":1,"featured_media":0,"comment_status":"open","ping_status":"closed","sticky":false,"template":"","format":"standard","meta":{"footnotes":""},"categories":[105],"tags":[],"class_list":["post-30140","post","type-post","status-publish","format-standard","hentry","category-gundem","odd"],"_links":{"self":[{"href":"http:\/\/www.korhanyilmaz.com\/index.php?rest_route=\/wp\/v2\/posts\/30140","targetHints":{"allow":["GET"]}}],"collection":[{"href":"http:\/\/www.korhanyilmaz.com\/index.php?rest_route=\/wp\/v2\/posts"}],"about":[{"href":"http:\/\/www.korhanyilmaz.com\/index.php?rest_route=\/wp\/v2\/types\/post"}],"author":[{"embeddable":true,"href":"http:\/\/www.korhanyilmaz.com\/index.php?rest_route=\/wp\/v2\/users\/1"}],"replies":[{"embeddable":true,"href":"http:\/\/www.korhanyilmaz.com\/index.php?rest_route=%2Fwp%2Fv2%2Fcomments&post=30140"}],"version-history":[{"count":0,"href":"http:\/\/www.korhanyilmaz.com\/index.php?rest_route=\/wp\/v2\/posts\/30140\/revisions"}],"wp:attachment":[{"href":"http:\/\/www.korhanyilmaz.com\/index.php?rest_route=%2Fwp%2Fv2%2Fmedia&parent=30140"}],"wp:term":[{"taxonomy":"category","embeddable":true,"href":"http:\/\/www.korhanyilmaz.com\/index.php?rest_route=%2Fwp%2Fv2%2Fcategories&post=30140"},{"taxonomy":"post_tag","embeddable":true,"href":"http:\/\/www.korhanyilmaz.com\/index.php?rest_route=%2Fwp%2Fv2%2Ftags&post=30140"}],"curies":[{"name":"wp","href":"https:\/\/api.w.org\/{rel}","templated":true}]}}