{"id":30136,"date":"2011-04-02T14:17:18","date_gmt":"2011-04-02T11:17:18","guid":{"rendered":"http:\/\/www.korhanyilmaz.com\/?p=30136"},"modified":"2011-04-02T14:17:18","modified_gmt":"2011-04-02T11:17:18","slug":"kilicdaroglu-ustalik-degil-mali-goturme-donemi","status":"publish","type":"post","link":"http:\/\/www.korhanyilmaz.com\/?p=30136","title":{"rendered":"K\u0131l\u0131\u00e7daro\u011flu: &#8220;Ustal\u0131k de\u011fil mal\u0131 g\u00f6t\u00fcrme d\u00f6nemi&#8221;"},"content":{"rendered":"<p style=\"text-align: justify;\"><a href=\"http:\/\/www.korhanyilmaz.com\/wp-content\/uploads\/2011\/04\/428.jpg\"  class=\"lightview\"><img loading=\"lazy\" decoding=\"async\" class=\"aligncenter size-full wp-image-30137\" src=\"http:\/\/www.korhanyilmaz.com\/wp-content\/uploads\/2011\/04\/428.jpg\" alt=\"\" width=\"448\" height=\"231\" \/><\/a><\/p>\n<p style=\"text-align: justify;\">CHP lideri K\u0131l\u0131\u00e7daro\u011flu, Ba\u015fbakan Erdo\u011fan&#8217;\u0131n &#8220;\u015eimdi ustal\u0131k d\u00f6nemindeyiz&#8221; s\u00f6zlerini ele\u015ftirerek, &#8220;Sevsinler senin ustal\u0131k d\u00f6nemini, mal\u0131 g\u00f6t\u00fcrme d\u00f6nemi. YGS&#8217;deki kopya skandal\u0131 haberlerini g\u00f6rd\u00fcn\u00fcz. \u00c7ocuklar\u0131m\u0131z\u0131n hakk\u0131 yeniyor. \u0130\u015fte ustal\u0131k d\u00f6nemi bu&#8221; dedi.<!--more--><\/p>\n<p style=\"text-align: justify;\">ANTALYA- CHP Genel Ba\u015fkan\u0131 Kemal K\u0131l\u0131\u00e7daro\u011flu, &#8221;Birisi demi\u015f ki &#8216;efendim  \u00e7\u0131rakl\u0131k d\u00f6nemiydi, sonra kalfal\u0131k, \u015fimdi ustal\u0131k d\u00f6nemindeyiz&#8217;. Sevsinler senin ustal\u0131k d\u00f6nemini, mal\u0131 g\u00f6t\u00fcrme d\u00f6nemi. Bug\u00fcn a\u00e7\u0131n t\u00fcm gazetelerin man\u015fetlerini g\u00f6r\u00fcn, YGS s\u0131nav\u0131. \u00c7ocuklar\u0131m\u0131z s\u0131nava girdi, gizli kapakl\u0131 form\u00fcllerle yine birileri avantaj sa\u011flad\u0131. \u00c7ocuklar\u0131m\u0131z\u0131n hakk\u0131 yeniyor. \u0130\u015fte ustal\u0131k d\u00f6nemi bu&#8221; dedi.<\/p>\n<p style=\"text-align: justify;\">K\u0131l\u0131\u00e7daro\u011flu, baz\u0131 a\u00e7\u0131l\u0131\u015f ve ziyaretlere kat\u0131lmak i\u00e7in Antalya&#8217;ya geldi. Antalya Havaliman\u0131&#8217;nda partililerce kar\u015f\u0131lanan K\u0131l\u0131\u00e7daro\u011flu&#8217;nun kent merkezine gidi\u015finde uzun bir ara\u00e7 konvoyu olu\u015fturuldu.<\/p>\n<p style=\"text-align: justify;\">Antalya Esnaf ve Sanatkarlar Odalar\u0131 Birli\u011fini (AESOB) ziyaret ederek, Birlik Ba\u015fkan\u0131 Abdullah Sevim\u00e7ok ile g\u00f6r\u00fc\u015fen K\u0131l\u0131\u00e7daro\u011flu, daha sonra toplant\u0131 salonunda esnafla bir araya geldi. K\u0131l\u0131\u00e7daro\u011flu, gitti\u011fi her yerde mutlaka esnaf ve sanatkarlar\u0131 ziyaret etti\u011fine i\u015faret ederek, &#8221;Onlarla aram\u0131zda bir mesafe vard\u0131. Kafalar\u0131nda hep (CHP ne yapacak) diye soru i\u015fareti vard\u0131&#8221; diye konu\u015ftu.<\/p>\n<p style=\"text-align: justify;\">Ailesinde esnaf bulunmas\u0131 ve Sosyal G\u00fcvenlik Kurumu&#8217;nda \u00e7al\u0131\u015fmas\u0131 nedeniyle esnaf ve sanatkarlar\u0131 yak\u0131ndan tan\u0131d\u0131\u011f\u0131n\u0131 dile getiren K\u0131l\u0131\u00e7daro\u011flu, esnaf\u0131n devlete y\u00fck olmadan \u00e7al\u0131\u015fan, \u00fcreten, emek harcayan, yan\u0131nda \u00e7\u0131rak, usta yeti\u015ftiren, kar elde ederse de gidip vergisini \u00f6deyen ki\u015fi oldu\u011funu s\u00f6yledi. Esnaf\u0131n kanaatkar oldu\u011funu belirten K\u0131l\u0131\u00e7daro\u011flu, toplumun \u00e7imentosunu olu\u015fturdu\u011funu kaydetti.<\/p>\n<p style=\"text-align: justify;\"><strong>&#8220;BAKALIM YGS \u0130\u00c7\u0130N NE TEPK\u0130 VERECEKLER&#8221;<\/strong><\/p>\n<p style=\"text-align: justify;\">T\u00fcrkiye&#8217;nin iyi y\u00f6netilmedi\u011fi gibi, kaynaklar\u0131n\u0131n da \u00e7ar\u00e7ur edildi\u011fini s\u00f6yleyen K\u0131l\u0131\u00e7daro\u011flu, \u015funlar\u0131 s\u00f6yledi:<\/p>\n<p style=\"text-align: justify;\">&#8221;Birisi demi\u015f ki, &#8216;Efendim \u00e7\u0131rakl\u0131k d\u00f6nemiydi, sonra kalfal\u0131k, \u015fimdi ustal\u0131k d\u00f6nemindeyiz.&#8217; Sevsinler senin ustal\u0131k d\u00f6nemini, mal\u0131 g\u00f6t\u00fcrme d\u00f6nemi. Bug\u00fcn a\u00e7\u0131n t\u00fcm gazetelerin man\u015fetlerini g\u00f6r\u00fcn, YGS s\u0131nav\u0131. \u00c7ocuklar\u0131m\u0131z s\u0131nava girdi, gizli kapakl\u0131 form\u00fcllerle yine birileri avantaj sa\u011flad\u0131. \u00c7ocuklar\u0131m\u0131z\u0131n hakk\u0131 yeniyor. \u0130\u015fte ustal\u0131k d\u00f6nemi bu. \u00d6yle bir form\u00fcl \u00fcretiyorlar ki belli ki\u015filer bilecek, sorular\u0131 da\u011f\u0131tmaya gerek yok, diyeceksiniz ki en d\u00fc\u015f\u00fckten en y\u00fckse\u011fe g\u00f6re yap\u0131n, \u015funu i\u015faretlediniz mi daha do\u011frusu en d\u00fc\u015f\u00fc\u011f\u00fc i\u015faretlediniz mi veya en y\u00fckse\u011fi i\u015faretlediniz mi do\u011fru \u00e7\u0131kacak&#8230; Hi\u00e7 kafan\u0131z\u0131 yormaya gerek yok. Bunlar\u0131n ustal\u0131k d\u00f6nemi bu. T\u00fcrkiye&#8217;nin geldi\u011fi sorun da bu. Ben merak ediyorum, siyasi iktidar bu YGS s\u0131nav\u0131yla ilgili nas\u0131l tepki verecek. Daha ses \u00e7\u0131kmad\u0131. O s\u0131nava giren benim, sizlerin \u00e7ocuklar\u0131. Biz \u00e7ocuklar\u0131m\u0131z\u0131 niye dershaneye g\u00f6nderdik, d\u00fcnyan\u0131n paras\u0131n\u0131 verdik okullara g\u00f6nderdik, bo\u011faz\u0131m\u0131zdan kestik \u00e7ocuklar\u0131m\u0131z okusun diye. Ne oldu? Birilerine s\u00f6yleyeceksiniz \u015fu form\u00fclle i\u015faretle diye. Ondan sonra haklar\u0131n\u0131z elinizden al\u0131nm\u0131\u015f olacak. Bu do\u011fru de\u011fil.&#8221;<\/p>\n<p style=\"text-align: justify;\"><strong>EMEKL\u0130YE KILI\u00c7DARO\u011eLU&#8217;NDAN M\u00dcJDE<\/strong><\/p>\n<p style=\"text-align: justify;\">Sosyal G\u00fcvenlik Destek Pirimini ele\u015ftiren K\u0131l\u0131\u00e7daro\u011flu, emekli olduktan sonra \u00e7al\u0131\u015fmak isteyen esnaf\u0131n emekli ayl\u0131\u011f\u0131n\u0131n y\u00fczde 15&#8217;inin kesildi\u011fini kaydetti.<\/p>\n<p style=\"text-align: justify;\">K\u0131l\u0131\u00e7daro\u011flu, &#8221;D\u00fcnyan\u0131n hangi \u00fclkesinde \u00e7al\u0131\u015fan adam cezaland\u0131r\u0131l\u0131r? Esnaf \u00e7al\u0131\u015f\u0131rsa emekli olduktan sonra sana ceza kesece\u011fiz diyorlar. Bu do\u011fru de\u011fil. S\u00f6z veriyorum CHP&#8217;nin iktidar\u0131nda Sosyal G\u00fcvenlik Destek Pirimi&#8217;ni kald\u0131raca\u011f\u0131z&#8221; dedi.<\/p>\n<p style=\"text-align: justify;\">Enaf\u0131n kira bedeli \u00fczerinden stopaj \u00f6dedi\u011fine de dikkati \u00e7eken K\u0131l\u0131\u00e7daro\u011flu, enflasyonun y\u00fczde 100&#8217;lere \u00e7\u0131kt\u0131\u011f\u0131 d\u00f6nem getirilen bu verginin kald\u0131r\u0131lmas\u0131 gerekti\u011fini kaydetti.<\/p>\n<p style=\"text-align: justify;\"><strong>&#8221;HANG\u0130 \u00dcLKEDE 9 YILDA 4 KERE MAL\u0130 AF GET\u0130R\u0130LM\u0130\u015eT\u0130R?&#8221;<\/strong><\/p>\n<p style=\"text-align: justify;\">Gazetelerin ekonomi sayfalar\u0131na bak\u0131ld\u0131\u011f\u0131nda g\u00fcll\u00fck g\u00fclistanl\u0131k bir T\u00fcrkiye tablosu \u00e7izildi\u011fini ifade eden K\u0131l\u0131\u00e7daro\u011flu, \u015f\u00f6yle konu\u015ftu:<\/p>\n<p style=\"text-align: justify;\">&#8221;D\u00fcnyada hangi \u00fclke 9 y\u0131lda 4 sefer mali af getirmi\u015ftir? Neden \u00e7\u0131kar mali af? Ki\u015fi borcunu \u00f6deyemez, faiz y\u00fck\u00fc alt\u0131nda kal\u0131r. Soru \u015fu, bu insanlar ni\u00e7in vergilerini, sosyal g\u00fcvenlik pirimini zaman\u0131nda \u00f6deyemiyorlar? Demek ki sizin izledi\u011finiz ekonomik politikalarla esnaf bor\u00e7 i\u00e7inde kal\u0131yor. Ondan sonra da af \u00e7\u0131karal\u0131m. Ekonomi iyi y\u00f6netilmiyor. &#8216;Bu kriz d\u00fcnyada vard\u0131&#8217; diyorlar. D\u00fcnyaya bakal\u0131m. 9 y\u0131lda 4 kez mali af \u00e7\u0131karan bir \u00fclke g\u00f6stersinler. O \u00fclkeler iyi y\u00f6netiliyor, biz iyi y\u00f6netilmiyoruz. Bu hayat\u0131n, sizin hayat\u0131n\u0131z\u0131n ger\u00e7e\u011fidir.&#8221;<\/p>\n<p style=\"text-align: justify;\">B\u00fcy\u00fck al\u0131\u015fveri\u015f merkezleriyle ilgili yasan\u0131n da iki d\u00f6nemdir \u00e7\u0131kar\u0131lamad\u0131\u011f\u0131n\u0131 belirten K\u0131l\u0131\u00e7daro\u011flu, &#8221;AVM&#8217;ler kapat\u0131ls\u0131n demiyoruz ama bat\u0131daki standartlar neyse biz de de ayn\u0131s\u0131 olsun&#8221; diye konu\u015ftu.<\/p>\n<p style=\"text-align: justify;\"><strong>&#8221;BURAYA YEN\u0130 CHP OLARAK GEL\u0130YORUZ&#8221;<\/strong><\/p>\n<p style=\"text-align: justify;\">Esnaftan kendilerine sahip \u00e7\u0131kan partiye oy vermelerini isteyen K\u0131l\u0131\u00e7daro\u011flu, &#8221;\u0130lla gelin CHP&#8217;ye oy verin demiyorum. Sizin gelece\u011finizi biz savunuyorsak gelin bize verin ba\u015fka bir parti savunuyorsa ona verin. Bu kadar a\u00e7\u0131k s\u00f6yl\u00fcyoruz. Esnaf\u0131n al\u0131n terine de\u011fer veriyoruz. Eski de\u011fer yarg\u0131lar\u0131m\u0131z\u0131 kafam\u0131zdan atal\u0131m. Buraya yeni CHP olarak geliyoruz. Biz CHP olarak, ad\u0131m\u0131z gibi olmak istiyoruz. Halk\u0131n partisi olmak istiyoruz&#8221; diye konu\u015ftu.<\/p>\n<p style=\"text-align: justify;\">Al\u0131nterini kutsal addeden bir anlay\u0131\u015f\u0131n partisi olacaklar\u0131n\u0131 belirten K\u0131l\u0131\u00e7daro\u011flu, esnaftan partisine g\u00fcvenmelerini istedi. K\u0131l\u0131\u00e7daro\u011flu, &#8221;Bize g\u00fcvenin g\u00f6receksiniz bu \u00fclke nas\u0131l y\u00f6netiliyor. \u00d6yle birilerinin yapt\u0131\u011f\u0131 gibi mal\u0131 g\u00f6t\u00fcrmeyece\u011fiz. Sizden toplad\u0131\u011f\u0131m\u0131z 5 kuru\u015fun hesab\u0131n\u0131 dahi verece\u011fiz. Biz hesap vermeyi namuslu g\u00f6rev kabul eden bir anlay\u0131\u015fa sahibiz&#8221; dedi.<\/p>\n<p style=\"text-align: justify;\"><strong>&#8220;GEL\u0130N, \u00c7OCUKLARIMIZ \u0130\u00c7\u0130N YEN\u0130 B\u0130R UFUK A\u00c7ALIM&#8221;<\/strong><\/p>\n<p style=\"text-align: justify;\">K\u0131l\u0131\u00e7daro\u011flu, iktidara gelmeleri durumunda can g\u00fcvenli\u011fi nedeniyle arac\u0131n\u0131 kabinli yapmak isteyen esnaftan bir kereye mahsus olmak \u00fczere \u00d6TV ve KDV al\u0131nmayaca\u011f\u0131n\u0131 kaydetti.<\/p>\n<p style=\"text-align: justify;\">Aile Sigortas\u0131 Projesini a\u00e7\u0131klad\u0131klar\u0131na dikkati \u00e7eken K\u0131l\u0131\u00e7daro\u011flu, bu projeyle ailelerin, hesaplar\u0131na yat\u0131r\u0131lacak paray\u0131 esnafta harcayaca\u011f\u0131n\u0131 s\u00f6yledi.<\/p>\n<p style=\"text-align: justify;\">K\u0131l\u0131\u00e7daro\u011flu, &#8221;O 600 TL sadece yoksulun yoksullu\u011funu ortadan kald\u0131racak bir para de\u011fil, ayr\u0131ca onurlu T\u00fcrkiye&#8217;yi aya\u011fa kald\u0131racak bir bedeldir. Bize bu bedelin kayna\u011f\u0131 nedir diye soruyorlar. Yoksulun yoksullu\u011funu gidermenin kayna\u011f\u0131 m\u0131 olur?&#8221; dedi.<\/p>\n<p style=\"text-align: justify;\">Muhtarlar\u0131n sorunlar\u0131n\u0131 da bildi\u011fini belirten K\u0131l\u0131\u00e7daro\u011flu, se\u00e7imle gelen belediye ba\u015fkanlar\u0131 ve milletvekillerine sa\u011flanan olanaklar\u0131n muhtarlara sa\u011flanmad\u0131\u011f\u0131n\u0131 s\u00f6yledi. Halk\u0131 d\u00fc\u015f\u00fcnerek siyaset yapt\u0131klar\u0131n\u0131 savunan K\u0131l\u0131\u00e7daro\u011flu, \u015fu g\u00f6r\u00fc\u015fleri dile getirdi:<\/p>\n<p style=\"text-align: justify;\">&#8221;Bu g\u00fczel \u00fclkede ne olursunuz gelin yeni bir sayfa, yeni bir ufuk a\u00e7al\u0131m. \u00c7ocuklar\u0131m\u0131z i\u00e7in, torunlar\u0131m\u0131z i\u00e7in kirli siyasetten art\u0131k bu \u00fclkeyi temizleyelim. Size s\u00f6z veriyorum bizim iktidar\u0131m\u0131zda ilk 4 ay i\u00e7inde Siyasi Ahlak Yasas\u0131&#8217;n\u0131 \u00e7\u0131karaca\u011f\u0131z. \u0130lk d\u00f6rt ay i\u00e7inde Aile Sigortas\u0131 Yasas\u0131&#8217;n\u0131 parlamentoya getirece\u011fiz, bir y\u0131l i\u00e7inde yoksulluk envanterini tamamlayaca\u011f\u0131z. Art\u0131k insanlar\u0131n yoksullu\u011fu siyasete malzeme olmayacak. Yeri geldi\u011finde diyoruz ki sa\u011f elin verdi\u011fini sol el bilmeyecek.&#8221;<\/p>\n<p style=\"text-align: justify;\">Politikac\u0131lar\u0131n en \u00e7ok ele\u015ftiriye ihtiyac\u0131 oldu\u011funu belirten K\u0131l\u0131\u00e7daro\u011flu, CHP&#8217;nin iktidar\u0131nda vatanda\u015f\u0131n ele\u015ftiri \u00f6zg\u00fcrl\u00fc\u011f\u00fcn\u00fc kullanaca\u011f\u0131n\u0131, ele\u015ftirdi\u011fi i\u00e7in vatanda\u015fa k\u0131z\u0131lmayaca\u011f\u0131n\u0131 kaydetti.<\/p>\n<p style=\"text-align: justify;\">Bu arada K\u0131l\u0131\u00e7daro\u011flu&#8217;nun AESOB binas\u0131na gelmesinin ard\u0131ndan kendisini ta\u015f\u0131yan parti otob\u00fcs\u00fc y\u00f6n de\u011fi\u015fyikli\u011fi i\u00e7in manevra yaparken binan\u0131n giri\u015f basamaklar\u0131ndaki seramikler k\u0131r\u0131ld\u0131.<\/p>\n<p style=\"text-align: justify;\"><a href=\"http:\/\/www.gazeteport.com.tr\/SIYASET\/NEWS\/GP_880285\" target=\"_blank\">Kaynak : GAZETEPORT<\/a><\/p>\n","protected":false},"excerpt":{"rendered":"<p style=\"text-align: justify;\">\n<p style=\"text-align: justify;\">CHP lideri K\u0131l\u0131\u00e7daro\u011flu, Ba\u015fbakan Erdo\u011fan&#8217;\u0131n &#8220;\u015eimdi ustal\u0131k d\u00f6nemindeyiz&#8221; s\u00f6zlerini ele\u015ftirerek, &#8220;Sevsinler senin ustal\u0131k d\u00f6nemini, mal\u0131 g\u00f6t\u00fcrme d\u00f6nemi. YGS&#8217;deki kopya skandal\u0131 haberlerini g\u00f6rd\u00fcn\u00fcz. \u00c7ocuklar\u0131m\u0131z\u0131n hakk\u0131 yeniyor. \u0130\u015fte ustal\u0131k d\u00f6nemi bu&#8221; dedi.<\/p>\n","protected":false},"author":1,"featured_media":0,"comment_status":"open","ping_status":"closed","sticky":false,"template":"","format":"standard","meta":{"footnotes":""},"categories":[105],"tags":[],"class_list":["post-30136","post","type-post","status-publish","format-standard","hentry","category-gundem","odd"],"_links":{"self":[{"href":"http:\/\/www.korhanyilmaz.com\/index.php?rest_route=\/wp\/v2\/posts\/30136","targetHints":{"allow":["GET"]}}],"collection":[{"href":"http:\/\/www.korhanyilmaz.com\/index.php?rest_route=\/wp\/v2\/posts"}],"about":[{"href":"http:\/\/www.korhanyilmaz.com\/index.php?rest_route=\/wp\/v2\/types\/post"}],"author":[{"embeddable":true,"href":"http:\/\/www.korhanyilmaz.com\/index.php?rest_route=\/wp\/v2\/users\/1"}],"replies":[{"embeddable":true,"href":"http:\/\/www.korhanyilmaz.com\/index.php?rest_route=%2Fwp%2Fv2%2Fcomments&post=30136"}],"version-history":[{"count":0,"href":"http:\/\/www.korhanyilmaz.com\/index.php?rest_route=\/wp\/v2\/posts\/30136\/revisions"}],"wp:attachment":[{"href":"http:\/\/www.korhanyilmaz.com\/index.php?rest_route=%2Fwp%2Fv2%2Fmedia&parent=30136"}],"wp:term":[{"taxonomy":"category","embeddable":true,"href":"http:\/\/www.korhanyilmaz.com\/index.php?rest_route=%2Fwp%2Fv2%2Fcategories&post=30136"},{"taxonomy":"post_tag","embeddable":true,"href":"http:\/\/www.korhanyilmaz.com\/index.php?rest_route=%2Fwp%2Fv2%2Ftags&post=30136"}],"curies":[{"name":"wp","href":"https:\/\/api.w.org\/{rel}","templated":true}]}}