{"id":30132,"date":"2011-04-02T17:55:55","date_gmt":"2011-04-02T14:55:55","guid":{"rendered":"http:\/\/www.korhanyilmaz.com\/?p=30132"},"modified":"2011-04-02T17:55:55","modified_gmt":"2011-04-02T14:55:55","slug":"boyle-bir-siyasi-edepsizlik-olabilir-mi","status":"publish","type":"post","link":"http:\/\/www.korhanyilmaz.com\/?p=30132","title":{"rendered":"B\u00f6yle bir siyasi edepsizlik olabilir mi?"},"content":{"rendered":"<p style=\"text-align: justify;\"><a href=\"http:\/\/www.korhanyilmaz.com\/wp-content\/uploads\/2011\/04\/427.jpg\"  class=\"lightview\"><img loading=\"lazy\" decoding=\"async\" class=\"aligncenter size-full wp-image-30133\" src=\"http:\/\/www.korhanyilmaz.com\/wp-content\/uploads\/2011\/04\/427.jpg\" alt=\"\" width=\"449\" height=\"231\" \/><\/a><\/p>\n<p style=\"text-align: justify;\">MHP Genel Ba\u015fkan\u0131 Devlet Bah\u00e7eli, Ba\u015fbakan Recep Tayyip Erdo\u011fan&#8217;\u0131n, MHP s\u0131k s\u0131k kendisini ele\u015ftirdi\u011fi i\u00e7in rahats\u0131z oldu\u011funu ileri s\u00fcrerek, &#8221;Rahats\u0131z oluyor, \u00e7\u00fcnk\u00fc Bozkurt&#8217;un nefesi Recep Tayyip Erdo\u011fan&#8217;\u0131n ensesinde dola\u015f\u0131yor&#8221; dedi.<!--more--><\/p>\n<p style=\"text-align: justify;\">AFYONKARAH\u0130SAR &#8211; MHP Genel Ba\u015fkan\u0131 Devlet Bah\u00e7eli, &#8221;Adalet ve Kalk\u0131nma Partisinin 8 y\u0131ll\u0131k iktidar\u0131 s\u00fcresinde, AKP&#8217;nin oylar\u0131yla belirli makamlara, belirli sorumluluklara gelmi\u015f olanlar\u0131n d\u00fcnyas\u0131yla AKP&#8217;ye oy veren veya vermeyen sade vatanda\u015f\u0131m\u0131z\u0131n veya ba\u015fka partili vatanda\u015f\u0131m\u0131z\u0131n durumu aras\u0131nda \u00e7ok b\u00fcy\u00fck bir fark vard\u0131r&#8221; dedi.<\/p>\n<p style=\"text-align: justify;\">Bah\u00e7eli, Afyonkarahisar&#8217;\u0131n Sand\u0131kl\u0131 il\u00e7esinde d\u00fczenlenen toplu a\u00e7\u0131l\u0131\u015f t\u00f6renine kat\u0131ld\u0131.<\/p>\n<p style=\"text-align: justify;\">Burada halka hitap eden Bah\u00e7eli, Ba\u015fbakan Recep Tayyip Erdo\u011fan&#8217;\u0131n T\u00fcrkiye Cumhuriyeti&#8217;nin 87 y\u0131ll\u0131k tarihinde yap\u0131lanlar\u0131 inkar ederek, inkarc\u0131 bir zihniyetle \u00fclkeyi y\u00f6netti\u011fini ileri s\u00fcrd\u00fc.<\/p>\n<p style=\"text-align: justify;\">Ba\u015fbakan Erdo\u011fan&#8217;\u0131n zaman zaman baz\u0131 de\u011ferlendirmelerde bulundu\u011funu ifade eden Bah\u00e7eli, \u015f\u00f6yle konu\u015ftu:<\/p>\n<p style=\"text-align: justify;\"><strong>B\u00d6YLE B\u0130R S\u0130YAS\u0130 EDEPS\u0130ZL\u0130K T\u00dcRK S\u0130YAS\u0130 HAYATINDA YER BULAB\u0130L\u0130R M\u0130?<\/strong><\/p>\n<p style=\"text-align: justify;\">&#8221;Say\u0131n Ba\u015fbakan 2002 y\u0131l\u0131nda Adalet ve Kalk\u0131nma Partisinin iktidar olu\u015fuyla T\u00fcrkiye&#8217;nin 87 y\u0131lda ba\u015farm\u0131\u015f oldu\u011fu her \u015feyi s\u0131f\u0131rl\u0131yor ve kendisinin yapt\u0131\u011f\u0131n\u0131 ortaya koyan bir siyasi \u00fcslupla inkarc\u0131 bir politika takip ediyor; ne yap\u0131lm\u0131\u015fsa Say\u0131n Recep Tayyip Erdo\u011fan&#8217;\u0131n bilgisiyle olmu\u015f, ne yap\u0131lm\u0131\u015fsa Say\u0131n Recep Tayyip Erdo\u011fan&#8217;\u0131n karar\u0131yla olmu\u015f, ne yap\u0131lm\u0131\u015fsa 87 y\u0131lda, Say\u0131n Recep Tayyip Erdo\u011fan&#8217;\u0131n sihirli eliyle olmu\u015f. B\u00f6yle bir \u015fey var m\u0131d\u0131r? Nerede Atat\u00fcrk d\u00f6nemi, nerede \u0130n\u00f6n\u00fc d\u00f6nemi, nerede Celal Bayar d\u00f6nemi, Adnan Menderes d\u00f6nemi, nerede S\u00fcleyman Demirel d\u00f6nemi? Nerede Ecevit d\u00f6nemi, nerede Erbakan d\u00f6nemi, nerede Tansu \u00c7iller d\u00f6nemi? Siz e\u011fer bunlar\u0131n hepsini reddederseniz, inkar ederseniz o zaman bir yerde ruhi s\u0131k\u0131nt\u0131 var. O da Recep Tayyip Erdo\u011fan&#8217;\u0131n kendisini be\u011fenmi\u015fli\u011fi ve her \u015feyi ben yapt\u0131m gibi toptanc\u0131 yakla\u015f\u0131m\u0131d\u0131r. Bunu b\u00f6yle kabul edebilir miyiz? B\u00f6yle bir siyasi edepsizlik, T\u00fcrk siyasi hayat\u0131nda yer bulabilir mi?&#8221;<\/p>\n<p style=\"text-align: justify;\">Bu t\u00fcr yakla\u015f\u0131mlar\u0131n T\u00fcrk siyasi hayat\u0131nda yer bulmamas\u0131 gerekti\u011fini ifade eden Bah\u00e7eli, &#8221;O zaman bunu yerle\u015ftirirseniz; varsa Recep Tayyip Erdo\u011fan&#8217;\u0131n bir hizmeti, birileri gelir onu da inkar eder. Bu millete hizmet eden bir g\u00fcn iltifat duymayacak m\u0131, bir g\u00fcn takdir g\u00f6rmeyecek mi? Hakk\u0131n rahmetine kavu\u015fanlar rahmetle an\u0131lmayacak m\u0131&#8221; dedi.<\/p>\n<p style=\"text-align: justify;\">AK Parti h\u00fck\u00fcmetini, inkarc\u0131l\u0131k ve &#8221;reddiyecilik&#8221; ile su\u00e7layan MHP Genel Ba\u015fkan\u0131 Bah\u00e7eli, &#8221;Milli g\u00f6r\u00fc\u015f g\u00f6mle\u011fini \u00e7\u0131kar\u0131p att\u0131, yerine, \u00f6n\u00fcnde Amerika Birle\u015fik Devletleri, arkas\u0131nda Avrupa Birli\u011fi yazan, Avrupa&#8217;dan ithal bir ti\u015f\u00f6rt giydi. Bug\u00fcnk\u00fc siyasi iktidar, teslimiyet\u00e7ili\u011fe mahkum kalm\u0131\u015f bir iktidard\u0131r&#8221; diye konu\u015ftu.<\/p>\n<p style=\"text-align: justify;\"><strong>&#8221;BOZKURT&#8217;UN NEFES\u0130 ERDO\u011eAN&#8217;IN ENSES\u0130NDE&#8221;<\/strong><\/p>\n<p style=\"text-align: justify;\">Afyonkarahisar&#8217;\u0131n Dinar il\u00e7esinde halka hitap eden Bah\u00e7eli, Ba\u015fbakan Erdo\u011fan&#8217;\u0131n Y\u00fcce Divanda yarg\u0131lanmas\u0131 gerekti\u011fini s\u00f6yledi.<\/p>\n<p style=\"text-align: justify;\">Baz\u0131 televizyon kanallar\u0131nda yap\u0131lan programlarda, &#8221;AK Parti giderse yerine gelecek parti mi var? Muhalefette parti mi kald\u0131&#8221; denilerek T\u00fcrkiye&#8217;nin yaln\u0131zla\u015ft\u0131r\u0131l\u0131\u011f\u0131n\u0131 ifade eden Bah\u00e7eli, \u015f\u00f6yle konu\u015ftu:<\/p>\n<p style=\"text-align: justify;\">&#8221;Recep Tayyip Erdo\u011fan, iktidar giderse hangi parti gelecek, muhalefet mi var, diyerek t\u00fcm partileri k\u00fc\u00e7\u00fck g\u00f6r\u00fcyor. Yaln\u0131z bir adama mahkum b\u0131rakman\u0131n oyununu oynuyor. Bu millet bir\u00e7ok kabiliyetler, bir\u00e7ok siyasi liderler ve iktidarlar \u00e7\u0131karm\u0131\u015ft\u0131r. Recep Tayyip Erdo\u011fan giderse binlercesi gelir Allah&#8217;\u0131n izniyle. Onun i\u00e7in endi\u015feye gerek yok. Recep Tayyip Erdo\u011fan gidecek. Peki yerine gelecek var m\u0131, diyorsan\u0131z, Milliyet\u00e7i Hareket var.&#8221;<\/p>\n<p style=\"text-align: justify;\">T\u00fcrkiye&#8217;nin rehabilitasyona ve kendine d\u00f6n\u00fc\u015ft\u00fcrmeye ihtiyac\u0131 oldu\u011funu ileri s\u00fcren Bah\u00e7eli, T\u00fcrk toplumunun birlik ve beraberli\u011fe ihtiyac\u0131 oldu\u011funu s\u00f6yledi.<\/p>\n<p style=\"text-align: justify;\">Bah\u00e7eli, T\u00fcrkiye&#8217;de toplumsal rahats\u0131zl\u0131k bulundu\u011funu ifade ederek, &#8221;Sosyal \u00e7\u00f6k\u00fc\u015f var. Bunun ba\u015flang\u0131c\u0131 ise aile birli\u011finden geliyor ve dolay\u0131s\u0131yla aileler sars\u0131l\u0131yor. Kad\u0131na \u015fiddet giderek art\u0131yor. \u00c7ok say\u0131da kad\u0131n\u0131n katline de \u015fahit oluyoruz. Her g\u00fcn haberlerde bunu dinliyoruz. Sanki bunlar\u0131n da nas\u0131l oldu\u011funu da teker teker anlat\u0131yor, Allah muhafaza ayn\u0131 s\u0131k\u0131nt\u0131y\u0131 duyanlara da \u00f6\u011fretici bir e\u011fitim yapt\u0131r\u0131yor. B\u00f6yle bir rezalet olmaz&#8221; diye konu\u015ftu.<\/p>\n<p style=\"text-align: justify;\"><a href=\"http:\/\/www.gazeteport.com.tr\/GUNCEL\/NEWS\/GP_880424\" target=\"_blank\">Kaynak : GAZETEPORT<\/a><\/p>\n","protected":false},"excerpt":{"rendered":"<p style=\"text-align: justify;\">\n<p style=\"text-align: justify;\">MHP Genel Ba\u015fkan\u0131 Devlet Bah\u00e7eli, Ba\u015fbakan Recep Tayyip Erdo\u011fan&#8217;\u0131n, MHP s\u0131k s\u0131k kendisini ele\u015ftirdi\u011fi i\u00e7in rahats\u0131z oldu\u011funu ileri s\u00fcrerek, &#8221;Rahats\u0131z oluyor, \u00e7\u00fcnk\u00fc Bozkurt&#8217;un nefesi Recep Tayyip Erdo\u011fan&#8217;\u0131n ensesinde dola\u015f\u0131yor&#8221; dedi.<\/p>\n","protected":false},"author":1,"featured_media":0,"comment_status":"open","ping_status":"closed","sticky":false,"template":"","format":"standard","meta":{"footnotes":""},"categories":[105],"tags":[],"class_list":["post-30132","post","type-post","status-publish","format-standard","hentry","category-gundem","odd"],"_links":{"self":[{"href":"http:\/\/www.korhanyilmaz.com\/index.php?rest_route=\/wp\/v2\/posts\/30132","targetHints":{"allow":["GET"]}}],"collection":[{"href":"http:\/\/www.korhanyilmaz.com\/index.php?rest_route=\/wp\/v2\/posts"}],"about":[{"href":"http:\/\/www.korhanyilmaz.com\/index.php?rest_route=\/wp\/v2\/types\/post"}],"author":[{"embeddable":true,"href":"http:\/\/www.korhanyilmaz.com\/index.php?rest_route=\/wp\/v2\/users\/1"}],"replies":[{"embeddable":true,"href":"http:\/\/www.korhanyilmaz.com\/index.php?rest_route=%2Fwp%2Fv2%2Fcomments&post=30132"}],"version-history":[{"count":0,"href":"http:\/\/www.korhanyilmaz.com\/index.php?rest_route=\/wp\/v2\/posts\/30132\/revisions"}],"wp:attachment":[{"href":"http:\/\/www.korhanyilmaz.com\/index.php?rest_route=%2Fwp%2Fv2%2Fmedia&parent=30132"}],"wp:term":[{"taxonomy":"category","embeddable":true,"href":"http:\/\/www.korhanyilmaz.com\/index.php?rest_route=%2Fwp%2Fv2%2Fcategories&post=30132"},{"taxonomy":"post_tag","embeddable":true,"href":"http:\/\/www.korhanyilmaz.com\/index.php?rest_route=%2Fwp%2Fv2%2Ftags&post=30132"}],"curies":[{"name":"wp","href":"https:\/\/api.w.org\/{rel}","templated":true}]}}