{"id":30113,"date":"2011-04-02T14:40:58","date_gmt":"2011-04-02T11:40:58","guid":{"rendered":"http:\/\/www.korhanyilmaz.com\/?p=30113"},"modified":"2011-04-02T14:40:58","modified_gmt":"2011-04-02T11:40:58","slug":"gulden-anayasa-mahkemesi-tasarisina-onay","status":"publish","type":"post","link":"http:\/\/www.korhanyilmaz.com\/?p=30113","title":{"rendered":"G\u00fcl&#8217;den Anayasa Mahkemesi tasar\u0131s\u0131na onay"},"content":{"rendered":"<p style=\"text-align: justify;\"><a href=\"http:\/\/www.korhanyilmaz.com\/wp-content\/uploads\/2011\/04\/426.jpg\"  class=\"lightview\"><img loading=\"lazy\" decoding=\"async\" class=\"aligncenter size-full wp-image-30114\" src=\"http:\/\/www.korhanyilmaz.com\/wp-content\/uploads\/2011\/04\/426.jpg\" alt=\"\" width=\"403\" height=\"208\" \/><\/a><\/p>\n<p style=\"text-align: justify;\">Cumhurba\u015fkan\u0131 G\u00fcl, Meclis&#8217;ten ge\u00e7en Anayasa Mahkemesi&#8217;nin yeniden yap\u0131land\u0131r\u0131lmas\u0131n\u0131 \u00f6ng\u00f6ren kanun tasar\u0131s\u0131n\u0131 onaylad\u0131&#8230;<\/p>\n<p style=\"text-align: justify;\">ANKARA- Cumhurba\u015fkan\u0131 Abdullah G\u00fcl, 6216 say\u0131l\u0131 Anayasa Mahkemesinin Kurulu\u015fu ve Yarg\u0131lama Usulleri Hakk\u0131nda Kanun&#8217;u onaylad\u0131.<!--more--><\/p>\n<p style=\"text-align: justify;\">Cumhurba\u015fkanl\u0131\u011f\u0131 Bas\u0131n Merkezinden yap\u0131lan a\u00e7\u0131klamaya g\u00f6re, Cumhurba\u015fkan\u0131 G\u00fcl, 6216 say\u0131l\u0131 Anayasa Mahkemesinin Kurulu\u015fu ve Yarg\u0131lama Usulleri Hakk\u0131nda Kanun&#8217;u, Anayasa&#8217;n\u0131n 89. maddesinin birinci f\u0131kras\u0131 ile 104. maddesinin ikinci f\u0131kras\u0131n\u0131n (a) bendi uyar\u0131nca yay\u0131mlanmak \u00fczere Ba\u015fbakanl\u0131\u011fa g\u00f6nderdi.<\/p>\n<p style=\"text-align: justify;\">Kanuna g\u00f6re, mahkeme \u00fcyeleri 12 y\u0131l i\u00e7in se\u00e7ilecek. Bir ki\u015fi, iki defa \u00fcye se\u00e7ilemeyecek.<\/p>\n<p style=\"text-align: justify;\">Mahkeme, genel kurul ve iki b\u00f6l\u00fcm olarak \u00e7al\u0131\u015facak.<\/p>\n<p style=\"text-align: justify;\">Herkes, temel hak ve \u00f6zg\u00fcrl\u00fcklerinin ihlal edildi\u011fi iddias\u0131yla Anayasa Mahkemesine ba\u015fvurabilecek. Bireysel ba\u015fvurudan \u00f6nce, idari ve yarg\u0131sal ba\u015fvuru yollar\u0131n\u0131n t\u00fcketilmesi gerekecek.<\/p>\n<p style=\"text-align: justify;\">Anayasa Mahkemesinin Y\u00fcce Divan olarak verdi\u011fi kararlar ile parti kapatma davalar\u0131nda ald\u0131\u011f\u0131 kararlar\u0131n yeniden incelenmesi istenebilecek.<\/p>\n<p style=\"text-align: justify;\"><strong>Y\u00dcKSEK MAHKEME \u00dcYELER\u0130 12 YIL \u0130\u00c7\u0130N SE\u00c7\u0130LECEK<\/strong><\/p>\n<p style=\"text-align: justify;\">Kanuna g\u00f6re, Anayasa Mahkemesi, Genel Kurul ve iki b\u00f6l\u00fcm olarak \u00e7al\u0131\u015facak. Genel Kurul, genel olarak halen Anayasa Mahkemesinin bakt\u0131\u011f\u0131 konular\u0131 g\u00f6r\u00fc\u015fecek. B\u00f6l\u00fcmler ise Anayasa de\u011fi\u015fikli\u011fi ile getirilen &#8221;bireysel ba\u015fvurular\u0131&#8221; karara ba\u011flayacak.<\/p>\n<p style=\"text-align: justify;\">Anayasa de\u011fi\u015fikli\u011fiyle yedek \u00fcyelerin as\u0131l \u00fcye olmas\u0131 ve TBMM&#8217;nin 3 \u00fcye se\u00e7mesiyle \u00fcye say\u0131s\u0131 17&#8217;ye \u00e7\u0131kar\u0131lan Genel Kurul en az 12, 7 \u00fcyeden olu\u015fan b\u00f6l\u00fcmler ise en az 4 \u00fcyenin kat\u0131l\u0131m\u0131yla toplanacak.<\/p>\n<p style=\"text-align: justify;\">Anayasa Mahkemesinin halen bir olan ba\u015fkanvekili say\u0131s\u0131 ikiye \u00e7\u0131kar\u0131lacak. Ba\u015fkanvekilleri, b\u00f6l\u00fcmlere ba\u015fkanl\u0131k edecek.<\/p>\n<p style=\"text-align: justify;\">Anayasa Mahkemesi \u00fcyeli\u011fine s\u00fcre s\u0131n\u0131r\u0131 getiriliyor. \u00dcyeler 12 y\u0131l i\u00e7in se\u00e7ilecek. Bir ki\u015fi, iki defa \u00fcye se\u00e7ilemeyecek. Ba\u015fkan ve \u00fcyeler azlolunamayacak, kendileri istemedik\u00e7e g\u00f6rev s\u00fcreleri dolmadan ve 65 ya\u015f\u0131ndan \u00f6nce emekliye sevk edilemeyecek.<\/p>\n<p style=\"text-align: justify;\">Raport\u00f6rler, Ba\u015fkan\u0131n g\u00f6rev vermesi durumunda tan\u0131k ve uzman dinleyebilecek.<\/p>\n<p style=\"text-align: justify;\">Kanunla, &#8221;raport\u00f6r yard\u0131mc\u0131l\u0131\u011f\u0131&#8221; kadrosu olu\u015fturuluyor. Raport\u00f6r yard\u0131mc\u0131lar\u0131, yarg\u0131sal ve idari \u00e7al\u0131\u015fmalara yard\u0131mc\u0131 olacak.<\/p>\n<p style=\"text-align: justify;\">Raport\u00f6r yard\u0131mc\u0131l\u0131\u011f\u0131 i\u00e7in a\u00e7\u0131lacak s\u0131nav\u0131n m\u00fclakat\u0131nda kay\u0131t sistemi kullan\u0131lmayacak.<\/p>\n<p style=\"text-align: justify;\">Anayasa Mahkemesi Ba\u015fkan\u0131, mahkemenin ihtiya\u00e7 duydu\u011fu alanlarda hizmet al\u0131m\u0131 yoluyla yerli ve yabanc\u0131 uzman \u00e7al\u0131\u015ft\u0131rmaya yetkili olacak.<\/p>\n<p style=\"text-align: justify;\">Kanunda, Anayasa Mahkemesinin Anayasa de\u011fi\u015fikliklerini \u015fekil bak\u0131mdan denetimi, ayr\u0131nt\u0131l\u0131 olarak tan\u0131mlan\u0131yor.<\/p>\n<p style=\"text-align: justify;\">Buna g\u00f6re, Anayasa de\u011fi\u015fikliklerinde teklif \u00e7o\u011funlu\u011funa, oylama \u00e7o\u011funlu\u011funa ve ivedilikle g\u00f6r\u00fc\u015f\u00fclemeyece\u011fi \u015fart\u0131na uyulup uyulmad\u0131\u011f\u0131, kanunlar\u0131n ve TBMM \u0130\u00e7t\u00fcz\u00fc\u011f\u00fcn\u00fcn son oylamas\u0131n\u0131n \u00f6ng\u00f6r\u00fclen \u00e7o\u011funlukla yap\u0131l\u0131p yap\u0131lmad\u0131\u011f\u0131, KHK&#8217;lerin yetki kanununda \u00f6ng\u00f6r\u00fclen s\u00fcre i\u00e7inde \u00e7\u0131kar\u0131l\u0131p \u00e7\u0131kar\u0131lmad\u0131\u011f\u0131, Cumhurba\u015fkan\u0131 ve Bakanlar Kurulu \u00fcyelerinin imzalar\u0131n\u0131n bulunup bulunmad\u0131\u011f\u0131 ile s\u0131n\u0131rl\u0131 olarak \u015fekil incelemesi yap\u0131labilecek.<\/p>\n<p style=\"text-align: justify;\"><strong>Y\u00dcCE D\u0130VAN VE PART\u0130 KAPATMA DAVALARINA YEN\u0130DEN \u0130NCELEME<\/strong><\/p>\n<p style=\"text-align: justify;\">Anayasa Mahkemesinin &#8221;Y\u00fcce Divan&#8221; olarak verdi\u011fi kararlar ile parti kapatma davalar\u0131nda ald\u0131\u011f\u0131 kararlara temyiz yolu a\u00e7\u0131l\u0131yor. Mahkeme, &#8221;yeniden inceleme&#8221; talebini de g\u00f6r\u00fc\u015ferek karara ba\u011flayacak.<\/p>\n<p style=\"text-align: justify;\">Anayasa Mahkemesinin ba\u015fkan ve \u00fcyeleri hakk\u0131nda reddi hakim talebinde bulunulabilecek. Ancak ret talebinin k\u00f6t\u00fc niyetle yap\u0131ld\u0131\u011f\u0131n\u0131n anla\u015f\u0131lmas\u0131 ve esas y\u00f6n\u00fcnden kabul edilmemesi halinde, talepte bulunanlar\u0131n her birine 500 ila 5 bin lira aras\u0131nda de\u011fi\u015fen para cezas\u0131 verilecek.<\/p>\n<p style=\"text-align: justify;\"><strong>E\u015e\u0130TL\u0130K HAL\u0130NDE BA\u015eKANIN OYU KARARI BEL\u0130RLEYECEK<\/strong><\/p>\n<p style=\"text-align: justify;\">Genel Kurul ve b\u00f6l\u00fcmler, kararlar\u0131n\u0131 kat\u0131lan \u00fcyelerin salt \u00e7o\u011funlu\u011fuyla alacak. Oylar\u0131n e\u015fitli\u011fi halinde, Ba\u015fkan\u0131n bulundu\u011fu taraf\u0131n g\u00f6r\u00fc\u015f\u00fc do\u011frultusunda karar verilmi\u015f say\u0131lacak.<\/p>\n<p style=\"text-align: justify;\"><strong>Oylamaya en k\u0131demsiz \u00fcyeden ba\u015flanacak. <\/strong><\/p>\n<p style=\"text-align: justify;\">Avrupa \u0130nsan Haklar\u0131 Mahkemesinin, Anayasa Mahkemesinin siyasi parti kapatma veya &#8221;Y\u00fcce Divan&#8221; s\u0131fat\u0131yla verdi\u011fi bir karar\u0131n\u0131n Avrupa \u0130nsan Haklar\u0131 S\u00f6zle\u015fmesi ve eki protokollerin ihlali suretiyle verildi\u011fine h\u00fckmetmesi halinde, Avrupa \u0130nsan Haklar\u0131 Mahkemesi karar\u0131n\u0131n kesinle\u015fti\u011fi tarihten itibaren 1 y\u0131l i\u00e7inde Anayasa Mahkemesinden yarg\u0131laman\u0131n yenilenmesi talebinde bulunabilecek.<\/p>\n<p style=\"text-align: justify;\">Mahkemenin istemi, esasl\u0131 ve kabule de\u011fer bulmas\u0131 durumunda yarg\u0131laman\u0131n yenilenmesine karar verilebilecek.<\/p>\n<p style=\"text-align: justify;\"><strong>B\u0130REYSEL BA\u015eVURU<\/strong><\/p>\n<p style=\"text-align: justify;\">Kanunla, Anayasa de\u011fi\u015fikli\u011fi ile tan\u0131nan bireysel ba\u015fvuruya ili\u015fkin ko\u015fullar da d\u00fczenleniyor.<\/p>\n<p style=\"text-align: justify;\">Herkes, Anayasa&#8217;da g\u00fcvence alt\u0131na al\u0131nm\u0131\u015f temel hak ve \u00f6zg\u00fcrl\u00fcklerinden, Avrupa \u0130nsan Haklar\u0131 S\u00f6zle\u015fmesi ve buna ek T\u00fcrkiye&#8217;nin taraf oldu\u011fu protokoller kapsam\u0131ndaki herhangi birinin kamu g\u00fcc\u00fc taraf\u0131ndan ihlal edildi\u011fi iddias\u0131yla Anayasa Mahkemesine ba\u015fvurabilecek.<\/p>\n<p style=\"text-align: justify;\">\u0130hlale neden oldu\u011fu ileri s\u00fcr\u00fclen i\u015flem, eylem ya da ihmal i\u00e7in kanunda \u00f6ng\u00f6r\u00fclm\u00fc\u015f idari ve yarg\u0131sal ba\u015fvuru yollar\u0131n\u0131n tamam\u0131n\u0131n bireysel ba\u015fvuru yap\u0131lmadan \u00f6nce t\u00fcketilmi\u015f olmas\u0131 gerekecek.<\/p>\n<p style=\"text-align: justify;\">Yasama i\u015flemleri ile d\u00fczenleyici idari i\u015flemler aleyhine do\u011frudan bireysel ba\u015fvuru yap\u0131lamayaca\u011f\u0131 gibi Anayasa Mahkemesi kararlar\u0131 ile Anayasan\u0131n yarg\u0131 denetimi d\u0131\u015f\u0131nda b\u0131rakt\u0131\u011f\u0131 i\u015flemler de bireysel ba\u015fvurunun konusu olamayacak.<\/p>\n<p style=\"text-align: justify;\">Bireysel ba\u015fvuru, ancak ihlale yol a\u00e7t\u0131\u011f\u0131 ileri s\u00fcr\u00fclen i\u015flem, eylem ya da ihmal nedeniyle g\u00fcncel ve ki\u015fisel bir hakk\u0131 do\u011frudan etkilenenler taraf\u0131ndan yap\u0131labilecek.<\/p>\n<p style=\"text-align: justify;\">Kamu t\u00fczel ki\u015fileri bireysel ba\u015fvuru yapamayacak. \u00d6zel hukuk t\u00fczel ki\u015fileri, yaln\u0131zca t\u00fczel ki\u015fili\u011fe ait haklar\u0131n\u0131n ihlal edildi\u011fi gerek\u00e7esiyle bireysel ba\u015fvuruda bulunabilecek.<\/p>\n<p style=\"text-align: justify;\">Yabanc\u0131lar da baz\u0131 ko\u015fullarda bireysel ba\u015fvuru yapabilecek.<\/p>\n<p style=\"text-align: justify;\"><strong>B\u0130REYSEL BA\u015eVURU USUL\u00dc<\/strong><\/p>\n<p style=\"text-align: justify;\">Bireysel ba\u015fvurular, do\u011frudan, mahkemeler veya yurtd\u0131\u015f\u0131 temsilcilikler arac\u0131l\u0131\u011f\u0131yla yap\u0131labilecek. Bireysel ba\u015fvurular harca tabi olacak.<\/p>\n<p style=\"text-align: justify;\">Ba\u015fvurunun 30 g\u00fcn i\u00e7inde yap\u0131lmas\u0131 gerekecek.<\/p>\n<p style=\"text-align: justify;\">Mahkeme, Anayasan\u0131n uygulanmas\u0131 ve yorumlanmas\u0131 veya temel haklar\u0131n kapsam\u0131n\u0131n ve s\u0131n\u0131rlar\u0131n\u0131n belirlenmesi a\u00e7\u0131s\u0131ndan \u00f6nem ta\u015f\u0131mayan ve esas hakk\u0131nda karar verilmesini gerektirmeyen, ba\u015fvurucunun \u00f6nemli bir zarara u\u011framad\u0131\u011f\u0131 ve a\u00e7\u0131k\u00e7a dayanaktan yoksun ba\u015fvurular\u0131 reddedebilecek.<\/p>\n<p style=\"text-align: justify;\">Kabul edilebilirlik \u015fartlar\u0131n\u0131 ta\u015f\u0131mad\u0131\u011f\u0131na oybirli\u011fi ile karar verilen ba\u015fvurular hakk\u0131nda kabul edilemezlik karar\u0131 verilecek. Kabul edilemezlik kararlar\u0131 kesin olacak.<\/p>\n<p style=\"text-align: justify;\">Kabul edilebilirli\u011fine karar verilen bireysel ba\u015fvurular\u0131n esas incelemesi, b\u00f6l\u00fcmler taraf\u0131ndan yap\u0131lacak. B\u00f6l\u00fcmlerin bir mahkeme karar\u0131na kar\u015f\u0131 yap\u0131lan bireysel ba\u015fvurulara ili\u015fkin incelemeleri, bir temel hakk\u0131n ihlal edilip edilmedi\u011fi ve bu ihlalin nas\u0131l ortadan kald\u0131r\u0131laca\u011f\u0131n\u0131n belirlenmesi ile s\u0131n\u0131rl\u0131 olacak. B\u00f6l\u00fcmlerce, kanun yolunda g\u00f6zetilmesi gereken hususlarda inceleme yap\u0131lamayacak.<\/p>\n<p style=\"text-align: justify;\">Esas inceleme sonunda, ba\u015fvurucunun hakk\u0131n\u0131n ihlal edildi\u011fine ya da edilmedi\u011fine karar verilecek. \u0130hlal karar\u0131 verilmesi halinde, ihlalin ve sonu\u00e7lar\u0131n\u0131n ortadan kald\u0131r\u0131lmas\u0131 i\u00e7in yap\u0131lmas\u0131 gerekenlere h\u00fckmedilecek ancak yerindelik denetimi yap\u0131lamayacak, idari eylem ve i\u015flem niteli\u011finde karar verilemeyecek.<\/p>\n<p style=\"text-align: justify;\"><strong>MAHKEME KARARLARININ \u0130NCELENMES\u0130<\/strong><\/p>\n<p style=\"text-align: justify;\">Tespit edilen ihlal bir mahkeme karar\u0131ndan kaynaklanm\u0131\u015fsa ihlali ve sonu\u00e7lar\u0131n\u0131 ortadan kald\u0131rmak i\u00e7in yeniden yarg\u0131lama yapmak \u00fczere dosya ilgili mahkemeye g\u00f6nderilecek. Yeniden yarg\u0131lama yap\u0131lmas\u0131nda hukuki yarar bulunmayan hallerde ba\u015fvurucu lehine tazminata h\u00fckmedilebilecek veya genel mahkemelerde dava a\u00e7\u0131lmas\u0131 yolu g\u00f6sterilebilecek.<\/p>\n<p style=\"text-align: justify;\">Yeniden yarg\u0131lama yapmakla y\u00fck\u00fcml\u00fc mahkeme, Anayasa Mahkemesinin ihlal karar\u0131nda a\u00e7\u0131klad\u0131\u011f\u0131 ihlali ve sonu\u00e7lar\u0131n\u0131 ortadan kald\u0131racak \u015fekilde, m\u00fcmk\u00fcnse dosya \u00fczerinden karar verecek.<\/p>\n<p style=\"text-align: justify;\">Bireysel ba\u015fvuru hakk\u0131n\u0131 a\u00e7\u0131k\u00e7a k\u00f6t\u00fcye kulland\u0131\u011f\u0131 tespit edilen ba\u015fvurucular aleyhine, yarg\u0131lama giderlerinin d\u0131\u015f\u0131nda, ayr\u0131ca 2 bin liradan fazla olmamak \u00fczere para cezas\u0131na h\u00fckmedilebilecek.<\/p>\n<p style=\"text-align: justify;\">Bireysel ba\u015fvuruya ili\u015fkin h\u00fck\u00fcmler 23 Eyl\u00fcl 2012 tarihinde y\u00fcr\u00fcrl\u00fc\u011fe girecek.<\/p>\n<p style=\"text-align: justify;\">Siyasi partiler, karara ba\u011flanarak birle\u015ftirilen kesin hesap ile il\u00e7eleri de kapsayan iller te\u015fkilat\u0131n\u0131n kesin hesap onayl\u0131 birer \u00f6rne\u011fini Haziran ay\u0131 sonuna kadar Siyasi Partiler Kanunu&#8217;na uygun olarak Anayasa Mahkemesi Ba\u015fkanl\u0131\u011f\u0131na g\u00f6nderecek. Mahkeme de bu belgeleri incelemek \u00fczere Say\u0131\u015ftaya iletecek.<\/p>\n<p style=\"text-align: justify;\">Siyasi partilerin kesin hesaplar\u0131 \u00fczerindeki inceleme Siyasi Partiler Kanunu&#8217;na g\u00f6re yap\u0131lacak. Yap\u0131lan incelemeye ili\u015fkin raporlar, ilgili siyasi partilere g\u00f6nderilerek en ge\u00e7 2 ay i\u00e7inde g\u00f6r\u00fc\u015f\u00fcn\u00fcn bildirilmesi istenecek. Mahkeme, mali denetim s\u0131ras\u0131nda siyasi partilerin incelemeye ili\u015fkin raporlar hakk\u0131ndaki g\u00f6r\u00fc\u015flerini de de\u011ferlendirecek.<\/p>\n<p style=\"text-align: justify;\"><strong>MAA\u015eLAR ARTIYOR<\/strong><\/p>\n<p style=\"text-align: justify;\">Anayasa Mahkemesi Ba\u015fkan\u0131, ba\u015fkanvekilleri, \u00fcyeleri ve raport\u00f6rlerinin maa\u015flar\u0131 da art\u0131r\u0131l\u0131yor. Anayasa Mahkemesi Ba\u015fkan\u0131 ve \u00fcyelerin maa\u015flar\u0131 2 bin 478, raport\u00f6rlerin maa\u015flar\u0131 ise 485 TL artacak.<\/p>\n<p style=\"text-align: justify;\">Anayasa Mahkemesi Ba\u015fkan ve \u00fcyeler ile emekli olanlar ve bakmakla y\u00fck\u00fcml\u00fc olduklar\u0131 aile fertlerinin sa\u011fl\u0131k giderleri, TBMM \u00fcyelerinin tabi oldu\u011fu h\u00fck\u00fcmler ve esaslar \u00e7er\u00e7evesinde Mahkeme b\u00fct\u00e7esinden kar\u015f\u0131lanacak.<\/p>\n<p style=\"text-align: justify;\">Her y\u0131l 25 Nisan&#8217;da yap\u0131lan mahkemenin kurulu\u015f g\u00fcn\u00fc t\u00f6reni ile emekliye ayr\u0131lan ba\u015fkan, ba\u015fkanvekili ve \u00fcyelere onur belgesi ve arma\u011fan verilmesi i\u00e7in, her y\u0131l mahkeme b\u00fct\u00e7esine \u00f6denek konulacak. Yap\u0131lacak harcamalar da Kamu \u0130hale Kanununa tabi olmayacak.<\/p>\n<p style=\"text-align: justify;\">Anayasa Mahkemesi Ba\u015fkan\u0131n\u0131n yan\u0131 s\u0131ra mahkeme \u00fcyelerine de diplomatik pasaport verilecek.<\/p>\n<p style=\"text-align: justify;\">Anayasa Mahkemesine, raport\u00f6r, raport\u00f6r yard\u0131mc\u0131s\u0131 ve di\u011fer idari personelin de bulundu\u011fu 599 kadro ihdas edilecek.<\/p>\n<p style=\"text-align: justify;\">Adalet Bakanl\u0131\u011f\u0131 ta\u015fra te\u015fkilat\u0131na ise 67 raport\u00f6r, Say\u0131\u015ftay Ba\u015fkanl\u0131\u011f\u0131na 15 raport\u00f6r kadrosu a\u00e7\u0131lacak.<\/p>\n<p style=\"text-align: justify;\"><a href=\"http:\/\/www.gazeteport.com.tr\/SIYASET\/NEWS\/GP_880304\" target=\"_blank\">Kaynak : GAZETEPORT<\/a><\/p>\n","protected":false},"excerpt":{"rendered":"<p style=\"text-align: justify;\">\n<p style=\"text-align: justify;\">Cumhurba\u015fkan\u0131 G\u00fcl, Meclis&#8217;ten ge\u00e7en Anayasa Mahkemesi&#8217;nin yeniden yap\u0131land\u0131r\u0131lmas\u0131n\u0131 \u00f6ng\u00f6ren kanun tasar\u0131s\u0131n\u0131 onaylad\u0131&#8230;<\/p>\n<p style=\"text-align: justify;\">ANKARA- Cumhurba\u015fkan\u0131 Abdullah G\u00fcl, 6216 say\u0131l\u0131 Anayasa Mahkemesinin Kurulu\u015fu ve Yarg\u0131lama Usulleri Hakk\u0131nda Kanun&#8217;u onaylad\u0131.<\/p>\n","protected":false},"author":1,"featured_media":0,"comment_status":"open","ping_status":"closed","sticky":false,"template":"","format":"standard","meta":{"footnotes":""},"categories":[105],"tags":[],"class_list":["post-30113","post","type-post","status-publish","format-standard","hentry","category-gundem","odd"],"_links":{"self":[{"href":"http:\/\/www.korhanyilmaz.com\/index.php?rest_route=\/wp\/v2\/posts\/30113","targetHints":{"allow":["GET"]}}],"collection":[{"href":"http:\/\/www.korhanyilmaz.com\/index.php?rest_route=\/wp\/v2\/posts"}],"about":[{"href":"http:\/\/www.korhanyilmaz.com\/index.php?rest_route=\/wp\/v2\/types\/post"}],"author":[{"embeddable":true,"href":"http:\/\/www.korhanyilmaz.com\/index.php?rest_route=\/wp\/v2\/users\/1"}],"replies":[{"embeddable":true,"href":"http:\/\/www.korhanyilmaz.com\/index.php?rest_route=%2Fwp%2Fv2%2Fcomments&post=30113"}],"version-history":[{"count":0,"href":"http:\/\/www.korhanyilmaz.com\/index.php?rest_route=\/wp\/v2\/posts\/30113\/revisions"}],"wp:attachment":[{"href":"http:\/\/www.korhanyilmaz.com\/index.php?rest_route=%2Fwp%2Fv2%2Fmedia&parent=30113"}],"wp:term":[{"taxonomy":"category","embeddable":true,"href":"http:\/\/www.korhanyilmaz.com\/index.php?rest_route=%2Fwp%2Fv2%2Fcategories&post=30113"},{"taxonomy":"post_tag","embeddable":true,"href":"http:\/\/www.korhanyilmaz.com\/index.php?rest_route=%2Fwp%2Fv2%2Ftags&post=30113"}],"curies":[{"name":"wp","href":"https:\/\/api.w.org\/{rel}","templated":true}]}}