{"id":30107,"date":"2011-04-01T21:26:33","date_gmt":"2011-04-01T18:26:33","guid":{"rendered":"http:\/\/www.korhanyilmaz.com\/?p=30107"},"modified":"2011-04-01T21:26:33","modified_gmt":"2011-04-01T18:26:33","slug":"bdpli-ucer-mahkeme-kararini-yirtti","status":"publish","type":"post","link":"http:\/\/www.korhanyilmaz.com\/?p=30107","title":{"rendered":"BDP&#8217;li \u00dc\u00e7er mahkeme karar\u0131n\u0131 y\u0131rtt\u0131"},"content":{"rendered":"<p style=\"text-align: justify;\"><a href=\"http:\/\/www.korhanyilmaz.com\/wp-content\/uploads\/2011\/04\/424.jpg\"  class=\"lightview\"><img loading=\"lazy\" decoding=\"async\" class=\"aligncenter size-full wp-image-30108\" src=\"http:\/\/www.korhanyilmaz.com\/wp-content\/uploads\/2011\/04\/424.jpg\" alt=\"\" width=\"307\" height=\"236\" \/><\/a><\/p>\n<p style=\"text-align: justify;\">Van&#8217;\u0131n Ba\u015fkale il\u00e7esi BDP&#8217;li Belediye Ba\u015fkan\u0131 \u0130hsan G\u00fcler&#8217;in \u0130\u00e7i\u015fleri Bakanl\u0131\u011f\u0131&#8217;nca g\u00f6revden al\u0131nmas\u0131 karar\u0131na, BDP Van Milletvekili \u00d6zdal \u00dc\u00e7er tepki g\u00f6sterdi. \u00dc\u00e7er, &#8220;T\u00fcrk milleti ad\u0131na karar veren mahkemenin b\u00f6yle bir karar vermesi bizim i\u00e7in hi\u00e7bir ba\u011flay\u0131c\u0131l\u0131\u011fa sahip de\u011fildir&#8221; diyerek \u0130\u00e7i\u015fleri Bakanl\u0131\u011f\u0131 taraf\u0131ndan g\u00f6nderilen karar yaz\u0131s\u0131n\u0131 y\u0131rtt\u0131. <!--more--><\/p>\n<p style=\"text-align: justify;\">Ba\u015fkale Belediye Ba\u015fkan\u0131 BDP&#8217;li \u0130hsan G\u00fcler, 2006 y\u0131l\u0131nda Ankara&#8217;da bir PKK&#8217;l\u0131n\u0131n mevlidine kat\u0131lm\u0131\u015f ve burada yapt\u0131\u011f\u0131 konu\u015fmas\u0131ndan dolay\u0131 hakk\u0131nda &#8216;\u00d6rg\u00fct propagandas\u0131 yapmak&#8217; su\u00e7undan dava a\u00e7\u0131lm\u0131\u015ft\u0131.<\/p>\n<p style=\"text-align: justify;\">Ankara 11&#8217;inci A\u011f\u0131r Ceza Mahkamesi, g\u00f6r\u00fclen davada Belediye Ba\u015fkan\u0131 \u0130hsan G\u00fcler&#8217;e 1 y\u0131l hapis cezas\u0131 verdi.<\/p>\n<p style=\"text-align: justify;\">Belediye Ba\u015fkan\u0131 G\u00fcler, kalp rahats\u0131zl\u0131\u011f\u0131 nedeniyle ald\u0131\u011f\u0131 raporla cezaevine girmezken, \u0130\u00e7i\u015fleri Bakanl\u0131\u011f\u0131 d\u00fcn g\u00f6nderdi\u011fi yaz\u0131yla G\u00fcler&#8217;i g\u00f6revden ald\u0131.<\/p>\n<p style=\"text-align: justify;\">D\u00fcn Ba\u015fkaleliler duruma tepki g\u00f6sterip oturma eylemi yaparken, bug\u00fcn de BDP Van Milletvekili \u00d6zdal \u00dc\u00e7er, belediye \u00f6n\u00fcnde bas\u0131n a\u00e7\u0131klamas\u0131 yapt\u0131.<\/p>\n<p style=\"text-align: justify;\">\u00dc\u00e7er, G\u00fcler&#8217;in hukuki ve me\u015fru olmayan gerek\u00e7elerle g\u00f6revden al\u0131nd\u0131\u011fn\u0131 ileri s\u00fcrd\u00fc.<\/p>\n<p style=\"text-align: justify;\">T\u00fcrk Milleti ad\u0131na karar veren mahkemenin b\u00f6yle bir karar vermesinin kendilerini ba\u011flamad\u0131\u011f\u0131n\u0131 s\u00f6yleyen \u00dc\u00e7er \u015f\u00f6yle konu\u015ftu: &#8220;Onlar T\u00fcrk milleti ad\u0131na bu t\u00fcr haks\u0131z ve hukuksuz kararlara imza at\u0131yorlarsa, bizler de K\u00fcrt halk\u0131 ad\u0131na bu hukuksuz, kanunsuz ve me\u015fru olmayan mahkeme kararlar\u0131n\u0131 hi\u00e7e say\u0131yoruz. Bu mahkeme karar\u0131n\u0131n bizim i\u00e7in hi\u00e7bir de\u011feri yoktur. Belediye Ba\u015fkan\u0131m\u0131z Say\u0131n \u0130hsan G\u00fcler&#8217;i se\u00e7en Ba\u015fkale halk\u0131d\u0131r. Onu g\u00f6revden alabilecek tek merci de Ba\u015fkale halk\u0131d\u0131r.<\/p>\n<p style=\"text-align: justify;\">Belediye ba\u015fkan\u0131m\u0131z halk\u0131n onur ve gurur duyaca\u011f\u0131 hizmetlere imza atm\u0131\u015ft\u0131r. Biz kendisiyle onur ve gurur duyuyoruz. Bu t\u00fcr onurlu \u015fahsiyetleri hedef alan hukuksuz mahkemeleri protesto ediyoruz. Ve onlar\u0131n kararlar\u0131n\u0131n bu halk i\u00e7in hi\u00e7bir beyan\u0131n\u0131n olmad\u0131\u011f\u0131n\u0131 ilan ediyoruz. K\u00fcrt halk\u0131n\u0131n iradesini k\u0131r\u0131lamayaca\u011f\u0131n\u0131 herkes bilsin. O y\u00fczden belediye ba\u015fkan\u0131m\u0131z Say\u0131n \u0130hsan G\u00fcler yeniden bir halk se\u00e7imi yap\u0131lana kadar bu halk\u0131n belediye ba\u015fkan\u0131d\u0131r.&#8221;<\/p>\n<p style=\"text-align: justify;\">BDP Van Milletvekili \u00d6zdal \u00dc\u00e7er, daha sonra \u0130\u00e7i\u015fleri Bakanl\u0131\u011f\u0131 taraf\u0131ndan gelen g\u00f6revden al\u0131nma karar yaz\u0131s\u0131n\u0131 y\u0131rt\u0131p \u00e7\u00f6p kutusuna att\u0131.<\/p>\n<p style=\"text-align: justify;\"><a href=\"http:\/\/www.cnnturk.com\/2011\/turkiye\/04\/01\/bdpli.ucer.mahkeme.kararini.yirtti\/611915.0\/index.html\" target=\"_blank\">Kaynak : CNN T\u00dcRK<\/a><\/p>\n","protected":false},"excerpt":{"rendered":"<p style=\"text-align: justify;\">\n<p style=\"text-align: justify;\">Van&#8217;\u0131n Ba\u015fkale il\u00e7esi BDP&#8217;li Belediye Ba\u015fkan\u0131 \u0130hsan G\u00fcler&#8217;in \u0130\u00e7i\u015fleri Bakanl\u0131\u011f\u0131&#8217;nca g\u00f6revden al\u0131nmas\u0131 karar\u0131na, BDP Van Milletvekili \u00d6zdal \u00dc\u00e7er tepki g\u00f6sterdi. \u00dc\u00e7er, &#8220;T\u00fcrk milleti ad\u0131na karar veren mahkemenin b\u00f6yle bir karar vermesi bizim i\u00e7in hi\u00e7bir ba\u011flay\u0131c\u0131l\u0131\u011fa sahip de\u011fildir&#8221; diyerek \u0130\u00e7i\u015fleri Bakanl\u0131\u011f\u0131 taraf\u0131ndan g\u00f6nderilen karar yaz\u0131s\u0131n\u0131 y\u0131rtt\u0131. <\/p>\n","protected":false},"author":1,"featured_media":0,"comment_status":"open","ping_status":"closed","sticky":false,"template":"","format":"standard","meta":{"footnotes":""},"categories":[105],"tags":[],"class_list":["post-30107","post","type-post","status-publish","format-standard","hentry","category-gundem","odd"],"_links":{"self":[{"href":"http:\/\/www.korhanyilmaz.com\/index.php?rest_route=\/wp\/v2\/posts\/30107","targetHints":{"allow":["GET"]}}],"collection":[{"href":"http:\/\/www.korhanyilmaz.com\/index.php?rest_route=\/wp\/v2\/posts"}],"about":[{"href":"http:\/\/www.korhanyilmaz.com\/index.php?rest_route=\/wp\/v2\/types\/post"}],"author":[{"embeddable":true,"href":"http:\/\/www.korhanyilmaz.com\/index.php?rest_route=\/wp\/v2\/users\/1"}],"replies":[{"embeddable":true,"href":"http:\/\/www.korhanyilmaz.com\/index.php?rest_route=%2Fwp%2Fv2%2Fcomments&post=30107"}],"version-history":[{"count":0,"href":"http:\/\/www.korhanyilmaz.com\/index.php?rest_route=\/wp\/v2\/posts\/30107\/revisions"}],"wp:attachment":[{"href":"http:\/\/www.korhanyilmaz.com\/index.php?rest_route=%2Fwp%2Fv2%2Fmedia&parent=30107"}],"wp:term":[{"taxonomy":"category","embeddable":true,"href":"http:\/\/www.korhanyilmaz.com\/index.php?rest_route=%2Fwp%2Fv2%2Fcategories&post=30107"},{"taxonomy":"post_tag","embeddable":true,"href":"http:\/\/www.korhanyilmaz.com\/index.php?rest_route=%2Fwp%2Fv2%2Ftags&post=30107"}],"curies":[{"name":"wp","href":"https:\/\/api.w.org\/{rel}","templated":true}]}}