{"id":30104,"date":"2011-04-01T21:23:03","date_gmt":"2011-04-01T18:23:03","guid":{"rendered":"http:\/\/www.korhanyilmaz.com\/?p=30104"},"modified":"2011-04-01T21:23:03","modified_gmt":"2011-04-01T18:23:03","slug":"gulenden-isa-gok-ve-bahceliye-yanit","status":"publish","type":"post","link":"http:\/\/www.korhanyilmaz.com\/?p=30104","title":{"rendered":"G\u00fclen&#8217;den \u0130sa G\u00f6k ve Bah\u00e7eli&#8217;ye yan\u0131t"},"content":{"rendered":"<p style=\"text-align: center;\"><a href=\"http:\/\/www.korhanyilmaz.com\/wp-content\/uploads\/2011\/04\/423.jpg\"  class=\"lightview\"><img loading=\"lazy\" decoding=\"async\" class=\"aligncenter size-full wp-image-30105\" src=\"http:\/\/www.korhanyilmaz.com\/wp-content\/uploads\/2011\/04\/423.jpg\" alt=\"\" width=\"307\" height=\"236\" \/><\/a><\/p>\n<p style=\"text-align: justify;\">Fethullah G\u00fclen&#8217;in avukat\u0131 Orhan Erdemli, G\u00fclen&#8217;in &#8220;kanun ve me\u015fruiyet d\u0131\u015f\u0131na \u00e7\u0131kan hi\u00e7bir hareketi icra etmesinin, desteklemesinin, yan\u0131nda yer almas\u0131n\u0131n, onaylamas\u0131n\u0131n m\u00fcmk\u00fcn olmad\u0131\u011f\u0131n\u0131&#8221; belirtti.<!--more--><\/p>\n<p style=\"text-align: justify;\">Erdemli, yapt\u0131\u011f\u0131 yaz\u0131l\u0131 a\u00e7\u0131klamada, iddianamelerde &#8220;Ergenekon Ter\u00f6r \u00d6rg\u00fct\u00fc&#8221; olarak ge\u00e7en davalarda ilk operasyonlardan itibaren toplumda bir kesimin, soru\u015fturma ve kovu\u015fturmalarda ya\u015fanan her geli\u015fmeyi, kamuoyunu yan\u0131ltarak Fethullah G\u00fclen aleyhinde iftira kampanyalar\u0131na d\u00f6n\u00fc\u015ft\u00fcrmeye \u00e7al\u0131\u015ft\u0131\u011f\u0131n\u0131 savundu.<\/p>\n<p style=\"text-align: justify;\">Bu maksatla ortaya at\u0131lanlar\u0131n medya organlar\u0131nda san\u0131klar\u0131n hukuki haklar\u0131n\u0131 korumak ad\u0131na &#8220;masumiyet karinesi&#8221; ve &#8220;hukukun \u00fcst\u00fcnl\u00fc\u011f\u00fc&#8221;nden dem vurarak masum insanlara &#8220;yarg\u0131s\u0131z infaz yap\u0131ld\u0131\u011f\u0131n\u0131&#8221; savunduklar\u0131n\u0131 ifade eden Erdemli, \u015funlar\u0131 kaydetti:<\/p>\n<p style=\"text-align: justify;\">&#8220;Maalesef konuyu Say\u0131n G\u00fclen&#8217;e getirdiklerinde, onun hukuki haklar\u0131n\u0131 yok sayarak, savunduklar\u0131 de\u011ferleri ayaklar alt\u0131na almakta ve insafs\u0131z bir bi\u00e7imde m\u00fcvekkilime kar\u015f\u0131 b\u00fcy\u00fck bir kin ve husumet olu\u015fturmaya \u00e7al\u0131\u015fmaktad\u0131rlar.<\/p>\n<p style=\"text-align: justify;\">Oysa savunduklar\u0131 tarafta bombalar, lav silahlar\u0131, cephanelikler, suikast planlar\u0131, millete kurulan kanl\u0131 tuzaklar, demokrasiye vurulmak istenen darbeler, halk\u0131n h\u00fcr iradesiyle se\u00e7ti\u011fi me\u015fru iktidar\u0131n devrilmesi, anar\u015fi ve ter\u00f6r faaliyetleri yer almaktad\u0131r. Sald\u0131rd\u0131klar\u0131 tarafta ise din, dil, \u0131rk ay\u0131r\u0131m\u0131 yapmaks\u0131z\u0131n sevgi, karde\u015flik, bar\u0131\u015f, birlik ve beraberlik, ho\u015fg\u00f6r\u00fc ve diyalog \u00e7a\u011fr\u0131lar\u0131; e\u011fitime, ilme ve fenne te\u015fvik faaliyetleri; anar\u015fi ve ter\u00f6re kar\u015f\u0131 durma; demokrasiye sahip \u00e7\u0131kma, halk\u0131n \u00f6zg\u00fcr iradesine sayg\u0131, milletin egemenli\u011fi fikriyat\u0131 durmaktad\u0131r.<\/p>\n<p style=\"text-align: justify;\"><strong>CHP&#8217;li \u0130sa G\u00f6k ve Bah\u00e7eli&#8217;ye cevap <\/strong><\/p>\n<p style=\"text-align: justify;\">Say\u0131n G\u00fclen aleyhindeki propagandalar, ki\u015filik haklar\u0131na sald\u0131r\u0131lar o noktaya gelmi\u015ftir ki, bir milletvekili dahi, kendi taban\u0131n\u0131 \u00fczecek \u015fekilde canl\u0131 yay\u0131nda b\u00fct\u00fcn vatanda\u015flar\u0131m\u0131z\u0131n huzurunda Meclis k\u00fcrs\u00fcs\u00fcnden alenen m\u00fcvekkilime \u00e7ete su\u00e7lamas\u0131 yaparak yarg\u0131s\u0131z infazda bulunabilmi\u015ftir.<\/p>\n<p style=\"text-align: justify;\">Bu olay\u0131n ard\u0131ndan bir siyasi partimizin Say\u0131n lideri, &#8216;adli s\u00fcre\u00e7lerde kanun ve me\u015fruiyet d\u0131\u015f\u0131na \u00e7\u0131k\u0131ld\u0131\u011f\u0131, bu uygulamalar\u0131n kas\u0131tl\u0131 ve bilin\u00e7li bir \u015fekilde bir merkezden y\u00f6netildi\u011fi ve Fethullah G\u00fclen&#8217;i zan ve t\u00f6hmet alt\u0131nda b\u0131rakt\u0131\u011f\u0131 kanaatinin yayg\u0131nla\u015ft\u0131\u011f\u0131&#8217; y\u00f6n\u00fcnde son derece \u00fcz\u00fcnt\u00fc verici bir a\u00e7\u0131klamada bulunmu\u015ftur.&#8221;<\/p>\n<p style=\"text-align: justify;\">Hukukta beraat-i zimmetin as\u0131l oldu\u011funu bildiren Erdemli, su\u00e7lulu\u011fu kesin bir \u015fekilde ispatlanmad\u0131k\u00e7a, kimsenin su\u00e7lu muamelesine tabi tutulamayaca\u011f\u0131n\u0131 belirtti.<\/p>\n<p style=\"text-align: justify;\">&#8220;Samimi bir yakla\u015f\u0131mla dahi bir ki\u015fiden, faaliyetlerini durdurarak b\u00f6ylece su\u00e7suzlu\u011funu ispat etmesi istenemez. Zira hukukta menfinin ispat\u0131 olmaz&#8221; diyen Erdemli, \u015funlar\u0131 kaydetti: &#8220;Say\u0131n Fethullah G\u00fclen&#8217;in kanun ve me\u015fruiyet d\u0131\u015f\u0131na \u00e7\u0131kan hi\u00e7bir hareketi icra etmesi, desteklemesi, yan\u0131nda yer almas\u0131, onaylamas\u0131 da m\u00fcmk\u00fcn de\u011fildir. Her kim de yasalar\u0131n d\u0131\u015f\u0131na \u00e7\u0131kar su\u00e7 i\u015flerse, mutlaka cezas\u0131n\u0131 g\u00f6rmelidir.<\/p>\n<p style=\"text-align: justify;\">\u00dclkemizde son g\u00fcnlerde birtak\u0131m polemiklerle, tahriklerle m\u00fcvekkilim bir kavgan\u0131n i\u00e7ine \u00e7ekilmeye \u00e7al\u0131\u015f\u0131lmaktad\u0131r. Bug\u00fcne kadar oldu\u011fu gibi, \u00fclkemizin i\u00e7ine girdi\u011fi bu se\u00e7im s\u00fcrecinde de Say\u0131n G\u00fclen siyasi polemiklere taraf olmayacak, kavga ve kaos isteyenlere prim vermeyecektir.&#8221;<\/p>\n<p style=\"text-align: justify;\">T\u00fcrkiye&#8217;nin bir\u00e7ok kez se\u00e7im s\u00fcreci ge\u00e7irdi\u011fini vurgulayan Erdemli, demokrasiyi ink\u0131taya u\u011fratma ve darbe te\u015febb\u00fcslerinin de ilk defa g\u00f6r\u00fclmedi\u011fini ifade etti.<\/p>\n<p style=\"text-align: justify;\">G\u00fclen aleyhindeki kampanyalar\u0131n da yeni bir durum olmad\u0131\u011f\u0131n\u0131 belirten Erdemli, a\u00e7\u0131klamas\u0131nda \u015fu ifadelere yer verdi: &#8220;Ancak kamuoyu bilmektedir ki, Say\u0131n G\u00fclen t\u00fcm bu s\u00fcre\u00e7lerde her zaman sa\u011fduyulu hareket etmi\u015f, adaletten, hakkaniyetten hi\u00e7bir zaman taviz vermemi\u015ftir. Onlarca y\u0131ld\u0131r s\u00fcrd\u00fcr\u00fclen lin\u00e7 faaliyetleri kar\u015f\u0131s\u0131nda sadece adli makamlar nezdinde hukuki haklar\u0131n\u0131 aram\u0131\u015f, hukuka ayk\u0131r\u0131 hi\u00e7bir mukabelede bulunmam\u0131\u015ft\u0131r. Kendisine bu haks\u0131zl\u0131klar\u0131 reva g\u00f6renlerin dahi \u0131slah\u0131na, hidayetine dua etmi\u015f, hi\u00e7 m\u00fclayemetten ayr\u0131lmam\u0131\u015f, insana sayg\u0131y\u0131 esas alan \u00fcslubunu asla bozmam\u0131\u015ft\u0131r.<\/p>\n<p style=\"text-align: justify;\">Ancak baz\u0131lar\u0131 \u00fclkemizde halen kavga ve kaosla bir yerlere varmay\u0131 arzu ediyorlarsa, halk\u0131m\u0131z\u0131n hissiyat\u0131n\u0131 anlayam\u0131yorlar demektir. Y\u00fcce milletimiz bu se\u00e7im s\u00fcrecinde de kimin daha g\u00fc\u00e7l\u00fc kaos \u00e7\u0131kard\u0131\u011f\u0131na de\u011fil, kimlerin hangi planlarla halka hizmet projeleri geli\u015ftirdi\u011fine bakacakt\u0131r. Meclis k\u00fcrs\u00fcs\u00fcn\u00fc \u00fclkemizin manevi dinamiklerine hakaret i\u00e7in kullananlar\u0131n, se\u00e7menlere hangi projeleri sergiledi\u011fi merak konusudur. Bilinmelidir ki halk\u0131m\u0131z art\u0131k kavga ve g\u00fcr\u00fclt\u00fcye de\u011fil; 75 milyona y\u00f6nelik sevgi ve karde\u015flik projelerine itibar etmektedir.&#8221;<\/p>\n<p style=\"text-align: justify;\"><a href=\"http:\/\/www.cnnturk.com\/2011\/turkiye\/04\/01\/gulenden.isa.gok.ve.bahceliye.yanit\/611907.0\/index.html\" target=\"_blank\"><span style=\"color: #888888;\">Kaynak : CNN T\u00dcRK<\/span><\/a><\/p>\n","protected":false},"excerpt":{"rendered":"<p style=\"text-align: center;\">\n<p style=\"text-align: justify;\">Fethullah G\u00fclen&#8217;in avukat\u0131 Orhan Erdemli, G\u00fclen&#8217;in &#8220;kanun ve me\u015fruiyet d\u0131\u015f\u0131na \u00e7\u0131kan hi\u00e7bir hareketi icra etmesinin, desteklemesinin, yan\u0131nda yer almas\u0131n\u0131n, onaylamas\u0131n\u0131n m\u00fcmk\u00fcn olmad\u0131\u011f\u0131n\u0131&#8221; belirtti.<\/p>\n","protected":false},"author":1,"featured_media":0,"comment_status":"open","ping_status":"closed","sticky":false,"template":"","format":"standard","meta":{"footnotes":""},"categories":[105],"tags":[],"class_list":["post-30104","post","type-post","status-publish","format-standard","hentry","category-gundem","odd"],"_links":{"self":[{"href":"http:\/\/www.korhanyilmaz.com\/index.php?rest_route=\/wp\/v2\/posts\/30104","targetHints":{"allow":["GET"]}}],"collection":[{"href":"http:\/\/www.korhanyilmaz.com\/index.php?rest_route=\/wp\/v2\/posts"}],"about":[{"href":"http:\/\/www.korhanyilmaz.com\/index.php?rest_route=\/wp\/v2\/types\/post"}],"author":[{"embeddable":true,"href":"http:\/\/www.korhanyilmaz.com\/index.php?rest_route=\/wp\/v2\/users\/1"}],"replies":[{"embeddable":true,"href":"http:\/\/www.korhanyilmaz.com\/index.php?rest_route=%2Fwp%2Fv2%2Fcomments&post=30104"}],"version-history":[{"count":0,"href":"http:\/\/www.korhanyilmaz.com\/index.php?rest_route=\/wp\/v2\/posts\/30104\/revisions"}],"wp:attachment":[{"href":"http:\/\/www.korhanyilmaz.com\/index.php?rest_route=%2Fwp%2Fv2%2Fmedia&parent=30104"}],"wp:term":[{"taxonomy":"category","embeddable":true,"href":"http:\/\/www.korhanyilmaz.com\/index.php?rest_route=%2Fwp%2Fv2%2Fcategories&post=30104"},{"taxonomy":"post_tag","embeddable":true,"href":"http:\/\/www.korhanyilmaz.com\/index.php?rest_route=%2Fwp%2Fv2%2Ftags&post=30104"}],"curies":[{"name":"wp","href":"https:\/\/api.w.org\/{rel}","templated":true}]}}