{"id":30099,"date":"2011-04-01T19:02:44","date_gmt":"2011-04-01T16:02:44","guid":{"rendered":"http:\/\/www.korhanyilmaz.com\/?p=30099"},"modified":"2011-04-01T19:02:44","modified_gmt":"2011-04-01T16:02:44","slug":"direnme-hakkimizi-kullanacagiz","status":"publish","type":"post","link":"http:\/\/www.korhanyilmaz.com\/?p=30099","title":{"rendered":"&#8220;Direnme hakk\u0131m\u0131z\u0131 kullanaca\u011f\u0131z&#8221;"},"content":{"rendered":"<p style=\"text-align: justify;\"><a href=\"http:\/\/www.korhanyilmaz.com\/wp-content\/uploads\/2011\/04\/422.jpg\"  class=\"lightview\"><img loading=\"lazy\" decoding=\"async\" class=\"aligncenter size-full wp-image-30100\" src=\"http:\/\/www.korhanyilmaz.com\/wp-content\/uploads\/2011\/04\/422.jpg\" alt=\"\" width=\"449\" height=\"231\" \/><\/a><\/p>\n<p style=\"text-align: justify;\">\u0130stanbul Barosu Ba\u015fkan\u0131 \u00dcmit Kocasakal, &#8221;Bas\u0131lmam\u0131\u015f kitaba ve avukata bask\u0131n\u0131, bask\u0131y\u0131 k\u0131n\u0131yoruz. Arama ve el koyma birer koruma tedbiri olup, bu y\u00f6ndeki kararlar mahkemelere verilmi\u015f ve i\u00e7ini istedikleri gibi doldurabilecekleri birer a\u00e7\u0131k \u00e7ek de\u011fildir. Bu gibi kararlar, somut olgu ve gerek\u00e7elere dayanmal\u0131d\u0131r&#8221; dedi. <!--more--><\/p>\n<p style=\"text-align: justify;\">&#8221;D\u00fc\u015f\u00fcnce Su\u00e7una Kar\u015f\u0131 Giri\u015fim&#8221; i\u00e7inde yer alan m\u00fczisyen \u015eanar Yurdatapan, &#8216;Ahmet \u015e\u0131k&#8217;\u0131n &#8221;\u0130mam\u0131n Ordusu&#8221; adl\u0131 kitap tasla\u011f\u0131n\u0131n bir \u00f6rne\u011fini elektronik posta yoluyla \u0130stanbul Cumhuriyet Ba\u015fsavc\u0131l\u0131\u011f\u0131na g\u00f6ndererek kendini ihbar etti. Yurdatapan sivil itaatsizlik \u00e7a\u011fr\u0131s\u0131 yapt\u0131.<\/p>\n<p style=\"text-align: justify;\">\u0130STANBUL &#8211; \u0130stanbul Barosu Ba\u015fkan\u0131 \u00dcmit Kocasakal, \u0130stanbul Barosunda d\u00fczenledi\u011fi bas\u0131n toplant\u0131s\u0131nda, &#8221;Ergenekon&#8221; soru\u015fturmas\u0131 kapsam\u0131nda tutuklanan gazeteci Ahmet \u015e\u0131k&#8217;\u0131n hen\u00fcz yay\u0131mlanmam\u0131\u015f, taslak halindeki &#8221;\u0130mam\u0131n Ordusu&#8221; isimli kitab\u0131 ile ilgili olarak yay\u0131nevlerine, birtak\u0131m gazetelere ve gazeteciler ile avukatlara bask\u0131nlar d\u00fczenlendi\u011fini, aramalar yap\u0131ld\u0131\u011f\u0131n\u0131 ve birtak\u0131m n\u00fcshalara el konuldu\u011funu s\u00f6yledi.<\/p>\n<p style=\"text-align: justify;\">Kocasakal, &#8221;Bas\u0131lmam\u0131\u015f kitaba ve avukata bask\u0131n\u0131, bask\u0131y\u0131 k\u0131n\u0131yoruz. Arama ve el koyma birer koruma tedbiri olup, bu y\u00f6ndeki kararlar mahkemelere verilmi\u015f ve i\u00e7ini istedikleri gibi doldurabilecekleri birer a\u00e7\u0131k \u00e7ek de\u011fildir. Bu gibi kararlar, somut olgu ve gerek\u00e7elere dayanmal\u0131d\u0131r&#8221; dedi.<\/p>\n<p style=\"text-align: justify;\">Hen\u00fcz bas\u0131lmam\u0131\u015f bir kitap tasla\u011f\u0131na, bas\u0131laca\u011f\u0131 varsay\u0131m\u0131 ile el konulmas\u0131n\u0131n niyetin cezaland\u0131r\u0131lmas\u0131 oldu\u011funu savunan Kocasakal, s\u00f6zlerini \u015f\u00f6yle s\u00fcrd\u00fcrd\u00fc:<\/p>\n<p style=\"text-align: justify;\">&#8221;Bu durumda art\u0131k hen\u00fcz kitap haline gelmemi\u015f, aleniyete kavu\u015fmam\u0131\u015f her t\u00fcrl\u00fc yaz\u0131ya, nota bu \u015fekilde el konulabilecek, bu vesileyle aramalar yap\u0131labilecektir. Art\u0131k d\u00fc\u015f\u00fcncelere ve ihtimallere el konulmas\u0131n\u0131n \u00f6n\u00fc a\u00e7\u0131lmaktad\u0131r. Bundan daha endi\u015fe verici olan ise kanuna ayk\u0131r\u0131 olarak ayn\u0131 i\u015flemlerin avukat meslekta\u015flar\u0131m\u0131za kar\u015f\u0131 y\u00f6neltilmesi ve ilgililere tebli\u011f edilen savc\u0131l\u0131k talimat yaz\u0131s\u0131d\u0131r. Bu talimat yaz\u0131s\u0131nda avukatlara da eldeki n\u00fcshalar\u0131n verilmemesi halinde bunlar\u0131 temini i\u00e7in arama ve el koyma kararlar\u0131 talep edilece\u011fi, aksine davran\u0131\u015flar\u0131n \u00f6rg\u00fcte yard\u0131m su\u00e7unun olu\u015faca\u011f\u0131 bildirilmi\u015ftir. Bu uygulama kanuna ayk\u0131r\u0131 oldu\u011fu gibi avukata y\u00f6nelik a\u00e7\u0131k ve c\u00fcretkar bir sald\u0131r\u0131d\u0131r.<\/p>\n<p style=\"text-align: justify;\">Kollu\u011fun yap\u0131lan i\u015flemlerdeki tek dayana\u011f\u0131n\u0131, g\u00f6revinin i\u00e7erik ve s\u0131n\u0131r\u0131 an\u0131lan hakimlik karar\u0131 olu\u015fturmaktad\u0131r. Savc\u0131n\u0131n mahkeme karar\u0131na ek veya onun yerine ge\u00e7ecek ya da karar\u0131n a\u00e7\u0131klamas\u0131 mahiyetinde bu \u015fekilde bir talimat verme hakk\u0131, g\u00f6revi ve yetkisi bulunmamaktad\u0131r. Bu a\u00e7\u0131k\u00e7a bir yetki gasb\u0131d\u0131r. Savc\u0131l\u0131k makam\u0131 hangi fiilin ne su\u00e7unu olu\u015fturaca\u011f\u0131n\u0131 belirleyebilecek g\u00f6rev ve yetkiye sahip de\u011fildir. \u00dcstelik talimatta belirtildi\u011fi \u015fekilde, yap\u0131lacak olas\u0131 bir arama ve el koyma talebinin kabul g\u00f6rece\u011finden nas\u0131l bu denli emin olunabildi\u011fi de ciddi bir soru i\u015faretidir. Talimatname bu y\u00f6n\u00fcyle esasen bir &#8216;tehditname&#8217; oldu\u011fu gibi, mahkemeye ve onun karar\u0131na kar\u015f\u0131 da bir sayg\u0131s\u0131zl\u0131k olu\u015fturmaktad\u0131r.&#8221;<\/p>\n<p style=\"text-align: justify;\">\u0130stanbul Barosunun buna sessiz ve seyirci kalmayaca\u011f\u0131n\u0131 vurgulayan Kocasakal, mesle\u011fe ve meslekta\u015fa y\u00f6nelik bu gibi sald\u0131r\u0131lara kar\u015f\u0131 t\u00fcm me\u015fru direnme ve savunma haklar\u0131n\u0131n kullanacaklar\u0131n\u0131 belirtti.<\/p>\n<p style=\"text-align: justify;\"><strong>HSYK KARARNAMES\u0130<\/strong><\/p>\n<p style=\"text-align: justify;\">A\u00e7\u0131klaman\u0131n ard\u0131ndan bir gazetecinin, Hakimler ve Savc\u0131lar Y\u00fcksek Kurulunun (HSYK) son kararnamesine ili\u015fkin sorusuna Kocasakal, son olu\u015fan HSYK&#8217;n\u0131n art\u0131k g\u00fcven vermekten uzak bir yap\u0131 arz etti\u011fini, ba\u011f\u0131ms\u0131zl\u0131\u011f\u0131 konusunda ciddi \u015f\u00fcpheler ta\u015f\u0131yan bir kurum haline geldi\u011fini \u00f6ne s\u00fcrd\u00fc.<\/p>\n<p style=\"text-align: justify;\">Son yap\u0131lan atamalar ve uygulamalar\u0131n da b\u00fct\u00fcn ku\u015fkular\u0131n\u0131 teyit etti\u011fini belirten Kocasakal, \u015funlar\u0131 kaydetti:<\/p>\n<p style=\"text-align: justify;\">&#8221;\u00d6rne\u011fin \u015fimdi birinci s\u0131n\u0131fa ayr\u0131lmam\u0131\u015f bir savc\u0131n\u0131n ba\u015fsavc\u0131vekilli\u011fine getirilmesi \u00e7ok g\u00f6r\u00fclm\u00fc\u015f bir uygulama de\u011fildir. O zaman hangi objektif kriterlere g\u00f6re bu atamalar yap\u0131lm\u0131\u015ft\u0131r. Bu vesileyle \u015funu da s\u00f6ylemek istiyorum, \u00f6zel yetkili savc\u0131l\u0131k, s\u0131n\u0131rs\u0131z yetkili savc\u0131l\u0131k demek de\u011fildir.<\/p>\n<p style=\"text-align: justify;\">Maalesef bug\u00fcn \u00f6zel yetkili mahkemeler ve savc\u0131l\u0131klar, eski Devlet G\u00fcvenlik Mahkemelerini aratacak konuma gelmi\u015ftir. \u00d6zellikle \u0130stanbul \u00d6zel Yetkili A\u011f\u0131r Ceza Savc\u0131l\u0131\u011f\u0131 ve mahkemesi deyim yerindeyse kendisini T\u00fcrkiye Ba\u015fsavc\u0131l\u0131\u011f\u0131 veya mahkemesi olarak g\u00f6rmektedir. Bu y\u00fczden \u00f6zel yetkili mahkemeler derhal kald\u0131r\u0131lmal\u0131d\u0131r.&#8221;<\/p>\n<p style=\"text-align: justify;\"><a href=\"http:\/\/www.gazeteport.com.tr\/GUNCEL\/NEWS\/GP_880011\" target=\"_blank\">Kaynak : GAZETEPORT<\/a><\/p>\n","protected":false},"excerpt":{"rendered":"<p style=\"text-align: justify;\">\n<p style=\"text-align: justify;\">\u0130stanbul Barosu Ba\u015fkan\u0131 \u00dcmit Kocasakal, &#8221;Bas\u0131lmam\u0131\u015f kitaba ve avukata bask\u0131n\u0131, bask\u0131y\u0131 k\u0131n\u0131yoruz. Arama ve el koyma birer koruma tedbiri olup, bu y\u00f6ndeki kararlar mahkemelere verilmi\u015f ve i\u00e7ini istedikleri gibi doldurabilecekleri birer a\u00e7\u0131k \u00e7ek de\u011fildir. Bu gibi kararlar, somut olgu ve gerek\u00e7elere dayanmal\u0131d\u0131r&#8221; dedi. <\/p>\n","protected":false},"author":1,"featured_media":0,"comment_status":"open","ping_status":"closed","sticky":false,"template":"","format":"standard","meta":{"footnotes":""},"categories":[105],"tags":[],"class_list":["post-30099","post","type-post","status-publish","format-standard","hentry","category-gundem","odd"],"_links":{"self":[{"href":"http:\/\/www.korhanyilmaz.com\/index.php?rest_route=\/wp\/v2\/posts\/30099","targetHints":{"allow":["GET"]}}],"collection":[{"href":"http:\/\/www.korhanyilmaz.com\/index.php?rest_route=\/wp\/v2\/posts"}],"about":[{"href":"http:\/\/www.korhanyilmaz.com\/index.php?rest_route=\/wp\/v2\/types\/post"}],"author":[{"embeddable":true,"href":"http:\/\/www.korhanyilmaz.com\/index.php?rest_route=\/wp\/v2\/users\/1"}],"replies":[{"embeddable":true,"href":"http:\/\/www.korhanyilmaz.com\/index.php?rest_route=%2Fwp%2Fv2%2Fcomments&post=30099"}],"version-history":[{"count":0,"href":"http:\/\/www.korhanyilmaz.com\/index.php?rest_route=\/wp\/v2\/posts\/30099\/revisions"}],"wp:attachment":[{"href":"http:\/\/www.korhanyilmaz.com\/index.php?rest_route=%2Fwp%2Fv2%2Fmedia&parent=30099"}],"wp:term":[{"taxonomy":"category","embeddable":true,"href":"http:\/\/www.korhanyilmaz.com\/index.php?rest_route=%2Fwp%2Fv2%2Fcategories&post=30099"},{"taxonomy":"post_tag","embeddable":true,"href":"http:\/\/www.korhanyilmaz.com\/index.php?rest_route=%2Fwp%2Fv2%2Ftags&post=30099"}],"curies":[{"name":"wp","href":"https:\/\/api.w.org\/{rel}","templated":true}]}}