{"id":30094,"date":"2011-04-01T15:56:38","date_gmt":"2011-04-01T12:56:38","guid":{"rendered":"http:\/\/www.korhanyilmaz.com\/?p=30094"},"modified":"2011-04-01T15:56:38","modified_gmt":"2011-04-01T12:56:38","slug":"bu-gidise-bir-dur-demek-lazim","status":"publish","type":"post","link":"http:\/\/www.korhanyilmaz.com\/?p=30094","title":{"rendered":"&#8216;Bu gidi\u015fe bir dur demek laz\u0131m&#8217;"},"content":{"rendered":"<p style=\"text-align: center;\"><a href=\"http:\/\/www.korhanyilmaz.com\/wp-content\/uploads\/2011\/04\/421.jpg\"  class=\"lightview\"><img loading=\"lazy\" decoding=\"async\" class=\"aligncenter size-full wp-image-30095\" src=\"http:\/\/www.korhanyilmaz.com\/wp-content\/uploads\/2011\/04\/421.jpg\" alt=\"\" width=\"331\" height=\"248\" \/><\/a><\/p>\n<p style=\"text-align: justify;\">MHP Genel Ba\u015fkan\u0131 Devlet Bah\u00e7eli, &#8221;Diyorlar ki &#8216;Nas\u0131l olsa devletiz, elimizde imkan var, devleti biz y\u00f6netiyoruz. \u00d6yleyse istedi\u011fimiz \u015fekilde milleti aldat\u0131r\u0131z, kand\u0131r\u0131r, oyunu al\u0131r, Ortado\u011fu&#8217;da sultan, T\u00fcrkiye&#8217;de padi\u015fah, okyanus \u00f6tesinde de teslimiyet\u00e7i politika uygular\u0131z. Buna bir &#8216;dur&#8217; demek laz\u0131m. Buna &#8216;dur&#8217; demenin yolu 12 Haziran se\u00e7imleridir&#8221; dedi.<!--more--><\/p>\n<p style=\"text-align: justify;\">Emirda\u011f- Afyonkarahisar&#8217;\u0131n Emirda\u011f il\u00e7esinde halka hitap eden MHP Genel Ba\u015fkan\u0131 Devlet Bah\u00e7eli, T\u00fcrkiye i\u00e7in \u00f6nemli olan 12 Haziran se\u00e7imlerine kat\u0131l\u0131m\u0131n y\u00fcksek olmas\u0131 i\u00e7in herkesin sand\u0131\u011fa gitmesi gerekti\u011fini kaydetti. Bah\u00e7eli, T\u00fcrkiye&#8217;nin \u00e7ok b\u00fcy\u00fck i\u00e7 ve d\u0131\u015f tehditle kar\u015f\u0131 kar\u015f\u0131ya oldu\u011funu ifade ederek, &#8221;Y\u0131llardan bu yana devam eden etnik temelli b\u00f6l\u00fcc\u00fc faaliyetler h\u0131z kazanm\u0131\u015f ve bug\u00fcn \u00fclkemizin bir\u00e7ok b\u00f6lgesinde, \u00f6zellikle de G\u00fcneydo\u011fu Anadolu B\u00f6lgesi&#8217;nde ayaklanma provalar\u0131n\u0131n s\u0131k\u00e7a tekrarland\u0131\u011f\u0131 bir T\u00fcrkiye g\u00f6r\u00fcnt\u00fcs\u00fc ortaya \u00e7\u0131km\u0131\u015ft\u0131r&#8221; ifadelerini kulland\u0131.<\/p>\n<p style=\"text-align: justify;\">G\u00fcneydo\u011fu Anadolu B\u00f6lgesi&#8217;nde k\u00fc\u00e7\u00fck bir devlet\u00e7i\u011fin kurulmas\u0131ndan s\u00f6z edildi\u011fini kaydeden Bah\u00e7eli, \u015f\u00f6yle konu\u015ftu: &#8221;G\u00fcneydo\u011fu&#8217;da &#8216;iki dilli hayattan, demokratik \u00f6zerklikten, federasyondan, konfederasyondan&#8217; bahsediliyor. Ba\u011f\u0131ms\u0131z bir devlet\u00e7i\u011fin kurulmas\u0131 g\u00fcndeme ta\u015f\u0131n\u0131yor. Bug\u00fcnk\u00fc siyasi iktidar\u0131n teslimiyet\u00e7i ve tavizkar politikas\u0131ndan da cesaret al\u0131yorlar. Ama bu b\u00f6l\u00fcc\u00fc faaliyetin yan\u0131nda g\u00f6zden ka\u00e7\u0131r\u0131lan \u00f6nemli bir konu ise \u00fclkemizin kar\u015f\u0131 kar\u015f\u0131ya kald\u0131\u011f\u0131 sosyal ve ekonomik sorunlard\u0131r.&#8221;<\/p>\n<p style=\"text-align: justify;\">Bah\u00e7eli, televizyon programlar\u0131na &#8221;demokratik a\u00e7\u0131l\u0131mlardan, \u00f6zg\u00fcrl\u00fckten, ileri demokrasiden&#8221; yana belli kal\u0131ptaki insanlar\u0131n \u00e7\u0131kart\u0131larak T\u00fcrkiye&#8217;nin zihninin karmakar\u0131\u015f\u0131k edildi\u011fini savunarak, ger\u00e7eklerin saklan\u0131r hale geldi\u011fini \u00f6ne s\u00fcrd\u00fc. T\u00fcrkiye&#8217;nin \u00f6rt\u00fclmeye \u00e7al\u0131\u015f\u0131lan sosyo-ekonomik konular\u0131n\u0131n ba\u015f\u0131nda i\u015fsizlik ve yoksullu\u011fun geldi\u011fini anlatan Bah\u00e7eli, &#8221;\u0130\u015fsizli\u011fi en fazla ya\u015fayan il\u00e7elerin biri de Afyonkarahisar&#8217;\u0131n Emirda\u011f il\u00e7esidir. Bug\u00fcn Avrupa&#8217;da, Bel\u00e7ika&#8217;da, Br\u00fcksel&#8217;de Emirda\u011f il\u00e7e n\u00fcfusunun kat kat \u00fcst\u00fcnde insan, g\u00f6\u00e7 etmek zorunda kalm\u0131\u015ft\u0131r&#8221; dedi.<\/p>\n<p style=\"text-align: justify;\"><strong>&#8216;Ortado\u011fu&#8217;da sultan, T\u00fcrkiye&#8217;de padi\u015fah&#8217; <\/strong><\/p>\n<p style=\"text-align: justify;\">Genel ve yerel se\u00e7imler \u00f6ncesi Sosyal Yard\u0131mla\u015fma ve Dayan\u0131\u015fma Vakf\u0131 arac\u0131l\u0131\u011f\u0131 ile yap\u0131lan yard\u0131mlar\u0131n artt\u0131\u011f\u0131n\u0131 ifade eden Bah\u00e7eli, s\u00f6zlerini \u015f\u00f6yle s\u00fcrd\u00fcrd\u00fc: &#8221;Da\u011f\u0131t\u0131lan yard\u0131mlar vatanda\u015flar\u0131n verdi\u011fi vergilerle elde ediliyor ve geri size da\u011f\u0131t\u0131l\u0131yor. De\u011filse babalar\u0131n\u0131n paras\u0131n\u0131 m\u0131 veriyorlar? Bu se\u00e7imler \u00f6ncesi de ayn\u0131 haz\u0131rl\u0131\u011f\u0131 yap\u0131yorlar. Diyorlar ki &#8216;Nas\u0131l olsa devletiz, elimizde imkan var, devleti biz y\u00f6netiyoruz. \u00d6yleyse istedi\u011fimiz \u015fekilde milleti aldat\u0131r\u0131z, kand\u0131r\u0131r, oyunu al\u0131r, Ortado\u011fu&#8217;da Sultan, T\u00fcrkiye&#8217;de Padi\u015fah, okyanus \u00f6tesinde de teslimiyet\u00e7i politika uygular\u0131z.&#8217; Buna bir &#8216;dur&#8217; demek laz\u0131m. Buna &#8216;dur&#8217; demenin yolu 12 Haziran se\u00e7imleridir.&#8221;<\/p>\n<p style=\"text-align: justify;\">H\u00fck\u00fcmet&#8217;in y\u0131prand\u0131\u011f\u0131n\u0131, yoruldu\u011funu; ge\u00e7imini devletin ve milletin s\u0131rt\u0131na y\u00fckledi\u011fini ileri s\u00fcren Bah\u00e7eli, &#8221;Bu iktidara oy verenler yoksul, iktidar\u0131 y\u00f6netenler ise varl\u0131k sahibidir. D\u00fcn at arabas\u0131 yokken bug\u00fcn s\u0131ra s\u0131ra araba, s\u0131ra s\u0131ra villa sahibi olmu\u015flard\u0131r&#8221; diye konu\u015ftu. Bah\u00e7eli, MHP&#8217;nin iktidara gelmesiyle t\u00fcm yolsuzluklar\u0131n hesab\u0131n\u0131n sorulaca\u011f\u0131n\u0131 s\u00f6zlerine ekledi. Daha sonra Di\u015fli beldesi ile Bolvadin il\u00e7e belediyelerini ziyaret eden Bah\u00e7eli, \u00e7al\u0131\u015fmalar hakk\u0131nda bilgi ald\u0131.<\/p>\n<p style=\"text-align: justify;\"><a href=\"http:\/\/www.cumhuriyet.com.tr\/?kn=6&amp;hn=229988\" target=\"_blank\">Kaynak : Cumhuriyet Haber Portal\u0131<\/a><\/p>\n","protected":false},"excerpt":{"rendered":"<p style=\"text-align: center;\">\n<p style=\"text-align: justify;\">MHP Genel Ba\u015fkan\u0131 Devlet Bah\u00e7eli, &#8221;Diyorlar ki &#8216;Nas\u0131l olsa devletiz, elimizde imkan var, devleti biz y\u00f6netiyoruz. \u00d6yleyse istedi\u011fimiz \u015fekilde milleti aldat\u0131r\u0131z, kand\u0131r\u0131r, oyunu al\u0131r, Ortado\u011fu&#8217;da sultan, T\u00fcrkiye&#8217;de padi\u015fah, okyanus \u00f6tesinde de teslimiyet\u00e7i politika uygular\u0131z. Buna bir &#8216;dur&#8217; demek laz\u0131m. Buna &#8216;dur&#8217; demenin yolu 12 Haziran se\u00e7imleridir&#8221; dedi.<\/p>\n","protected":false},"author":1,"featured_media":0,"comment_status":"open","ping_status":"closed","sticky":false,"template":"","format":"standard","meta":{"footnotes":""},"categories":[105],"tags":[],"class_list":["post-30094","post","type-post","status-publish","format-standard","hentry","category-gundem","odd"],"_links":{"self":[{"href":"http:\/\/www.korhanyilmaz.com\/index.php?rest_route=\/wp\/v2\/posts\/30094","targetHints":{"allow":["GET"]}}],"collection":[{"href":"http:\/\/www.korhanyilmaz.com\/index.php?rest_route=\/wp\/v2\/posts"}],"about":[{"href":"http:\/\/www.korhanyilmaz.com\/index.php?rest_route=\/wp\/v2\/types\/post"}],"author":[{"embeddable":true,"href":"http:\/\/www.korhanyilmaz.com\/index.php?rest_route=\/wp\/v2\/users\/1"}],"replies":[{"embeddable":true,"href":"http:\/\/www.korhanyilmaz.com\/index.php?rest_route=%2Fwp%2Fv2%2Fcomments&post=30094"}],"version-history":[{"count":0,"href":"http:\/\/www.korhanyilmaz.com\/index.php?rest_route=\/wp\/v2\/posts\/30094\/revisions"}],"wp:attachment":[{"href":"http:\/\/www.korhanyilmaz.com\/index.php?rest_route=%2Fwp%2Fv2%2Fmedia&parent=30094"}],"wp:term":[{"taxonomy":"category","embeddable":true,"href":"http:\/\/www.korhanyilmaz.com\/index.php?rest_route=%2Fwp%2Fv2%2Fcategories&post=30094"},{"taxonomy":"post_tag","embeddable":true,"href":"http:\/\/www.korhanyilmaz.com\/index.php?rest_route=%2Fwp%2Fv2%2Ftags&post=30094"}],"curies":[{"name":"wp","href":"https:\/\/api.w.org\/{rel}","templated":true}]}}